{"id":2227,"date":"2011-08-09T16:52:50","date_gmt":"2011-08-09T16:52:50","guid":{"rendered":"http:\/\/www2.nasaacin.org\/index.php\/2011\/08\/09\/santos-un-ano-profundizando-el-neoliberalismo\/"},"modified":"2011-08-09T16:52:50","modified_gmt":"2011-08-09T16:52:50","slug":"santos-un-ano-profundizando-el-neoliberalismo","status":"publish","type":"post","link":"https:\/\/tejidohistorico.afrodescendientes.com\/index.php\/2011\/08\/09\/santos-un-ano-profundizando-el-neoliberalismo\/","title":{"rendered":"Santos: un a\u00f1o profundizando el neoliberalismo"},"content":{"rendered":"<p \/>Los grandes medios de comunicaci\u00f3n han sido prol\u00edficos en balances y medir la favorabilidad del presidente Juan Manuel Santos. Al cumplir un a\u00f1o de esta Administraci\u00f3n es imperativo que los ciudadanos hagamos el mismo ejercicio. Las corporaciones de las comunicaciones no son objetivas, porque sus intereses corresponden a los de sus grupos econ\u00f3micos, principales beneficiarios de las pol\u00edticas que determina el gobierno; es la raz\u00f3n de la ideologizaci\u00f3n de la informaci\u00f3n que se traduce en manipulaci\u00f3n y alienaci\u00f3n.  <!--more-->  <br \/>El \u00faltimo gobierno del ex presidente Uribe convirti\u00f3 a Colombia en un campo de confrontaci\u00f3n que permiti\u00f3 inimaginables alianzas: su actitud impositiva, casi dictatorial, pendenciera y enga\u00f1osa, que quiso manejar el pa\u00eds como si fuera su hacienda \u201cEl Ub\u00e9rrimo\u201d; el escabroso entorno del cual se hizo rodear, de quienes hay varios procesados por la justicia; la parapol\u00edtica; los ajusticiamientos de inocentes que hicieron pasar por guerrilleros muertos en combate; los focos de corrupci\u00f3n; y la aplicaci\u00f3n severa del modelo neoliberal, fueron factores que hicieron confluir a muchos sectores pol\u00edticos, sociales y hasta empresariales para cortar el camino a la tercera elecci\u00f3n de Uribe, grave amenaza para el pa\u00eds.<\/p>\n<p>En esa oposici\u00f3n al gobierno de Uribe se pudieron identificar, en algunos casos con m\u00e1s claridad, los tipos de inter\u00e9s que defend\u00edan: unos buscaban respeto al establecimiento debido al resquebrajamiento institucional; otros porque se sintieron afectados en su patrimonio o posici\u00f3n econ\u00f3mica, pol\u00edtica y social; algunos defend\u00edan el Estado Social de Derecho; y muchos otros, los m\u00e1s, eran los golpeados por un modelo econ\u00f3mico neoliberal que cada d\u00eda concentra las riquezas en unos pocos, mientras casi el cincuenta por ciento de la poblaci\u00f3n se encuentra entre la miseria y la pobreza, v\u00edctimas del desempleo estructural, la iniquidad, la venta de las empresas estatales constitutivas del patrimonio nacional, el arrasamiento del aparato productivo y la privatizaci\u00f3n de los m\u00e1s elementales derechos fundamentales.<\/p>\n<p>Estados Unidos \u2013que decide realmente quien gobierna a Colombia- toma nota del crecimiento de la oposici\u00f3n y el clamor anti gringo, por lo cual decide desechar la segunda reelecci\u00f3n de Uribe y dirige sus esfuerzos a buscar \u201csu presidente\u201d, que si bien pueda resolver con autonom\u00eda algunas cosas secundarias, sea el garante de sus intereses en las corporaciones y trasnacionales; esto es: confianza inversionista, seguridad democr\u00e1tica y cohesi\u00f3n social, pol\u00edticas que sintetizan las necesidades del imperialismo norteamericano, de llevarse de Colombia sus materias primas, incluida la mano de obra barata, y de apoderarse del mercado interno, no s\u00f3lo en la industria y el agro, sino tambi\u00e9n en bienes y servicios, lo que se traduce en la comercializaci\u00f3n de los derechos esenciales.<\/p>\n<p>Fue as\u00ed como Estados Unidos llega a la conclusi\u00f3n que la persona ideal era Juan Manuel Santos, ex ministro de Defensa de Uribe, quien adem\u00e1s hizo parte de los gobierno de Gaviria, Samper y Pastrana; es decir, un neoliberal confeso cuyo principal discurso fue defenderle los tres huevitos a Uribe; Santos, como en los tiempos del Frente Nacional, se engulle a todo el mundo con la Unidad Nacional, incluidos quienes salieron paso a paso de la izquierda, donde se sent\u00edan inc\u00f3modos, hasta llegar a la derecha neoliberal.<\/p>\n<p>Consolidar la salud como negocio, criminalizar la protesta social, vender a Ecopetrol, quitarle recursos a las regiones para guardarlos en fondos manejados por especuladores financieros, comercializar la educaci\u00f3n superior, entregar el mercado interno con los TLC, ampliar las concesiones de recursos minero &#8211; energ\u00e9ticos y hasta de los r\u00edos, entre muchas otras, hacen parte de pol\u00edticas de exacci\u00f3n al pa\u00eds y a los colombianos.<\/p>\n<p>Mientras esto ocurre, los grandes medios de comunicaci\u00f3n hacen lo indecible por elevar la favorabilidad del presidente Santos; en el \u00faltimo sondeo lleg\u00f3 al 71% la aprobaci\u00f3n de su gesti\u00f3n, -lo peor es que no destacan que ya hay 28% de colombianos insatisfechos-, s\u00f3lo 50% piensa que el pa\u00eds \u201cva por buen camino\u201d, 45% se pronuncia contra el desempleo y el 55% dijo que el manejo de la econom\u00eda es \u201cmala o muy mala\u201d. \u00a1No hay mal que dure cien a\u00f1os y el neoliberalismo es uno de los grandes males del mundo!<\/p>\n<p><strong>Jos\u00e9 Arlex Arias Arias, La Verdad, Cartagena, agosto 8 de 2011<\/strong><\/p>\n","protected":false},"excerpt":{"rendered":"<p>Los grandes medios de comunicaci\u00f3n han sido prol\u00edficos en balances y medir la favorabilidad del presidente Juan Manuel Santos. Al cumplir un a\u00f1o de esta Administraci\u00f3n es imperativo que los ciudadanos hagamos [&hellip;]<\/p>\n","protected":false},"author":2,"featured_media":0,"comment_status":"open","ping_status":"open","sticky":false,"template":"","format":"standard","meta":[],"categories":[75],"tags":[],"_links":{"self":[{"href":"https:\/\/tejidohistorico.afrodescendientes.com\/index.php\/wp-json\/wp\/v2\/posts\/2227"}],"collection":[{"href":"https:\/\/tejidohistorico.afrodescendientes.com\/index.php\/wp-json\/wp\/v2\/posts"}],"about":[{"href":"https:\/\/tejidohistorico.afrodescendientes.com\/index.php\/wp-json\/wp\/v2\/types\/post"}],"author":[{"embeddable":true,"href":"https:\/\/tejidohistorico.afrodescendientes.com\/index.php\/wp-json\/wp\/v2\/users\/2"}],"replies":[{"embeddable":true,"href":"https:\/\/tejidohistorico.afrodescendientes.com\/index.php\/wp-json\/wp\/v2\/comments?post=2227"}],"version-history":[{"count":0,"href":"https:\/\/tejidohistorico.afrodescendientes.com\/index.php\/wp-json\/wp\/v2\/posts\/2227\/revisions"}],"wp:attachment":[{"href":"https:\/\/tejidohistorico.afrodescendientes.com\/index.php\/wp-json\/wp\/v2\/media?parent=2227"}],"wp:term":[{"taxonomy":"category","embeddable":true,"href":"https:\/\/tejidohistorico.afrodescendientes.com\/index.php\/wp-json\/wp\/v2\/categories?post=2227"},{"taxonomy":"post_tag","embeddable":true,"href":"https:\/\/tejidohistorico.afrodescendientes.com\/index.php\/wp-json\/wp\/v2\/tags?post=2227"}],"curies":[{"name":"wp","href":"https:\/\/api.w.org\/{rel}","templated":true}]}}