{"id":2235,"date":"2011-08-11T15:44:46","date_gmt":"2011-08-11T15:44:46","guid":{"rendered":"http:\/\/www2.nasaacin.org\/index.php\/2011\/08\/11\/choco-indigenas-embera-katio-victimas-de-desaparicion-forzada\/"},"modified":"2011-08-11T15:44:46","modified_gmt":"2011-08-11T15:44:46","slug":"choco-indigenas-embera-katio-victimas-de-desaparicion-forzada","status":"publish","type":"post","link":"https:\/\/tejidohistorico.afrodescendientes.com\/index.php\/2011\/08\/11\/choco-indigenas-embera-katio-victimas-de-desaparicion-forzada\/","title":{"rendered":"Choc\u00f3: Ind\u00edgenas Embera Kat\u00edo V\u00edctimas de Desaparici\u00f3n Forzada"},"content":{"rendered":"<p \/>La Asociaci\u00f3n de Cabildos Ind\u00edgenas del Choc\u00f3 OREWA, denuncia ante la opini\u00f3n p\u00fablica hechos de desaparici\u00f3n forzada a Ind\u00edgenas de la Etnia Embera Kat\u00edo de la Zona Carretera en el Municipio del Carmen de Atrato, Choc\u00f3.  <!--more-->  <br \/>El d\u00eda domingo 7 de agosto de 2011 al rededor de las 11:00 AM en el punto conocido como el 17, entre la comunidad de Abejero Resguardo de Abejero y la comunidad de las Toldas, Resguardo Ind\u00edgena de Capa-Lana, municipio del Carmen de Atrato, Choc\u00f3. Fue desaparecida la joven ind\u00edgena de la etnia Embera Kat\u00edo de 17 a\u00f1os de edad, Mar\u00eda Cecilia Bailar\u00edn Domic\u00f3, quien es madre de una menor de cuatro a\u00f1os de edad y se encontraba en estado de embarazo.<\/p>\n<p>El hecho se present\u00f3 cuando la madre de Cecilia Bailar\u00edn sali\u00f3 a realizar sus actividades econ\u00f3micas al r\u00edo Atrato. La joven se hab\u00eda quedado en la casa preparando el almuerzo\u00a0 para luego llev\u00e1rselo a su mam\u00e1 al lugar de trabajo. Despu\u00e9s del medio d\u00eda y al ver que Cecilia no llegaba con el almuerzo la madre se regres\u00f3 para la casa. Cuando lleg\u00f3 a la vivienda no encontr\u00f3 a su hija Cecilia, la busc\u00f3 en los alrededores pero no la encontr\u00f3. La madre junto a otros familiares continuaron la b\u00fasqueda y en el recorrido hallaron el rastro de huellas de alguien que hab\u00eda sido arrastrado hacia el r\u00edo. Seg\u00fan informaciones, algunos vecinos vieron a un hombre desconocido dirigirse hacia la vivienda de Cecilia Bailar\u00edn alrededor de las 10:30 de la ma\u00f1ana. En el momento de la desaparici\u00f3n Cecilia Bailar\u00edn tenia puesto una camiseta color blanco y una falda color verde. La guardia ind\u00edgena de la Zona Carretera desde el mismo domingo inici\u00f3 un recorrido de b\u00fasqueda por las comunidades cercanas, pero hasta el momento es incierto el paradero de la joven ind\u00edgena.<\/p>\n<p>Con este hecho ya son dos casos de desaparici\u00f3n los que se han presentado en la Zona Carretera, ya que a mediados del mes de Julio en la comunidad Ind\u00edgena de Ovejas municipio del Carmen de Atrato, fue desaparecido el joven Ind\u00edgena de la etnia Embera Kat\u00edo Ernesto Major\u00e9 de 16 a\u00f1os de edad. La guardia Ind\u00edgena a realizado varios recorridos de b\u00fasqueda pero hasta el momento tambi\u00e9n es incierto el paradero del joven Ind\u00edgena. Este hecho provoc\u00f3 el desplazamiento de 13 familias ind\u00edgenas de la comunidad de Ovejas hacia la ciudad de Quibd\u00f3 y otras comunidades Ind\u00edgenas de la Zona Carretera.\u00a0 <\/p>\n<p>Debido a esta preocupante situaci\u00f3n las comunidades Ind\u00edgenas de la Zona Carretera se han declarado en Asamblea permanente. Las comunidades Ind\u00edgenas est\u00e1n muy preocupadas por los constantes hechos de violencia que se han venido presentando e incrementando en los \u00faltimos meses; situaciones representadas en la presencia de grupos armados legales e ilegales, constantes retenes militares, impedimento para el libre tr\u00e1nsito de las comunidades Ind\u00edgenas en el territorio, desaparici\u00f3n forzada de\u00a0 2 j\u00f3venes ind\u00edgenas y el desplazamiento forzado de varias familias Ind\u00edgenas. Es alarmante que todos estos hechos de violencia sucedan en uno de los territorios con mayor presencia del Ej\u00e9rcito Nacional en el departamento del Choc\u00f3, ya que en el proceso de pavimentaci\u00f3n de la carretera Quibd\u00f3 \u2013 Medell\u00edn, el gobierno a enviado un gran n\u00famero fuerza p\u00fablica para custodiar las maquinarias y brindarles la seguridad a los encargados de dicha obra.<\/p>\n<p>Lo anterior se presenta un contexto de agresi\u00f3n contra los pueblos Ind\u00edgenas del Choc\u00f3, situaci\u00f3n que pareciera no tener fin. Las comunidades Ind\u00edgenas de la Zona Carretera desde a\u00f1os atr\u00e1s vienen denunciando numerosas agresiones de las que han sido v\u00edctimas, por ejemplo durante todo este tiempo la comunidad Ind\u00edgena de Abejero ha vivido el asedio de los grupos armados, que restringen la movilidad hacia las zonas de caza, siembra y pesca,\u00a0 la fuerte presencia de los grupos armados que quieren reclutar forzadamente a los j\u00f3venes y ni\u00f1os Ind\u00edgenas. El Constante asedio de los grupos armados contra las mujeres Ind\u00edgenas, debido a que cuando las mujeres van al r\u00edo a realizar diferentes actividades econ\u00f3micas y dom\u00e9sticas, son acechadas e intimidadas por miembros del Ej\u00e9rcito Nacional, quienes instalan sus campamentos al interior de las comunidades. Todo lo anterior evidencia la dif\u00edcil situaci\u00f3n a la que est\u00e1n siendo sometidas las comunidades Ind\u00edgenas a causa del conflicto armado y los \u201cproyectos de desarrollo\u201d que se adelantan en nuestros territorios.<\/p>\n<p>Una vez m\u00e1s denunciamos y rechazamos los constantes hechos de violencia y militarizaci\u00f3n de la que estamos siendo v\u00edctimas los Pueblos Ind\u00edgenas. De igual modo hacemos un llamado a todos los organismos de control, a las organizaciones de derechos humanos, a las organizaciones Ind\u00edgenas y a los medios de comunicaci\u00f3n para que nos ayuden a denunciar estos hechos de violencia que se vienen presentando en nuestros territorios. As\u00ed mismo se garanticen las medidas necesarias para la b\u00fasqueda de los dos j\u00f3venes desaparecidos y se tomen medidas frente al accionar de la fuerza p\u00fablica en nuestros territorios Ind\u00edgenas.<\/p>\n<p><strong>Consejo de Autoridades Ind\u00edgenas.<br \/>Asociaci\u00f3n de Cabildos Ind\u00edgenas Wounaan, Embera Kat\u00edo, Dovida, Cham\u00ed y Tule del departamento del Choc\u00f3 \u2013 OREWA.<br \/><\/strong><br \/>Quibd\u00f3 Choc\u00f3, 10 de agosto de 2011<\/p>\n<p>Informaci\u00f3n:<br \/>Arnobio Hachito<br \/>Consejero Asociaci\u00f3n OREWA<br \/>M\u00f3vil: 3147001285<br \/>Tel: 4-6724079<\/p>\n","protected":false},"excerpt":{"rendered":"<p>La Asociaci\u00f3n de Cabildos Ind\u00edgenas del Choc\u00f3 OREWA, denuncia ante la opini\u00f3n p\u00fablica hechos de desaparici\u00f3n forzada a Ind\u00edgenas de la Etnia Embera Kat\u00edo de la Zona Carretera en el Municipio del [&hellip;]<\/p>\n","protected":false},"author":2,"featured_media":0,"comment_status":"open","ping_status":"open","sticky":false,"template":"","format":"standard","meta":[],"categories":[75],"tags":[],"_links":{"self":[{"href":"https:\/\/tejidohistorico.afrodescendientes.com\/index.php\/wp-json\/wp\/v2\/posts\/2235"}],"collection":[{"href":"https:\/\/tejidohistorico.afrodescendientes.com\/index.php\/wp-json\/wp\/v2\/posts"}],"about":[{"href":"https:\/\/tejidohistorico.afrodescendientes.com\/index.php\/wp-json\/wp\/v2\/types\/post"}],"author":[{"embeddable":true,"href":"https:\/\/tejidohistorico.afrodescendientes.com\/index.php\/wp-json\/wp\/v2\/users\/2"}],"replies":[{"embeddable":true,"href":"https:\/\/tejidohistorico.afrodescendientes.com\/index.php\/wp-json\/wp\/v2\/comments?post=2235"}],"version-history":[{"count":0,"href":"https:\/\/tejidohistorico.afrodescendientes.com\/index.php\/wp-json\/wp\/v2\/posts\/2235\/revisions"}],"wp:attachment":[{"href":"https:\/\/tejidohistorico.afrodescendientes.com\/index.php\/wp-json\/wp\/v2\/media?parent=2235"}],"wp:term":[{"taxonomy":"category","embeddable":true,"href":"https:\/\/tejidohistorico.afrodescendientes.com\/index.php\/wp-json\/wp\/v2\/categories?post=2235"},{"taxonomy":"post_tag","embeddable":true,"href":"https:\/\/tejidohistorico.afrodescendientes.com\/index.php\/wp-json\/wp\/v2\/tags?post=2235"}],"curies":[{"name":"wp","href":"https:\/\/api.w.org\/{rel}","templated":true}]}}