{"id":226,"date":"2010-06-08T13:34:40","date_gmt":"2010-06-08T13:34:40","guid":{"rendered":"http:\/\/www2.nasaacin.org\/index.php\/2010\/06\/08\/gobierno-de-colombia-acepto-sancion-en-la-oit\/"},"modified":"2010-06-08T13:34:40","modified_gmt":"2010-06-08T13:34:40","slug":"gobierno-de-colombia-acepto-sancion-en-la-oit","status":"publish","type":"post","link":"https:\/\/tejidohistorico.afrodescendientes.com\/index.php\/2010\/06\/08\/gobierno-de-colombia-acepto-sancion-en-la-oit\/","title":{"rendered":"Gobierno de Colombia acept\u00f3 sanci\u00f3n en la OIT"},"content":{"rendered":"<div style=\"text-align: justify;\">Para evitar un debate este a\u00f1o  en la Comisi\u00f3n de Normas de la OIT, el gobierno colombiano acept\u00f3 una  sanci\u00f3n que consiste en recibir una Misi\u00f3n Tripartita de Alto Nivel de  la OIT, reconociendo con ello que la situaci\u00f3n de las libertades  sindicales en Colombia no ha mejorado.   <!--more-->  <\/div>\n<div>\n<p>Como se sabe, cada a\u00f1o la Comisi\u00f3n de Normas de la OIT debate la  situaci\u00f3n laboral y sindical de 25 pa\u00edses. La lista se define a partir  del informe de la comisi\u00f3n de expertos y de la discusi\u00f3n y negociaci\u00f3n  que realizan los portavoces Luc Cortebeeck de los trabajadores y \u00a0Ed  Potter de los empresarios. Hasta el pasado viernes Colombia estuvo  incluida en la lista de 25 pa\u00edses que ser\u00edan examinados este a\u00f1o por la  Comisi\u00f3n de Normas. Sin embargo, los empresarios vetaron el caso de  Colombia y mediante el chantaje, \u201cno hay lista si est\u00e1 Colombia\u201d,  lograron que en el acuerdo final de la lista se excluyera a Colombia, a  cambio de la aceptaci\u00f3n por parte del gobierno de una misi\u00f3n tripartita  de alto nivel.<\/p>\n<p>La postura del grupo de empresarios en contra del trabajo de la  Comisi\u00f3n de Expertos, de la doctrina sobre el derecho de huelga, su  negativa a producir un convenio sobre trabajadores dom\u00e9sticos y el veto  al caso de Colombia, muestran que los empresarios han cerrado fila en  contra del control normativo de la OIT. Por ello el grupo de los  trabajadores y la Confederaci\u00f3n Sindical Internacional (CSI) en  particular, deben evaluar esta situaci\u00f3n y dise\u00f1ar estrategias para  fortalecer el trabajo de defensa de las libertades sindicales en el  marco de la OIT.<\/p>\n<\/p><\/div>\n<div>\n<p>La CUT, la CTC y la CPC, con el respaldo de la mayor\u00eda del grupo  de trabajadores, sostuvimos que Colombia deb\u00eda mantenerse en la lista  por existir graves violaciones a los derechos laborales y sindicales.  Se\u00f1alamos en la plenaria de la Comisi\u00f3n de Normas que no compart\u00edamos la  decisi\u00f3n de sacar a Colombia de la lista y aceptar a cambio una Misi\u00f3n  Tripartita de Alto Nivel, y dejamos constancia de ello. La CGT, a trav\u00e9s  de su Secretario General Julio Roberto G\u00f3mez, no estuvo de acuerdo con  nuestra posici\u00f3n y manifest\u00f3 estar de acuerdo con la exclusi\u00f3n de  Colombia de la lista.<\/p>\n<p>Para nosotros no es un fin en s\u00ed mismo que Colombia est\u00e9 en la  lista, pero s\u00ed es cuesti\u00f3n de principios la defensa de la vida y el  respeto de los derechos laborales y sindicales. Por ello nuestra  actuaci\u00f3n se ha dirigido a lograr mantener una presencia vigilante de la  comunidad internacional y de la OIT.<\/p>\n<\/p><\/div>\n<div>\n<p>Es importante precisar que la no inclusi\u00f3n de un pa\u00eds en la lista  no significa un reconocimiento de la OIT. Pero adicionalmente la  aceptaci\u00f3n de una Misi\u00f3n Tripartita de Alto Nivel por parte del gobierno  colombiano, implica aceptar que el Estado no ha cumplido  satisfactoriamente con los requerimientos de la OIT. Estas misiones  tripartitas son usadas en situaciones de mucha gravedad, recientemente  en Filipinas, Turqu\u00eda y Guatemala. Por ello sorprenden, por inexactas,  las declaraciones del gobierno y empresarios, porque en ning\u00fan momento  la OIT ha se\u00f1alado que en Colombia los problemas de los derechos humanos  y las libertades sindicales se han resuelto.<\/p>\n<p>La realidad es que el Estado colombiano no ha cumplido las  observaciones y recomendaciones de los \u00f3rganos de control de la OIT, y  esta realidad no cambia porque este a\u00f1o Colombia no est\u00e9 en la lista de  casos de la Comisi\u00f3n de Normas.<\/p>\n<\/p><\/div>\n<div>TARSICIO MORA GODOY \u2013 Presidente CUT<\/div>\n<div>DOMINGO TOVAR ARRIETA \u2013 Secretario General CUT<\/div>\n<div>LUIS MIGUEL MORANTES ALFONSO \u2013 Presidente CTC<\/div>\n<div>ROSA ELENA FLEREZ GONZ\u00c1LEZ\u2013 Secretaria General CTC<\/div>\n<div>ORLANDO RESTREPO PULGAR\u00cdN\u2013 Presidente CPC<\/div>\n<div>[ <span>Fuente: <a href=\"http:\/\/movimientos.org\/show_text.php3?key=17485.\" target=\"_blank\" rel=\"noopener noreferrer\">Movimiento Sociales<\/a><\/span> ]<\/div>\n","protected":false},"excerpt":{"rendered":"<p>Para evitar un debate este a\u00f1o en la Comisi\u00f3n de Normas de la OIT, el gobierno colombiano acept\u00f3 una sanci\u00f3n que consiste en recibir una Misi\u00f3n Tripartita de Alto Nivel de la [&hellip;]<\/p>\n","protected":false},"author":1,"featured_media":0,"comment_status":"open","ping_status":"open","sticky":false,"template":"","format":"standard","meta":[],"categories":[3],"tags":[],"_links":{"self":[{"href":"https:\/\/tejidohistorico.afrodescendientes.com\/index.php\/wp-json\/wp\/v2\/posts\/226"}],"collection":[{"href":"https:\/\/tejidohistorico.afrodescendientes.com\/index.php\/wp-json\/wp\/v2\/posts"}],"about":[{"href":"https:\/\/tejidohistorico.afrodescendientes.com\/index.php\/wp-json\/wp\/v2\/types\/post"}],"author":[{"embeddable":true,"href":"https:\/\/tejidohistorico.afrodescendientes.com\/index.php\/wp-json\/wp\/v2\/users\/1"}],"replies":[{"embeddable":true,"href":"https:\/\/tejidohistorico.afrodescendientes.com\/index.php\/wp-json\/wp\/v2\/comments?post=226"}],"version-history":[{"count":0,"href":"https:\/\/tejidohistorico.afrodescendientes.com\/index.php\/wp-json\/wp\/v2\/posts\/226\/revisions"}],"wp:attachment":[{"href":"https:\/\/tejidohistorico.afrodescendientes.com\/index.php\/wp-json\/wp\/v2\/media?parent=226"}],"wp:term":[{"taxonomy":"category","embeddable":true,"href":"https:\/\/tejidohistorico.afrodescendientes.com\/index.php\/wp-json\/wp\/v2\/categories?post=226"},{"taxonomy":"post_tag","embeddable":true,"href":"https:\/\/tejidohistorico.afrodescendientes.com\/index.php\/wp-json\/wp\/v2\/tags?post=226"}],"curies":[{"name":"wp","href":"https:\/\/api.w.org\/{rel}","templated":true}]}}