{"id":2265,"date":"2011-08-19T22:36:35","date_gmt":"2011-08-19T22:36:35","guid":{"rendered":"http:\/\/www2.nasaacin.org\/index.php\/2011\/08\/19\/acin-ritual-sagrado-de-control-territroial-en-la-vereda-el-tierrero-norte-del-cauca\/"},"modified":"2011-08-19T22:36:35","modified_gmt":"2011-08-19T22:36:35","slug":"acin-ritual-sagrado-de-control-territroial-en-la-vereda-el-tierrero-norte-del-cauca","status":"publish","type":"post","link":"https:\/\/tejidohistorico.afrodescendientes.com\/index.php\/2011\/08\/19\/acin-ritual-sagrado-de-control-territroial-en-la-vereda-el-tierrero-norte-del-cauca\/","title":{"rendered":"ACIN: Ritual sagrado de control territorial en la vereda el Tierrero &#8211; norte del Cauca"},"content":{"rendered":"<p>Porque la Madre Tierra nos llama a defenderla, por eso unidos, con nuestras herramientas, medicinas, palabras y leyes naturales acudimos para armonizarla y armonizarnos con ella. Que todos y todas vengan, que no sea uno, ni dos, ni tres, que sean miles, que sean los pueblos, que sean los seres, pero que vengan.<\/p>\n<p>  <!--more-->  <\/p>\n<p>LA\u00a0 ASOCIACION DE CABILDOS INDIGENAS DEL NORTE DEL CAUCA ACIN \u2013 CXHAB WALA KIWE, LAS COMUNIDADES Y AUTORIDADES INDIGENAS, JUNTO AL CONSEJO REGIONAL INDIGENA DEL CAUCA CRIC,\u00a0 con el fin de cumplir lo establecido enla Declaraci\u00f3n de Toribio respecto a fortalecer acciones en el marco de la MINGA DE RESISTENCIA POR LA AUTONOMIA Y LA ARMONIA TERRITORIAL Y POR EL CESE DE LA GUERRA informa y convoca:<\/p>\n<p>Que los d\u00edas 21, 22 y 23 de agosto de los corrientes, en la vereda el Tierrero resguardo ind\u00edgena de Huellas Caloto, las comunidades, autoridades, l\u00edderes y lideresas, mayores, guardia ind\u00edgena y pueblos ind\u00edgenas del pa\u00eds nos concentraremos para llevar acabo el evento de REAFIRMACION Y CONTROL TERRITORIAL EN DEFENSA DEL TERRITORIO Y LA MADRE TIERRA.<br \/>El programa se desarrollara en los siguientes momentos:<\/p>\n<p><strong>D\u00eda lunes.<\/strong><\/p>\n<p>Instalaci\u00f3n del evento por parte de la autoridad ind\u00edgena del resguardo Huellas Caloto<br \/>Himnos de la resistencia Nasa<br \/>Saludos del CRIC, ACIN y las autoridades ind\u00edgenas del Cauca<br \/>Presentaci\u00f3n de la iniciativa de paz CRIC \u2013 ACIN a cargo de la Comisi\u00f3n de Paz<br \/>Contexto de guerra en el Cauca a cargo del CRIC<br \/>Trabajo en comisiones y plenaria<br \/><strong><br \/>D\u00eda martes.<\/strong><\/p>\n<p>Presentaci\u00f3n del Plan Minga en Resistencia a cargo de la guardia ind\u00edgena<br \/>Trabajo en comisiones y plenaria<br \/>Reconocimiento de la guardia ind\u00edgena por su labor de Kiwe Thenza (cuidadores milenarios del territorio)<br \/>Ritual de Instalaci\u00f3n de los sitos de control territorial el Tierrero<\/p>\n<p>Pasados 20 d\u00edas de esta jornada nos reuniremos en alg\u00fan lugar del Cauca a evaluar los resultados de control territorial y a preparar la siguiente jornada; la Minga de Recorrido Territorial en las 324 veredas de la Cxhab Wala Kiwe (territorio del gran pueblo Nasa)<\/p>\n<p>Informaci\u00f3n de ubicaci\u00f3n.<\/p>\n<p>La vereda el Tierrero est\u00e1 ubicada sobre la v\u00eda que del Corregimiento del Palo Caloto conduce a la cabecera municipal de Toribio. La v\u00eda hasta la vereda el Tierrero esta pavimentada. De la cabecera municipal de Santander de Quilichao al Tierrero a buen paso se llega en aproximadamente en 1 hora.<\/p>\n<p>Los esperamos animados por su presencia.<\/p>\n<p>\u00a0<\/p>\n<p><strong>ASOCIACION DE CABILDOS INDIGENAS DEL NORTE DEL CAUCA, CONSEJO REGIONAL INDIGENA DEL CAUCA CRIC, COMUNIDADES Y AUTORIDADES INDIGENAS DEL CAUCA.<\/strong><\/p>\n<p>Santander de Quilichao Cauca, Agosto 18 de 2011<\/p>\n","protected":false},"excerpt":{"rendered":"<p>Porque la Madre Tierra nos llama a defenderla, por eso unidos, con nuestras herramientas, medicinas, palabras y leyes naturales acudimos para armonizarla y armonizarnos con ella. Que todos y todas vengan, que [&hellip;]<\/p>\n","protected":false},"author":2,"featured_media":0,"comment_status":"open","ping_status":"open","sticky":false,"template":"","format":"standard","meta":[],"categories":[75],"tags":[],"_links":{"self":[{"href":"https:\/\/tejidohistorico.afrodescendientes.com\/index.php\/wp-json\/wp\/v2\/posts\/2265"}],"collection":[{"href":"https:\/\/tejidohistorico.afrodescendientes.com\/index.php\/wp-json\/wp\/v2\/posts"}],"about":[{"href":"https:\/\/tejidohistorico.afrodescendientes.com\/index.php\/wp-json\/wp\/v2\/types\/post"}],"author":[{"embeddable":true,"href":"https:\/\/tejidohistorico.afrodescendientes.com\/index.php\/wp-json\/wp\/v2\/users\/2"}],"replies":[{"embeddable":true,"href":"https:\/\/tejidohistorico.afrodescendientes.com\/index.php\/wp-json\/wp\/v2\/comments?post=2265"}],"version-history":[{"count":0,"href":"https:\/\/tejidohistorico.afrodescendientes.com\/index.php\/wp-json\/wp\/v2\/posts\/2265\/revisions"}],"wp:attachment":[{"href":"https:\/\/tejidohistorico.afrodescendientes.com\/index.php\/wp-json\/wp\/v2\/media?parent=2265"}],"wp:term":[{"taxonomy":"category","embeddable":true,"href":"https:\/\/tejidohistorico.afrodescendientes.com\/index.php\/wp-json\/wp\/v2\/categories?post=2265"},{"taxonomy":"post_tag","embeddable":true,"href":"https:\/\/tejidohistorico.afrodescendientes.com\/index.php\/wp-json\/wp\/v2\/tags?post=2265"}],"curies":[{"name":"wp","href":"https:\/\/api.w.org\/{rel}","templated":true}]}}