{"id":2286,"date":"2011-08-24T21:51:52","date_gmt":"2011-08-24T21:51:52","guid":{"rendered":"http:\/\/www2.nasaacin.org\/index.php\/2011\/08\/24\/brasil-mandato-de-manaus-accion-indigena-por-la-vida\/"},"modified":"2011-08-24T21:51:52","modified_gmt":"2011-08-24T21:51:52","slug":"brasil-mandato-de-manaus-accion-indigena-por-la-vida","status":"publish","type":"post","link":"https:\/\/tejidohistorico.afrodescendientes.com\/index.php\/2011\/08\/24\/brasil-mandato-de-manaus-accion-indigena-por-la-vida\/","title":{"rendered":"Brasil: Mandato de Manaus: Acci\u00f3n Ind\u00edgena por la Vida"},"content":{"rendered":"<p>Reunidos en Manaus \u2013 Brasil del 15 al 18 de agosto del 2011, en 1ra.  Cumbre Regional Amaz\u00f3nica, los pueblos ind\u00edgenas amaz\u00f3nicos y las  organizaciones nacionales de nueve pa\u00edses y en  di\u00e1logo con aliados de diversas entidades sociales, estatales y  ambientales; comprobamos que la crisis clim\u00e1tica y ambiental, es  grav\u00edsima, muy pronto irreversible.<\/p>\n<p>  <!--more-->  <\/p>\n<p>\u00a0<\/p>\n<h2>\u201cSomos Pueblos sin Due\u00f1os, igual que la Vida\u201d<\/h2>\n<p><strong>Mandato de Manaus: Acci\u00f3n Ind\u00edgena por la Vida<\/strong><\/p>\n<p>COICA<\/p>\n<p><strong>1ra.\u00a0 Cumbre\u00a0 Regional Amaz\u00f3nica Saberes Ancestrales, Pueblos y Vida Plena en Armon\u00eda con los Bosques<\/strong><br \/>(15 \u2013 18 agosto 2011)<\/p>\n<p><strong>Reunidos<\/strong> en Manaus \u2013 Brasil del 15 al 18 de agosto del 2011, en 1ra. Cumbre Regional Amaz\u00f3nica, los pueblos ind\u00edgenas amaz\u00f3nicos y las organizaciones nacionales de nueve pa\u00edses : Bolivia (CIDOB), Brasil (COIAB), Ecuador (CONFENIAE), Colombia (OPIAC), Guyana (APA), Guyana Francesa (FOAG), Per\u00fa (AIDESEP), Venezuela (ORPIA) y Surinam (OIS) y en di\u00e1logo con aliados de diversas entidades sociales, estatales y ambientales; comprobamos que la crisis clim\u00e1tica y ambiental, es grav\u00edsima, muy pronto irreversible, mientras los poderes globales y nacionales, no pueden ni quieren detenerla, y peor, pretenden \u201caprovecharla\u201d con m\u00e1s \u201cnegocios verdes\u201d aunque pongan en peligro todas las formas de Vida.<\/p>\n<p><strong>Alertamos<\/strong> al mundo que hemos pasado los l\u00edmites de peligro de gases contaminantes en la atm\u00f3sfera y del calentamiento global, pero eso es solo uno de los efectos m\u00e1s grave de causas m\u00e1s profundas. Estamos en tiempos oscuros, de una profunda crisis y agresi\u00f3n clim\u00e1tica global que hace parte de la m\u00e1s amplia crisis de una civilizaci\u00f3n y un patr\u00f3n de poder, basados en el racismo, patriarcado, individualismo y consumismo desenfrenados; de mercantilizaci\u00f3n y privatizaci\u00f3n de todo; y la irresponsable soberbia de \u201cdominio\u201d de la naturaleza olvidando que apenas somos una peque\u00f1a parte de ella.<\/p>\n<p><strong>Denunciamos<\/strong> la hipocres\u00eda y contradicci\u00f3n en las pol\u00edticas globales y nacionales sobre los bosques, donde al lado de declaraciones, planes, peque\u00f1os proyectos \u201csustentables\u201d; se profundiza la depredaci\u00f3n, deforestaci\u00f3n, degradaci\u00f3n por los negocios mineros, de hidrocarburos, mega hidroel\u00e9ctricas, ganader\u00eda extensiva, soya, agronegocios, \u201cagro-combustibles\u201d, super carreteras de colonizaci\u00f3n, transg\u00e9nicos, pesticidas, superposici\u00f3n de \u00e1reas protegidas en territorios ind\u00edgenas, biopirater\u00eda y robo de los conocimientos ancestrales. Siendo necesarias mejores pr\u00e1cticas forestales, se encubre que la mejor de ellas, es cambiar profundamente la macro pol\u00edticas de la globalizaci\u00f3n neoliberal.<\/p>\n<p>Proponemos los siguientes objetivos, enfoques, alternativas y acciones :<\/p>\n<p><strong>1.\u00a0\u00a0\u00a0\u00a0\u00a0 Territorios de Vida Plena para el enfriamiento planetario.<\/strong><\/p>\n<p>Est\u00e1 demostrado que los refugios de la vida, son los bosques y territorios de los pueblos amaz\u00f3nicos, como efectivas barreras a la depredaci\u00f3n. Por eso es indispensable cambiar las legislaciones y pol\u00edticas p\u00fablicas para garantizar la demarcaci\u00f3n de los territorios de los pueblos ind\u00edgenas amaz\u00f3nicos y su titularidad colectiva como pueblos, y tambi\u00e9n para respaldar, y no agredir ni marginar, nuestras estrategias de \u201cVida Plena\u201d distintas de la mercantilizaci\u00f3n de la naturaleza. Esto es una estrategia eficaz y eficiente para reducir el calentamiento global y recuperar la armon\u00eda con la madre tierra, que mantuvimos por miles de a\u00f1os. Para que no cambie el clima, hay que cambiar el sistema. Es el sistema el que debe \u201cadaptarse\u201d al clamor de la madre naturaleza y nosotros sus hijos del color de la tierra. El \u201ccosto\u201d financiero para solucionar esta deuda hist\u00f3rica originada en el etnocidio de las colonizaciones, es much\u00edsimo menor que el dedicado a ineficaces debates y experimentos. Parte de esta deuda es el derecho a los Territorios de los Pueblos Libres y Aut\u00f3nomos (llamados en \u201caislamiento voluntario\u201d) a que los dejen vivir en paz y no sean amenazados. <br \/><strong> <br \/>2.\u00a0\u00a0\u00a0\u00a0\u00a0 Fortalecer \u201cReDD+ Ind\u00edgena\u201d y que deudores ecol\u00f3gicos reduzcan su contaminaci\u00f3n<\/strong><\/p>\n<p>Frente a quienes deciden sobre el proceso \u201cREDD+\u201d: los\u00a0 Estados FCPF (BM-BID), FIP, ONU-REDD, COP17-CMUNCC, R\u00edo+20 y otros; demandamos garant\u00edas y condiciones inmediatas para los Pueblos antes de avanzar m\u00e1s en estos procesos sobre REDD+ hasta que sean debidamente atendidas:<\/p>\n<p>\u00b7\u00a0\u00a0\u00a0\u00a0\u00a0\u00a0\u00a0\u00a0 Respetar y fortalecer la propuesta de REDD+ Ind\u00edgena o adecuaci\u00f3n del REDD+ a las cosmovisiones y derechos colectivos de los pueblos;\u00a0 incluidas en los \u201cLineamientos de COICA sobre cambio clim\u00e1tico y REDD+\u201d y en las propuestas de las organizaciones nacionales, y que entre otros aspectos, los siguientes :<br \/>Sin Territorios ni derechos colectivos es inviable el REDD+ * Ning\u00fan contrato comunal hasta que se ejecuten reglas internacionales; ni a largo plazo, cediendo gesti\u00f3n\u00a0 territorial o propiedad intelectual, con m\u00e1s penalidades que beneficios, ni en idiomas y leyes extranjeras * Respetar y apoyar la conservaci\u00f3n hol\u00edstica de los bosques, y no solo donde hay deforestaci\u00f3n o\u00a0 reduci\u00e9ndolos a toneladas de carbono * Respetar nuestras propuestas de reglamentaciones nacionales sobre REDD+ y la consulta y\u00a0\u00a0\u00a0 consentimiento libre, previo y vinculante * Respetar informes de COICA sobre los procesos REDD+ paralelos al de los Estados * Mecanismos de soluci\u00f3n de conflictos con garant\u00edas de neutralidad y eficacia * No apoyar el mercado de cr\u00e9ditos de carbono para encubrir a los contaminadores globales.<\/p>\n<p>\u00b7\u00a0\u00a0\u00a0\u00a0\u00a0\u00a0\u00a0\u00a0 Prioridad de pol\u00edticas y fondos para consolidaci\u00f3n y titulaci\u00f3n Territorial de los Pueblos Ind\u00edgenas, como condici\u00f3n irrestricta antes de avanzar sobre REDD+<br \/>\u00b7\u00a0\u00a0\u00a0\u00a0\u00a0\u00a0\u00a0\u00a0 Cambios legislativos nacionales para consolidar Derechos colectivos en las leyes de servicios ambientales, forestales, sobre \u201cfugas de Redd+\u201d (miner\u00eda, hidrocarburos, agrocombustibles, etc) y de consulta y consentimiento,<br \/>\u00b7\u00a0\u00a0\u00a0\u00a0\u00a0\u00a0\u00a0\u00a0 Estados y Bancos asuman su responsabilidad para frenar la expansi\u00f3n de los\u00a0 estafadores de REDD+ (\u201ccarb\u00f3n cowboys\u201d, \u201cburbuja REDD+\u201d) mediante : * Registro y acreditaci\u00f3n p\u00fablica internacional de los operadores de Redd+ * Rechazo de las empresas y ONGs estafadoras denunciadas por los pueblos ind\u00edgenas * Recomendar a las comunidades no comprometerse con contratos \u201chacia REDD+\u201d o \u201cnegocios de carbono\u201d hasta que las regulaciones internacionales y nacionales est\u00e9n precisadas e implementadas.<\/p>\n<p>\u00b7\u00a0\u00a0\u00a0\u00a0\u00a0\u00a0\u00a0\u00a0 Prioridad de la reducci\u00f3n de la contaminaci\u00f3n por Gases de Efecto Invernadero (GEI) por parte los deudores ecol\u00f3gicos industrializados de minor\u00edas ricas del poder en el Norte y el Sur.<\/p>\n<p><strong>3.\u00a0 Unidad entre Saberes Ancestrales y Pervivencia de la Biodiversidad <\/strong><\/p>\n<p>Nuestros saberes ancestrales est\u00e1n unidos profundamente en la \u201cconservaci\u00f3n productiva\u201d de la naturaleza, y en ese camino, frente a la Conferencia de las Partes 11 del Convenio de Diversidad Biol\u00f3gica y el Congreso de la Uni\u00f3n Internacional de la Naturaleza (UICN) llamamos a que se respalden las propuestas siguientes :<br \/>\u00b7\u00a0\u00a0\u00a0\u00a0\u00a0\u00a0\u00a0\u00a0 Priorizar la demarcaci\u00f3n, legalizaci\u00f3n y seguridad jur\u00eddica de los territorios ind\u00edgenas, como garant\u00eda para la conservaci\u00f3n de la biodiversidad y los recursos gen\u00e9ticos, y los saberes ancestrales.<br \/>\u00b7\u00a0\u00a0\u00a0\u00a0\u00a0\u00a0\u00a0\u00a0 Consolidar el Derecho de Consulta Previa y el Consentimiento Libre, Vinculante, Previo e Informado, para el acceso a los recursos gen\u00e9ticos dentro de los territorios ind\u00edgenas y los conocimientos tradicionales asociados.<br \/>\u00b7\u00a0\u00a0\u00a0\u00a0\u00a0\u00a0\u00a0\u00a0 Los recursos gen\u00e9ticos de los territorios ind\u00edgenas y los conocimientos ancestrales constituyen el patrimonio natural e intelectual colectivo ind\u00edgena, conservado por milenios y transmitido de generaci\u00f3n en generaci\u00f3n.<br \/>\u00b7\u00a0\u00a0\u00a0\u00a0\u00a0\u00a0\u00a0\u00a0 El acceso a los conocimientos ancestrales y los recursos gen\u00e9ticos deben contemplar la participaci\u00f3n justa y equitativa en los beneficios, incluyendo los productos derivados, tanto de los recursos gen\u00e9ticos como de los conocimientos tradicionales asociados.<br \/>\u00b7\u00a0\u00a0\u00a0\u00a0\u00a0\u00a0\u00a0\u00a0 Los conocimientos ancestrales no est\u00e1n en el dominio p\u00fablico, sino en el \u00e1mbito cultural de los pueblos ind\u00edgenas, y los Estados y organismos internacionales (como el Convenio sobre la Diversidad Biol\u00f3gica,CDB), adopten normativas jur\u00eddicas sui generis de protecci\u00f3n legal de estos conocimientos ancestrales.<br \/>\u00b7\u00a0\u00a0\u00a0\u00a0\u00a0\u00a0\u00a0\u00a0 No a la comercializaci\u00f3n del conocimiento ancestral y al uso indebido y no autorizado para las reivindicaciones de patentes biotecnol\u00f3gicas.<\/p>\n<p><strong>4. R\u00edo+20 : Soluciones para la Vida no para los Mercados<\/strong><\/p>\n<p>La conferencia ONU de junio del 2012 R\u00edo de Janeiro ser\u00e1 una de las \u00faltimas posibilidades para salvar todas las formas de vida del planeta. Los pueblos amaz\u00f3nicos llamamos a efectuar Actos Culturales-Pol\u00edticos en las cercan\u00edas de la Cumbre oficial, con l\u00edderes de pueblos y movimientos, artistas, cient\u00edficos, intelectuales, que ganen la opini\u00f3n p\u00fablica y pol\u00edtica global. As\u00ed mismo desarrollar estrategias de intervenci\u00f3n pol\u00edtica dentro y fuera de Rio+20 y construir una Cumbre de los Pueblos plural y democr\u00e1tica, con amplia visibilidad p\u00fablica. Todo ello para ganar el m\u00e1s amplio apoyo pol\u00edtico para que la ONU no se someta al irresponsable juego de intereses del Poder, y se avancen en enfoques, objetivos y propuestas tales como:<br \/>\u00b7\u00a0\u00a0\u00a0\u00a0\u00a0\u00a0\u00a0\u00a0 No aceptar que la \u201cEconom\u00eda Verde\u201d sea la combinaci\u00f3n de neoliberalismo desarrollista con \u201cproyectos verdes\u201d sino un cambio profundo con reducci\u00f3n del consumismo, despilfarro y depredaci\u00f3n y el cambio del patr\u00f3n de producci\u00f3n, consumo, distribuci\u00f3n y energ\u00eda (hidrocarburos, biocombustibles) con alternativas de armon\u00eda entre sociedades, culturas y naturaleza.<br \/>\u00b7\u00a0\u00a0\u00a0\u00a0\u00a0\u00a0\u00a0\u00a0 Renovaci\u00f3n del protocolo de Kyoto, donde haya compromisos firmes y exigibles, de reducci\u00f3n de gases de efecto invernadero y con espacios de participaci\u00f3n de los pueblos ind\u00edgenas. No dejar al mundo a la deriva con poderes que impongan cuanto, como y cuando reducen sus emisiones.<br \/>\u00b7\u00a0\u00a0\u00a0\u00a0\u00a0\u00a0\u00a0\u00a0 Consolidaci\u00f3n de las Territorialidades de los Pueblos Ind\u00edgenas y sus Visiones\u00a0 de Vida Plena de gesti\u00f3n hol\u00edstica de la naturaleza para el \u201cenfriamiento\u201d del planeta; mediante el aumento cualitativo de los fondos p\u00fablicos globales para implementar dicha demarcaci\u00f3n y titulaci\u00f3n.<br \/>\u00b7\u00a0\u00a0\u00a0\u00a0\u00a0\u00a0\u00a0\u00a0 Establecimiento de una Corte Ambiental Internacional, de funcionamiento urgente,\u00a0 independiente de los poderes globales, con espacios de participaci\u00f3n ind\u00edgena, los m\u00e1s afectados por los delitos ambientales.<br \/>\u00b7\u00a0\u00a0\u00a0\u00a0\u00a0\u00a0\u00a0\u00a0 Reorganizar las actuales entidades ambientales de la ONU para no subordinarse a los poderes contaminantes, superar el burocratismo y ampliando los espacios de participaci\u00f3n e incidencia para los pueblos ind\u00edgenas amaz\u00f3nicos y del mundo.<\/p>\n<p>Finalmente, la Cumbre plante\u00f3 posicionar la comunicaci\u00f3n como una l\u00ednea de acci\u00f3n pol\u00edtica, no solo instrumental.<br \/>Incidir en pol\u00edticas p\u00fablicas de acceso a medios de comunicaci\u00f3n y uso de tecnolog\u00edas de informaci\u00f3n y comunicaci\u00f3n y poner en marcha el proyecto de Red COICA de Comunicadores Amaz\u00f3nicos<\/p>\n<p><strong>Los pueblos ind\u00edgenas y la naturaleza somos unos solo, y por eso, estamos obligados estamos a mantener los\u00a0 bosques en pi\u00e9, reducir la deforestaci\u00f3n y ser guardianes de sus servicios como el agua, biodiversidad, clima para la sobrevivencia de la Vida.\u00a0 Solo pedimos que nos dejen trabajar en paz en nuestra misi\u00f3n.<\/p>\n<p>\u00a1Basta de \u201cBelomonstruos\u201d en Brasil, Guyana, Per\u00fa (Mara\u00f1\u00f3n, Pakitzapango), Bolivia y el Mundo!<br \/>\u00a1No a un R\u00edo+20 encima de la Muerte de los Pueblos y Vida del Xing\u00fa!<br \/>\u00a1No a la carretera en el Territorio Ind\u00edgena Isiboro Secure en Bolivia. Hermano Evo defiende a los pueblos y no los negocios del BNDES!<br \/>\u00a1Alto a la\u00a0 destrucci\u00f3n petrolera en Ecuador (Yasun\u00ed ITT);Per\u00fa (Datem)y otros pa\u00edses !<br \/>\u00a1No a\u00a0 las imposiciones IIRSA, como el eje multimodal\u00a0 Manta-Manaus que destruir\u00e1 r\u00edo Napo!<br \/>\u00a1Acci\u00f3n y Solidaridad con las luchas de los pueblos ind\u00edgenas de la Amazon\u00eda y el mundo!<br \/>\u00a1Exhortamos a los Gobiernos de Guyana, Surinam y Guyana Francesa, deben ratificar el Convenio 169 OIT y la Declaraci\u00f3n de la ONU sobre los DDPPII!<\/p>\n<p>Los Pueblos Ind\u00edgenas Amaz\u00f3nicos, caminando sobre la huella de nuestros ancestros, pedimos al mundo abrir sus corazones y sue\u00f1os y unirnos en las jornadas por la Vida, para Todas y Todos.<\/strong><\/p>\n<p><strong>Coordinadora de Organizaciones Ind\u00edgenas de la Cuenca Amaz\u00f3nica, COICA<br \/>Coordinadora de Organizaciones Ind\u00edgenas de la Amazon\u00eda Brasilera, COIAB<\/strong><\/p>\n<p><strong>Per\u00fa<br \/>Asociaci\u00f3n Inter\u00e9tnica de Desarrollo de la Selva Peruana, AIDESEP<\/strong><br \/>\u00b7\u00a0\u00a0\u00a0\u00a0\u00a0\u00a0\u00a0\u00a0 Coordinadora Regional de Organizaciones de Pueblos Indigenas- San Lorenzo, CORPI<br \/>\u00b7\u00a0\u00a0\u00a0\u00a0\u00a0\u00a0\u00a0\u00a0 Asociaci\u00f3n Regional de Pueblos Ind\u00edgenas de la Selva Central, ARPI<br \/>\u00b7\u00a0\u00a0\u00a0\u00a0\u00a0\u00a0\u00a0\u00a0 Organizaci\u00f3n Regional de Pueblos Ind\u00f3genas del Oriente, ORPIO<br \/>\u00b7\u00a0\u00a0\u00a0\u00a0\u00a0\u00a0\u00a0\u00a0 Organizaci\u00f3n Regional AIDESEP Ucayali, ORAU<br \/>\u00b7\u00a0\u00a0\u00a0\u00a0\u00a0\u00a0\u00a0\u00a0 Federaci\u00f3n Nativa de Madre de Dios, FENAMAD<br \/>\u00b7\u00a0\u00a0\u00a0\u00a0\u00a0\u00a0\u00a0\u00a0 Coordinadora de Defensa y Desarrollo de los Pueblos Ind\u00edgenas de San Martin, CODEPISAM<br \/>\u00b7\u00a0\u00a0\u00a0\u00a0\u00a0\u00a0\u00a0\u00a0 Organizaci\u00f3n Regional de Pueblos Ind\u00edgenas del Alto Mara\u00f1\u00f3n. ORPIAN<\/p>\n<p><strong>Ecuador<br \/>Confederaci\u00f3n de Nacionalidades Ind\u00edgenas de la Amazon\u00eda Ecuatoriana CONFENIAE.<\/strong><br \/>\u00b7\u00a0\u00a0\u00a0\u00a0\u00a0\u00a0\u00a0\u00a0 Federaci\u00f3n Ind\u00edgena de Nacionalidad Cof\u00e1n del Ecuador FEINCE<br \/>\u00b7\u00a0\u00a0\u00a0\u00a0\u00a0\u00a0\u00a0\u00a0 Organizaci\u00f3n Ind\u00edgena de Nacionalidad Secoya del Ecuador OISE<br \/>\u00b7\u00a0\u00a0\u00a0\u00a0\u00a0\u00a0\u00a0\u00a0 Federaci\u00f3n Interprovincial de Comunas y Comunidades Kichwas de la Amazon\u00eda Ecuatoriana FICCKAE<br \/>\u00b7\u00a0\u00a0\u00a0\u00a0\u00a0\u00a0\u00a0\u00a0 Federaci\u00f3n Interprovincial de Centros Shuar FICSH<br \/>\u00b7\u00a0\u00a0\u00a0\u00a0\u00a0\u00a0\u00a0\u00a0 Federaci\u00f3n de Organizaciones de Nacionalidad Kichwa de Sucumb\u00edos FONAKISE<br \/>\u00b7\u00a0\u00a0\u00a0\u00a0\u00a0\u00a0\u00a0\u00a0 Nacionalidad Achuar del Ecuador NAE<br \/>\u00b7\u00a0\u00a0\u00a0\u00a0\u00a0\u00a0\u00a0\u00a0 Naci\u00f3n S\u00e1para del Ecuador NASE<br \/>\u00b7\u00a0\u00a0\u00a0\u00a0\u00a0\u00a0\u00a0\u00a0 Federaci\u00f3n Provincial de Nacionalidad Shuar de Zamora Chinchipe FEPNASH.ZCH.<\/p>\n<p><strong>Bolivia <br \/>Confederaci\u00f3n de Pueblos Ind\u00edgenas de Bolivia CIDOB<\/strong><br \/>\u00b7\u00a0\u00a0\u00a0\u00a0\u00a0\u00a0\u00a0\u00a0 Asamblea de Pueblo Guaran\u00ed APG<br \/>\u00b7\u00a0\u00a0\u00a0\u00a0\u00a0\u00a0\u00a0\u00a0 Organizaci\u00f3n de Capitanes de Wenhayek y Tapiete ORKAWETA<br \/>\u00b7\u00a0\u00a0\u00a0\u00a0\u00a0\u00a0\u00a0\u00a0 Confederaci\u00f3n Nacional de Mujeres Ind\u00edgenas de Bolivia CNAMIB<br \/>\u00b7\u00a0\u00a0\u00a0\u00a0\u00a0\u00a0\u00a0\u00a0 Central de Pueblos \u00c9tnicos Moje\u00f1os de Beni CPEMBE<br \/>\u00b7\u00a0\u00a0\u00a0\u00a0\u00a0\u00a0\u00a0\u00a0 Central Ind\u00edgena de Pueblos Originarios de la Amazon\u00eda de Pando CIPOAP<br \/>\u00b7\u00a0\u00a0\u00a0\u00a0\u00a0\u00a0\u00a0\u00a0 Central Ind\u00edgena de la Regi\u00f3n Amaz\u00f3nica de Bolivia CIRABO<br \/>\u00b7\u00a0\u00a0\u00a0\u00a0\u00a0\u00a0\u00a0\u00a0 Central de Pueblos Ind\u00edgenas de La Paz CPILAP.<\/p>\n<p><strong>Brasil<br \/>Coordinadora de Organizaciones Ind\u00edgenas de la Amazon\u00eda Brasilera, COIAB<\/strong><br \/>\u00b7\u00a0\u00a0\u00a0\u00a0\u00a0\u00a0\u00a0\u00a0 FEPOIMI, Cuiab\u00e1, Pantanal<br \/>\u00b7\u00a0\u00a0\u00a0\u00a0\u00a0\u00a0\u00a0\u00a0 COAPIMA, Coordinaci\u00f3n de las Organizaciones y articulaciones de los Pueblos\u00a0 Ind\u00edgenas de Maran\u00f3n<br \/>\u00b7\u00a0\u00a0\u00a0\u00a0\u00a0\u00a0\u00a0\u00a0 FOIRN-Federaci\u00f3n de las Organizaciones Ind\u00edgenas de Alto R\u00edo Negro<br \/>\u00b7\u00a0\u00a0\u00a0\u00a0\u00a0\u00a0\u00a0\u00a0 ASSOCIA\u00c7AO HUTUKARA<br \/>\u00b7\u00a0\u00a0\u00a0\u00a0\u00a0\u00a0\u00a0\u00a0 FOIRN \u2013 Federacao das organizacoes indgenas do Rio Negro<br \/>\u00b7\u00a0\u00a0\u00a0\u00a0\u00a0\u00a0\u00a0\u00a0 ICRASIM \u2013 Instituto e Centro de Refer\u00eancia e Apoio a Sa\u00fade de Manaus<br \/>\u00b7\u00a0\u00a0\u00a0\u00a0\u00a0\u00a0\u00a0\u00a0 COPIAM \u2013 Conselho dos Professores Ind\u00edgenas da Amaz\u00f4nia<br \/>\u00b7\u00a0\u00a0\u00a0\u00a0\u00a0\u00a0\u00a0\u00a0 OGPTB &#8211; Organiza\u00e7\u00e3o Geral dos Professores Ticuna Biling\u00fce<br \/>\u00b7\u00a0\u00a0\u00a0\u00a0\u00a0\u00a0\u00a0\u00a0 CGPH\u2013 Conselho Geral dos Povos Hexkariana<br \/>\u00b7\u00a0\u00a0\u00a0\u00a0\u00a0\u00a0\u00a0\u00a0 AMARN &#8211; Associa\u00e7\u00e3o das Mulheres Ind\u00edgenas do Alto Rio Negro<br \/>\u00b7\u00a0\u00a0\u00a0\u00a0\u00a0\u00a0\u00a0\u00a0 COIAM &#8211; Confedera\u00e7\u00e3o das Organiza\u00e7\u00f5es Ind\u00edgenas e Povos do Amazonas<br \/>\u00b7\u00a0\u00a0\u00a0\u00a0\u00a0\u00a0\u00a0\u00a0 AMISM &#8211; Associa\u00e7\u00e3o das Mulheres Ind\u00edgenas Sater\u00e9-Maw\u00e9.<br \/>\u00b7\u00a0\u00a0\u00a0\u00a0\u00a0\u00a0\u00a0\u00a0 ASSOCIA\u00c7\u00c3O WAIKIRU<br \/>\u00b7\u00a0\u00a0\u00a0\u00a0\u00a0\u00a0\u00a0\u00a0 ASSOCIA\u00c7\u00c3O DOS \u00cdNDIOS MUNDURUKU<br \/>\u00b7\u00a0\u00a0\u00a0\u00a0\u00a0\u00a0\u00a0\u00a0 MEIAM \u2013 Movimento dos Estudantes Ind\u00edgenas do Amazonas.<br \/>\u00b7\u00a0\u00a0\u00a0\u00a0\u00a0\u00a0\u00a0\u00a0 ORGANIZA\u00c7\u00c3O WOTCHIMAUC\u00dc<br \/>\u00b7\u00a0\u00a0\u00a0\u00a0\u00a0\u00a0\u00a0\u00a0 UPIM \u2013 Uni\u00e3o dos Povos Ind\u00edgenas de Manaus<br \/>\u00b7\u00a0\u00a0\u00a0\u00a0\u00a0\u00a0\u00a0\u00a0 Organiza\u00e7\u00e3o Metareil\u00e1 do Povo Suru\u00ed<br \/>\u00b7\u00a0\u00a0\u00a0\u00a0\u00a0\u00a0\u00a0\u00a0 Associa\u00e7\u00e3o do Povo Cinta-Larga<br \/>\u00b7\u00a0\u00a0\u00a0\u00a0\u00a0\u00a0\u00a0\u00a0 F\u00f3rum das Organiza\u00e7\u00f5es do Povo Paiter Suru\u00ed<br \/>\u00b7\u00a0\u00a0\u00a0\u00a0\u00a0\u00a0\u00a0\u00a0 CIR &#8211; Conselho Ind\u00edgena de Roraima.<br \/>\u00b7\u00a0\u00a0\u00a0\u00a0\u00a0\u00a0\u00a0\u00a0 APIRR \u2013 Associa\u00e7\u00e3o dos Povos Ind\u00edgenas de Roraima.<br \/>\u00b7\u00a0\u00a0\u00a0\u00a0\u00a0\u00a0\u00a0\u00a0 OPIR \u2013 Organiza\u00e7\u00e3o dos Professores ind\u00edgenas de Roraima<br \/>\u00b7\u00a0\u00a0\u00a0\u00a0\u00a0\u00a0\u00a0\u00a0 OMIR \u2013 Organiza\u00e7\u00e3o das Mulheres Ind\u00edgenas de Roraima<br \/>\u00b7\u00a0\u00a0\u00a0\u00a0\u00a0\u00a0\u00a0\u00a0 CONJABA \u2013 Conselho das Organiza\u00e7\u00e3o e Ind\u00edgenas do povo Java\u00e9 da Ilha do Bananal<br \/>\u00b7\u00a0\u00a0\u00a0\u00a0\u00a0\u00a0\u00a0\u00a0 CIX \u2013 Coordena\u00e7\u00e3o Geral Ind\u00edgena Xavante<br \/>\u00b7\u00a0\u00a0\u00a0\u00a0\u00a0\u00a0\u00a0\u00a0 ATIX &#8211; Associa\u00e7\u00e3o Terra Ind\u00edgena Xingu<br \/>\u00b7\u00a0\u00a0\u00a0\u00a0\u00a0\u00a0\u00a0\u00a0 OPRIMT -Organiza\u00e7\u00e3o dos Professores Ind\u00edgenas de Mato grosso<br \/>\u00b7\u00a0\u00a0\u00a0\u00a0\u00a0\u00a0\u00a0\u00a0 Instituto Raoni<br \/>\u00b7\u00a0\u00a0\u00a0\u00a0\u00a0\u00a0\u00a0\u00a0 FEPOIMT \u2013 Federa\u00e7\u00e3o dos Povos Ind\u00edgenas de Mato Grosso<br \/>\u00b7\u00a0\u00a0\u00a0\u00a0\u00a0\u00a0\u00a0\u00a0 OPIN \u2013 Organiza\u00e7\u00e3o dos Povos Ind\u00edgenas do Acre Sul do Amazonas e Noroeste de Rond\u00f4nia<br \/>\u00b7\u00a0\u00a0\u00a0\u00a0\u00a0\u00a0\u00a0\u00a0 OPIAJBAM Organiza\u00e7\u00e3o dos povos Ind\u00edgenas Apurin\u00e3 e Jamamadi de Boca do Acre \u2013AM<br \/>\u00b7\u00a0\u00a0\u00a0\u00a0\u00a0\u00a0\u00a0\u00a0 COAPIMA \u2013 Coordenacao das Organizacoes e Articula\u00e7oes dos Povos Ind\u00edgenas do Maranh\u00e3o<br \/>\u00b7\u00a0\u00a0\u00a0\u00a0\u00a0\u00a0\u00a0\u00a0 APIO \u2013 Associa\u00e7\u00e3o dos Povos Ind\u00edgenas do Oiapoque<br \/>\u00b7\u00a0\u00a0\u00a0\u00a0\u00a0\u00a0\u00a0\u00a0 UMIAB \u2013 Uni\u00e1o de Mulheres Indigenas da Amaz\u00f6nia Brasileira<br \/>\u00b7\u00a0\u00a0\u00a0\u00a0\u00a0\u00a0\u00a0\u00a0 APN<br \/><strong>Surinam<br \/>Organization of the Indigenous Peoples in Suriname OIS<\/strong><br \/>\u00b7\u00a0\u00a0\u00a0\u00a0\u00a0\u00a0\u00a0\u00a0 Talawa<br \/>\u00b7\u00a0\u00a0\u00a0\u00a0\u00a0\u00a0\u00a0\u00a0 VIDS<br \/>\u00b7\u00a0\u00a0\u00a0\u00a0\u00a0\u00a0\u00a0\u00a0 Umari<br \/>\u00b7\u00a0\u00a0\u00a0\u00a0\u00a0\u00a0\u00a0\u00a0 Vrouwe Organisalie<br \/>\u00b7\u00a0\u00a0\u00a0\u00a0\u00a0\u00a0\u00a0\u00a0 Alle 34 Inheemse Dorpen Van Suriname<\/p>\n<p><strong>Colombia<br \/>Organizaci\u00f3n de Pueblos Ind\u00edgenas de la Amazon\u00eda Colombiana OPIAC<\/strong><br \/>\u00b7\u00a0\u00a0\u00a0\u00a0\u00a0\u00a0\u00a0\u00a0 Asociaci\u00f3n de Autoridades Ind\u00edgenas de Guaviar\u00e9 CRIGUA II<br \/>\u00b7\u00a0\u00a0\u00a0\u00a0\u00a0\u00a0\u00a0\u00a0 Organizaci\u00f3n Zonal Ind\u00edgena\u00a0 de Putumayo OZIP<br \/>\u00b7\u00a0\u00a0\u00a0\u00a0\u00a0\u00a0\u00a0\u00a0 Asociaci\u00f3n de Consejo Regional Ind\u00edgena de Guain\u00eda ASOCRIGUA<br \/>\u00b7\u00a0\u00a0\u00a0\u00a0\u00a0\u00a0\u00a0\u00a0 Asociaci\u00f3n de Cabildos Huitotos de Caquet\u00e1 ASCAINCA<\/p>\n<p><strong>Guyana<br \/>Amerindian Peoples Asociation APA<\/strong><\/p>\n<p><strong>Venezuela<br \/>Organizaci\u00f3n Regional de Pueblos Ind\u00edgenas del Amazonas ORPIA<\/strong><br \/>\u00b7\u00a0\u00a0\u00a0\u00a0\u00a0\u00a0\u00a0\u00a0 Federaci\u00f3n Ind\u00edgena del Estado de Bol\u00edvar FIEB<br \/>\u00b7\u00a0\u00a0\u00a0\u00a0\u00a0\u00a0\u00a0\u00a0 Uni\u00f3n de Comunidades Ind\u00edgenas Warao UCIW-CONIVE Delta Amacuro<br \/>\u00b7\u00a0\u00a0\u00a0\u00a0\u00a0\u00a0\u00a0\u00a0 Consejo Nacional Indio de Venezuela CONIVE<\/p>\n<p><strong>Guyana Francesa<br \/>Federation des Organisations Autochtones de Guyane FOCAG.<br \/>\u00b7\u00a0\u00a0\u00a0\u00a0\u00a0\u00a0\u00a0\u00a0 Federation Lokono FL<\/strong><br \/>\u00b7\u00a0\u00a0\u00a0\u00a0\u00a0\u00a0\u00a0\u00a0 Makana Pinius WAYAPI<br \/>\u00b7\u00a0\u00a0\u00a0\u00a0\u00a0\u00a0\u00a0\u00a0 Consejo de Caciques CC.G<br \/>\u00b7\u00a0\u00a0\u00a0\u00a0\u00a0\u00a0\u00a0\u00a0 Consejo Kauna MANA<br \/>\u00b7\u00a0\u00a0\u00a0\u00a0\u00a0\u00a0\u00a0\u00a0 Consejo Kalina KOUROU<br \/>\u00b7\u00a0\u00a0\u00a0\u00a0\u00a0\u00a0\u00a0\u00a0 Consejo Kalina AWALA<br \/>\u00b7\u00a0\u00a0\u00a0\u00a0\u00a0\u00a0\u00a0\u00a0 Consejo Kulakasi CK<br \/>\u00b7\u00a0\u00a0\u00a0\u00a0\u00a0\u00a0\u00a0\u00a0 Consejo Palikve MATAP<\/p>\n<p><a href=\"http:\/\/www.movimientos.org\/madretierra\/show_text.php3?key=19701\" target=\"_blank\" rel=\"noopener noreferrer\">http:\/\/www.movimientos.org\/madretierra\/show_text.php3?key=19701<\/a><\/p>\n","protected":false},"excerpt":{"rendered":"<p>Reunidos en Manaus \u2013 Brasil del 15 al 18 de agosto del 2011, en 1ra. Cumbre Regional Amaz\u00f3nica, los pueblos ind\u00edgenas amaz\u00f3nicos y las organizaciones nacionales de nueve pa\u00edses y en di\u00e1logo [&hellip;]<\/p>\n","protected":false},"author":2,"featured_media":0,"comment_status":"open","ping_status":"open","sticky":false,"template":"","format":"standard","meta":[],"categories":[75],"tags":[],"_links":{"self":[{"href":"https:\/\/tejidohistorico.afrodescendientes.com\/index.php\/wp-json\/wp\/v2\/posts\/2286"}],"collection":[{"href":"https:\/\/tejidohistorico.afrodescendientes.com\/index.php\/wp-json\/wp\/v2\/posts"}],"about":[{"href":"https:\/\/tejidohistorico.afrodescendientes.com\/index.php\/wp-json\/wp\/v2\/types\/post"}],"author":[{"embeddable":true,"href":"https:\/\/tejidohistorico.afrodescendientes.com\/index.php\/wp-json\/wp\/v2\/users\/2"}],"replies":[{"embeddable":true,"href":"https:\/\/tejidohistorico.afrodescendientes.com\/index.php\/wp-json\/wp\/v2\/comments?post=2286"}],"version-history":[{"count":0,"href":"https:\/\/tejidohistorico.afrodescendientes.com\/index.php\/wp-json\/wp\/v2\/posts\/2286\/revisions"}],"wp:attachment":[{"href":"https:\/\/tejidohistorico.afrodescendientes.com\/index.php\/wp-json\/wp\/v2\/media?parent=2286"}],"wp:term":[{"taxonomy":"category","embeddable":true,"href":"https:\/\/tejidohistorico.afrodescendientes.com\/index.php\/wp-json\/wp\/v2\/categories?post=2286"},{"taxonomy":"post_tag","embeddable":true,"href":"https:\/\/tejidohistorico.afrodescendientes.com\/index.php\/wp-json\/wp\/v2\/tags?post=2286"}],"curies":[{"name":"wp","href":"https:\/\/api.w.org\/{rel}","templated":true}]}}