{"id":2310,"date":"2011-08-27T17:19:40","date_gmt":"2011-08-27T17:19:40","guid":{"rendered":"http:\/\/www2.nasaacin.org\/index.php\/2011\/08\/27\/medellin-vanessa-y-susana-esto-tiene-que-cambiar\/"},"modified":"2011-08-27T17:19:40","modified_gmt":"2011-08-27T17:19:40","slug":"medellin-vanessa-y-susana-esto-tiene-que-cambiar","status":"publish","type":"post","link":"https:\/\/tejidohistorico.afrodescendientes.com\/index.php\/2011\/08\/27\/medellin-vanessa-y-susana-esto-tiene-que-cambiar\/","title":{"rendered":"Medell\u00edn: Vanessa y Susana \/ Esto tiene que cambiar"},"content":{"rendered":"<p>La noche del 26 de agosto de 2007 mientras trabajaba en un hotel en Marinilla, Luz Estela Vargas, perdi\u00f3 en un incendio a sus dos hijas, Susana y Vanessa, de 12 meses y 2 a\u00f1os respectivamente. Ella era desconectada de la energ\u00eda por ser pobre y no poder pagar las cuentas. El incendio lo produjo una vela y la deuda de Luz Estela con las Empresas P\u00fablicas de Medell\u00edn no superaba los 50 Dol\u00e1res.<\/p>\n<p>  <!--more-->  <\/p>\n<p>\u00a0<\/p>\n<\/p>\n<p><span style=\"font-size: x-small;\">La historia\u00a0de Vanessa y Susana, los desconectados de los servicios b\u00e1sicos<\/span><span style=\"font-size: large; font-family: Verdana; color: #006600;\"><a href=\"http:\/\/youtube.com\/watch?v=GToyW-Gvid0\" target=\"_blank\" rel=\"noopener noreferrer\"><span style=\"color: #0033cc;\"><br \/> <\/span><\/a><\/span><\/p>\n<p><span style=\"font-size: large; font-family: Verdana; color: #006600;\"><a href=\"http:\/\/youtube.com\/watch?v=GToyW-Gvid0\" target=\"_blank\" rel=\"noopener noreferrer\"><span style=\"color: #0033cc;\">Esto tiene que cambiar \/ Medell\u00edn<\/span><\/a> <\/span><br \/><span style=\"font-size: small; font-family: Verdana;\"><span style=\"display: inline;\"> <\/span><\/span><\/p>\n<p><span style=\"font-size: small; font-family: Verdana;\"><span style=\"display: inline;\">La  noche del 26 de agosto de 2007 mientras trabajaba en un hotel en  Marinilla, Luz Estela Vargas, perdi\u00f3 en un incendio a sus dos hijas,  Susana y Vanessa, de 12 meses y 2 a\u00f1os respectivamente. Ella era  desconectada de la energ\u00eda por ser pobre y no poder pagar las cuentas.  El incendio lo produjo una vela y la deuda de Luz Estela con las  Empresas P\u00fablicas de Medell\u00edn no superaba los 50 Dol\u00e1res. <\/span><\/span><span style=\"font-size: small; font-family: Verdana;\"><br \/> <span style=\"display: inline;\"> <\/span> <br \/><span style=\"display: inline;\"> <\/span><\/span><span style=\"font-size: small; font-family: Verdana;\"><a href=\"http:\/\/youtube.com\/watch?v=GToyW-Gvid0\" target=\"_blank\" rel=\"noopener noreferrer\">http:\/\/youtube.com\/watch?v=GToyW-Gvid0<\/a><\/span><\/p>\n<div><span style=\"font-size: small; font-family: Verdana;\">Duraci\u00f3n:\u00a06 minutos 40 segundos<\/p>\n<p><\/span><span style=\"font-size: small; font-family: Verdana;\">Una  realizaci\u00f3n de la Red de Organizaciones Comunitarias de Medell\u00edn y del  Observatorio Audiovisual e Investigativo sobre Procesos Comunitarios y  de Resistencia\u00a0\/ \u00c1rea de Comunicaciones &#8211; Asociaci\u00f3n Campesina de  Antioquia. <\/span><span style=\"font-size: small; font-family: Verdana;\"><\/p>\n<p><\/span><a href=\"http:\/\/www.youtube.com\/my_videos_edit?ns=1&#038;video_id=FEWciW0zadQ&#038;next=%2Fmy_videos\" target=\"_blank\" rel=\"noopener noreferrer\"><img src=\"http:\/\/i3.ytimg.com\/vi\/FEWciW0zadQ\/1.jpg\" border=\"0\" \/><\/a><a href=\"http:\/\/www.youtube.com\/my_videos_edit?ns=1&#038;video_id=FEWciW0zadQ&#038;next=%2Fmy_videos\" target=\"_blank\" rel=\"noopener noreferrer\"> <img src=\"http:\/\/i3.ytimg.com\/vi\/FEWciW0zadQ\/2.jpg\" border=\"0\" \/><\/a><a href=\"http:\/\/www.youtube.com\/my_videos_edit?ns=1&#038;video_id=FEWciW0zadQ&#038;next=%2Fmy_videos\" target=\"_blank\" rel=\"noopener noreferrer\"> <img src=\"http:\/\/i3.ytimg.com\/vi\/FEWciW0zadQ\/3.jpg\" border=\"0\" \/><\/a> <br \/> <strong><a href=\"http:\/\/www.youtube.com\/watch?v=FEWciW0zadQ\" target=\"_blank\" rel=\"noopener noreferrer\"><span style=\"font-size: small; font-family: Verdana;\">Esto tiene que cambiar \/ Documental &#8211; 32 minutos<\/span><\/a><\/strong><\/p>\n<p><span style=\"font-size: small; font-family: Verdana;\">VIDEO PROYECTADO EN LA AUDIENCIA POPULAR SOBRE SERVICIOS P\u00daBLICOS\u00a0EN ANTIOQUIA, REALIZADA EN\u00a0MEDELL\u00cdN EL 12 DE OCTUBRE DE 2007.<\/span> <\/p>\n<div><span style=\"font-size: small; font-family: Verdana;\"><span style=\"display:inline\"><span> <\/span><br \/>Muy  entre l\u00edneas los diarios de Medell\u00edn y en tono muy bajo las emisoras  locales dieron cuenta de la muerte de dos ni\u00f1as hermanitas en el barrio  Par\u00eds de Bello. La noticia genera ira e intenso dolor, porque EPM le  hab\u00eda desconectado los servicios a su mam\u00e1, Luz Estela Vargas, una  humilde trabajadora de un hotel de Marinilla, por el no pago de $60 mil\u2026  (30 Dol\u00e1res) Un crimen sin castigo. <\/span><\/span><\/div>\n<div><span style=\"font-size: small; font-family: Verdana;\"><span style=\"display:inline\"> <\/span><\/span><\/div>\n<div><span style=\"font-size: small; font-family: Verdana;\"><span style=\"display:inline\"><span style=\"font-family:Verdana\">La  noticia no pas\u00f3 tan desapercibida entre empleados y algunos directivos  de las Empresas P\u00fablicas de Medell\u00edn, que saben del derroche que hay en  la entidad y la feria de salarios en algunos rangos privilegiados,  incluidos funcionarios y asesores externos de <span>Orbitel<\/span> y de UNE. \u00bfDerroche? Miren este <span>datico<\/span>: EPM les dio una &#8220;bonificaci\u00f3n por <span>retiro&#8221;a<\/span> dos funcionarios para que se pensionaran, quienes ya reun\u00edan todos los requisitos para la jubilaci\u00f3n. A Francisco <span>Luis<\/span> Valderrama Aguilar $76 millones 213 mil 690 y a Federico Manuel Molina <span>Angel<\/span> Restrepo $50 millones 809 mil 705. <\/span><\/span><\/span><span style=\"font-size: small; font-family: Verdana;\"><span style=\"display:inline\"><span style=\"font-family:Verdana\"> <\/span><span style=\"font-family:Verdana\">\u00bfDerroche? Otros <span>daticos<\/span>. Hay una herramienta integradora de los sistemas que se llama <span>One<\/span> World. El 90% de los funcionarios de EPM lo utiliza. Cost\u00f3 la bicoca de <span>US$22<\/span> millones. Pues al se\u00f1or presidente de UNE, Alejandro <span>Ceballos<\/span>, no le sirvi\u00f3 el aparatito y compr\u00f3 uno que se llama SAP, por la bobadita de <span>US$44<\/span> millones, aparte de los costos de capacitaci\u00f3n, valor de licencias,  etc. Y el gerente Gaviria y el alcalde Fajardo impert\u00e9rritos,  desconectando las familias por deudas de $60 mil pesos.<\/span><\/span><\/span><\/p>\n<p><strong><span style=\"font-size: small; font-family: Verdana;\">Medell\u00edn: La Fiesta Blanca &#8211; Servicios P\u00fablicos<\/span><\/strong><span style=\"font-size: small; font-family: Verdana;\"><br \/> <\/span><span style=\"font-size: small; font-family: Verdana;\"><a href=\"http:\/\/www.youtube.com\/watch?v=GkpTxxtFbXM\" target=\"_blank\" rel=\"noopener noreferrer\"><span style=\"font-size: 12pt;\">http:\/\/www.youtube.com\/watch?v=GkpTxxtFbXM<\/span><\/a><\/span><\/div>\n<p>\u00a0<\/p>\n<p style=\"font-family:verdana,sans-serif\"><img loading=\"lazy\" src=\"http:\/\/www.surimages.com\/imagenes\/reportajes\/071000epmSSPP\/071006festCOMU-40.jpg\" border=\"0\" width=\"500\" height=\"290\" \/><\/p>\n<p><strong>>> <span>ESPECIAL SERVICIOS P\u00daBLICOS &#8211; SURIMAGES<\/span><\/strong><\/p>\n<p> <strong><span style=\"font-size: small; font-family: Verdana;\">&#8220;O COMEMOS, O PAGAMOS&#8221; <\/span><span style=\"font-size: small; font-family: Verdana;\"><span>Los desconectados de los servicio b\u00e1sicos<\/span><\/span><\/strong> <br \/><span style=\"font-size: small; font-family: Verdana;\">Parece una exageraci\u00f3n lo que afirman muchos de los habitantes de  Medell\u00edn, pero no lo es tanto, si la factura del agua y la energ\u00eda puede  suponer de media el 25 o el 30% de los ingresos de una familia. &#8220;O  comemos, o pagamos&#8221;, ya se ha convertido en un lema por la defensa de un  derecho fundamental. <\/span><a href=\"http:\/\/www.surimages.com\/reportajes\/071000desconecSSPP.htm\" target=\"_blank\" rel=\"noopener noreferrer\">http:\/\/www.surimages.com\/reportajes\/071000desconecSSPP.htm<\/a><\/p>\n<p><strong><span style=\"font-size: small; font-family: Verdana;\">ANCIANOS Y ENFERMOS, DESCONECTADOS &#8211; <\/span><span style=\"font-size: small; font-family: Verdana;\"><span>Algunos casos en Medell\u00edn <\/span><\/span><\/strong><span style=\"font-size: small; font-family: Verdana;\"><br \/> <\/span><span style=\"font-size: small; font-family: Verdana;\">Estos son cinco ejemplos de personas mayores, en muchos casos enfermas,  que no pueden pagar el agua y la luz. Algunos reciben 150.000 pesos (60  eur) de ayuda del Estado, cada dos meses,  si han cumplido 65 a\u00f1os. La  factura de servicios, como m\u00ednimo, ronda los 40.000 pesos cada mes, m\u00e1s  del 50% de sus ingresos mensuales. <\/span><a href=\"http:\/\/www.surimages.com\/reportajes\/071000casosSSPP.htm\" target=\"_blank\" rel=\"noopener noreferrer\">http:\/\/www.surimages.com\/reportajes\/071000casosSSPP.htm<\/a><br \/><span style=\"font-size: small; font-family: Verdana;\"><br \/> <\/span><\/div>\n<blockquote>\n<div><\/div>\n<blockquote>\n<div><\/div>\n<div><span style=\"font-size: small; font-family: Verdana;\"><img src=\"http:\/\/elturbion.modep.org\/drupal\/files\/DSC05228.JPG\" border=\"0\" alt=\"http:\/\/elturbion.modep.org\/drupal\/files\/DSC05228.JPG\" \/><\/span><\/div>\n<p> <span style=\"font-size: small; font-family: Verdana;\"><br \/> <\/span> <\/p>\n<div><span style=\"font-size: small; font-family: Verdana;\"><span style=\"display:inline\"> <\/span><\/span><span style=\"font-size: small; font-family: Verdana;\">DESCONECTADOS DE MEDELL\u00cdN DECLARAN QUE NO SE LES OFRECEN SOLUCIONES REALES A SUS PROBLEMAS<\/span><span style=\"font-size: small; font-family: Verdana;\"><\/p>\n<p><\/span> <\/p>\n<div>\n<div><\/div>\n<p style=\"text-align:center\" align=\"left\"><span style=\"font-size: small; font-family: Verdana;\"><strong><span style=\"font-family:arial,helvetica,sans-serif\">4\u00ba ENCUENTRO DE SECTORES POPULARES POR VIVIENDA DIGNA Y SERVICIOS P\u00daBLICOS DOMICILIARIOS: \u201cEL PUEBLO UNIDO SE LEVANTA Y LUCHA\u201d<img loading=\"lazy\" src=\"http:\/\/cjlibertad.org\/images\/stories\/Mesa_Interbarrial_de_Desconectados.jpg\" border=\"0\" alt=\"Mesa_Interbarrial_de_Desconectados\" width=\"191\" height=\"189\" style=\"float:right\" \/><\/span><\/strong><\/span><\/p>\n<p style=\"text-align:justify\"><span style=\"font-size: small; font-family: Verdana;\"><br \/><\/span><span style=\"font-size: small; font-family: Verdana;\"><span style=\"font-family:arial,helvetica,sans-serif\">Las  y los desconectados de los Servicios P\u00fablicos Domiciliarios en  Medell\u00edn, agrupados en la Mesa Interbarrial de Desconectados, expresamos  a la opini\u00f3n p\u00fablica nacional e internacional que las Empresas P\u00fablicas  de Medell\u00edn (EPM), la Alcald\u00eda y El Concejo Municipal han hecho caso  omiso a las exigencias de los habitantes de los sectores m\u00e1s  empobrecidos de la ciudad; dando tan s\u00f3lo un pa\u00f1o de agua tibia a esta  problem\u00e1tica, por medio de las pilas p\u00fablicas y la tarjeta prepago que  no son una soluci\u00f3n real para dar cobertura total de los servicios  b\u00e1sicos a la poblaci\u00f3n menos favorecida.<\/span><\/span><span style=\"font-size: small; font-family: Verdana;\"><br \/><\/span><span style=\"font-size: small; font-family: Verdana;\"><br \/><\/span><span style=\"font-size: small; font-family: Verdana;\"><span style=\"font-family:arial,helvetica,sans-serif\">Para  nosotras y nosotros es necesario seguir visibilizando esta problem\u00e1tica  y movilizarnos con el fin de buscar soluciones reales al problema de la  desconexi\u00f3n, buscando un di\u00e1logo con la Administraci\u00f3n municipal y EPM,  para que se garanticen nuestros derechos fundamentales. Por esta raz\u00f3n  salimos a la calle a movilizarnos este viernes 26 de Agosto a las 2:00  p.m. en la Plazoleta de La Alpujarra, con el Plant\u00f3n \u201cDIA DE LA DIGNIDAD  Y RESISTENCIA DE LOS DESCONECTADOS\u201d, cont\u00e1ndole a la ciudad nuestras  realidades y recordando la tragedia de una familia desconectada en el  a\u00f1o 2007 en el barrio Paris, donde murieron las ni\u00f1as Susana y Vanessa  quemadas tras un incendio en su vivienda causado por una vela usada para  alumbrase por falta de energ\u00eda el\u00e9ctrica. <\/span><\/span><span style=\"font-size: small; font-family: Verdana;\"><br \/><\/span><span style=\"font-size: small; font-family: Verdana;\"><br \/><\/span><span style=\"font-size: small; font-family: Verdana;\"><span style=\"font-family:arial,helvetica,sans-serif\">Pero  no solo salir a la calle es importante, tambi\u00e9n consideramos necesario  tener un espacio de encuentro entre las comunidades, donde nos  escuchemos y planteemos soluciones a nuestras problem\u00e1ticas. Pues la  carencia de servicios p\u00fablicos es una consecuencia de nuestra condici\u00f3n  socio-econ\u00f3mica, ya que la mayor\u00eda de las personas que habitamos los  sectores perif\u00e9ricos somos desplazados y v\u00edctimas de los actores armados  y llegamos a la ciudad de Medell\u00edn despojados de nuestras pertenencias a  ocupar un espacio en la ciudad para continuar con nuestras vidas pero  con dignidad.<\/span><\/span><span style=\"font-size: small; font-family: Verdana;\"><br \/><\/span><span style=\"font-size: small; font-family: Verdana;\"><br \/><\/span><span style=\"font-size: small; font-family: Verdana;\"><span style=\"font-family:arial,helvetica,sans-serif\">La  Mesa Interbarrial es un proceso organizativo que surgi\u00f3 en el a\u00f1o 2009  en el segundo Encuentro de Desconectados de los Servicios P\u00fablicos, como  propuesta de resistencia, articulaci\u00f3n y movilizaci\u00f3n para la  exigibilidad de nuestros derechos fundamentales. Hoy seguimos caminando,  por esto queremos tambi\u00e9n invitarlos al 4\u00ba ENCUENTRO DE SECTORES  POPULARES POR VIVIENDA DIGNA Y SERVICIOS P\u00daBLICOS DOMICILIARIOS que se  realizar\u00e1 este pr\u00f3ximo domingo 28 de agosto de 9:00 a.m. a 4:00 p.m. En  las instalaciones de la Fundaci\u00f3n Universitaria Claretiana, ubicada en  la calle 61 No. 55A-50 (Cerca de La Minorista en la avenida  Ferrocarril), donde construiremos una proclama que recoja las  principales exigencias de las comunidades y c\u00f3mo haremos para hacerlas  valer. <\/span><\/span><span style=\"font-size: small; font-family: Verdana;\"><br \/><\/span><span style=\"font-size: small; font-family: Verdana;\"><br \/><\/span><span style=\"font-size: small; font-family: Verdana;\"><span style=\"font-family:arial,helvetica,sans-serif\">Porque  Los derechos al Agua potable, la electricidad, el saneamiento b\u00e1sico,  la Vivienda Digna, as\u00ed como a La salud y al empleo digno son  fundamentales para la poblaci\u00f3n, no son una mercanc\u00eda. <\/span><\/span><\/p>\n<p style=\"text-align:center\"><span style=\"font-size: small;\"><br \/><\/span><span style=\"font-size: small;\"><strong><span style=\"font-family:arial,helvetica,sans-serif\">Fraternalmente<\/span><\/strong><\/span><span style=\"font-size: small;\"><br \/> <\/span><span style=\"font-size: small;\"><strong><span style=\"font-family:arial,helvetica,sans-serif\">Mesa Interbarrial de desconectad@s<\/span><\/strong><\/span><\/p>\n<\/p><\/div>\n<p> <span style=\"font-size: small;\"><span style=\"display:inline\"><span style=\"font-family:Verdana\"><br \/><\/span><\/span><\/span> <\/p>\n<div><\/div>\n<div>\n<div><\/div>\n<p align=\"center\"><img loading=\"lazy\" src=\"http:\/\/cjlibertad.org\/images\/stories\/H1.jpg\" border=\"0\" alt=\"H1\" width=\"575\" height=\"763\" \/><\/p>\n<div><\/div>\n<p align=\"center\"><img loading=\"lazy\" src=\"http:\/\/cjlibertad.org\/images\/stories\/H2.jpg\" border=\"0\" alt=\"H2\" width=\"572\" height=\"768\" \/><\/p>\n<div><\/div>\n<p align=\"center\"><img loading=\"lazy\" src=\"http:\/\/cjlibertad.org\/images\/stories\/H3.jpg\" border=\"0\" alt=\"H3\" width=\"583\" height=\"768\" \/><\/p>\n<div><\/div>\n<p align=\"center\"><img loading=\"lazy\" src=\"http:\/\/cjlibertad.org\/images\/stories\/H4.jpg\" border=\"0\" alt=\"H4\" width=\"571\" height=\"768\" \/><\/p>\n<\/p><\/div>\n<\/p><\/div>\n<\/blockquote>\n<\/blockquote>\n<p>\u00a0<\/p>\n<p>\u00a0<\/p>\n","protected":false},"excerpt":{"rendered":"<p>La noche del 26 de agosto de 2007 mientras trabajaba en un hotel en Marinilla, Luz Estela Vargas, perdi\u00f3 en un incendio a sus dos hijas, Susana y Vanessa, de 12 meses [&hellip;]<\/p>\n","protected":false},"author":2,"featured_media":0,"comment_status":"open","ping_status":"open","sticky":false,"template":"","format":"standard","meta":[],"categories":[75],"tags":[],"_links":{"self":[{"href":"https:\/\/tejidohistorico.afrodescendientes.com\/index.php\/wp-json\/wp\/v2\/posts\/2310"}],"collection":[{"href":"https:\/\/tejidohistorico.afrodescendientes.com\/index.php\/wp-json\/wp\/v2\/posts"}],"about":[{"href":"https:\/\/tejidohistorico.afrodescendientes.com\/index.php\/wp-json\/wp\/v2\/types\/post"}],"author":[{"embeddable":true,"href":"https:\/\/tejidohistorico.afrodescendientes.com\/index.php\/wp-json\/wp\/v2\/users\/2"}],"replies":[{"embeddable":true,"href":"https:\/\/tejidohistorico.afrodescendientes.com\/index.php\/wp-json\/wp\/v2\/comments?post=2310"}],"version-history":[{"count":0,"href":"https:\/\/tejidohistorico.afrodescendientes.com\/index.php\/wp-json\/wp\/v2\/posts\/2310\/revisions"}],"wp:attachment":[{"href":"https:\/\/tejidohistorico.afrodescendientes.com\/index.php\/wp-json\/wp\/v2\/media?parent=2310"}],"wp:term":[{"taxonomy":"category","embeddable":true,"href":"https:\/\/tejidohistorico.afrodescendientes.com\/index.php\/wp-json\/wp\/v2\/categories?post=2310"},{"taxonomy":"post_tag","embeddable":true,"href":"https:\/\/tejidohistorico.afrodescendientes.com\/index.php\/wp-json\/wp\/v2\/tags?post=2310"}],"curies":[{"name":"wp","href":"https:\/\/api.w.org\/{rel}","templated":true}]}}