{"id":2346,"date":"2011-09-02T18:10:24","date_gmt":"2011-09-02T18:10:24","guid":{"rendered":"http:\/\/www2.nasaacin.org\/index.php\/2011\/09\/02\/la-ley-del-terror-de-los-paramilitares-en-cauca\/"},"modified":"2011-09-02T18:10:24","modified_gmt":"2011-09-02T18:10:24","slug":"la-ley-del-terror-de-los-paramilitares-en-cauca","status":"publish","type":"post","link":"https:\/\/tejidohistorico.afrodescendientes.com\/index.php\/2011\/09\/02\/la-ley-del-terror-de-los-paramilitares-en-cauca\/","title":{"rendered":"La ley del terror de los paramilitares en Cauca"},"content":{"rendered":"<p \/>En una versi\u00f3n libre durante seis d\u00edas, 18 ex paramilitares confesaron 28 casos de asesinatos en El Bordo, Bol\u00edvar, Rosas, Pat\u00eda, Timb\u00edo, Balboa y Mercaderes. La Fiscal\u00eda de Justicia y Paz reuni\u00f3 a los ex paramilitares, entre patrulleros, mandos medios y jefes, para que confesaran ante los familiares de sus v\u00edctimas c\u00f3mo fueron los cr\u00edmenes que cometieron entre 2001 y 2003, cuando pertenecieron al <a href=\"http:\/\/www.verdadabierta.com\/victimarios\/los-bloques\/826-bloque-calima\" target=\"_blank\" rel=\"noopener noreferrer\">Frente Farallones del Bloque Calima.<\/a>  <!--more-->  <\/p>\n<p><span style=\"color: #808080;\">En el departamento de Cauca deliqui\u00f3 el Frente  Farallones del Bloque Calima, que desde los municipios de Jamund\u00ed (Valle  del Cauca) y de Buenos Aires (Cauca), inici\u00f3 su expansi\u00f3n hacia el sur  del departamento.<\/span><br \/><img loading=\"lazy\" src=\"http:\/\/www.verdadabierta.com\/images\/home\/p-mas-articulos.png\" border=\"0\" width=\"98\" height=\"22\" \/><br \/>&#8211; <a href=\"http:\/\/www.verdadabierta.com\/component\/content\/article\/80-versiones\/3304-la-llegada-de-los-paras-a-santander-de-quilichao\" target=\"_blank\" rel=\"noopener noreferrer\">La llegada de los &#8216;paras&#8217; a Santander de Quilichao<\/a><br \/>&#8211; <a href=\"http:\/\/www.verdadabierta.com\/justicia-y-paz\/3240-la-llegada-de-los-paras-a-puerto-tejada\">La llegada de los &#8216;paras&#8217; a Puerto Tejada<\/a><br \/><span class=\"contentpagetitle\">&#8211; <\/span><a class=\"contentpagetitle\" href=\"http:\/\/www.verdadabierta.com\/justicia-y-paz\/3395-los-perdonamos-pero-no-estan-diciendo-la-verdad-victimas-del-calima\">Los perdonamos pero no dicen la verdad: v\u00edctimas del Calima<\/a><\/p>\n<p>\u00a0<\/p>\n<p>\u00a0<\/p>\n<p>\u00a0<\/p>\n<p>La audiencia  se desarroll\u00f3 desde de la ciudad de Cali (Valle del Cauca) y fue  transmitida en vivo a Popay\u00e1n (Cauca) para que las v\u00edctimas escucharan y  cuestionaran a sus victimarios.<\/p>\n<p>Estos cuarenta asesinatos no  ocurrieron durante enfrentamientos contra grupos guerrilleros, sino que  fueron muertes selectivas en los cascos urbanos y veredas de supuestos  milicianos, colaboradores de la guerrilla, delincuentes o consumidores  de drogas.<\/p>\n<p>Jos\u00e9 Ruperto Garc\u00eda Quiroga, alias &#8216;El Gato&#8217;, quien  tuvo temporalmente bajo su mando la zona del sur del Cauca, explic\u00f3 que  la orden que ten\u00edan sus hombres era \u201chacer limpieza en la v\u00eda  Popay\u00e1n-sur del Cuaca (Panamericana), porque hab\u00edan muchos atracadores y  la guerrilla hac\u00eda retenes. Los declaramos objetivo militar porque  alteraban el orden que llev\u00e1bamos en esa regi\u00f3n\u201d.<\/p>\n<p>Sobre los asesinatos de personas por fuera de combate, el <a href=\"http:\/\/www.verdadabierta.com\/victimarios\/3085-elkin-casarrubia-posada-alias-el-cura\" target=\"_blank\" rel=\"noopener noreferrer\">ex jefe militar y segundo al mando del Bloque Calima, Elkin Casarrubia Posada, alias &#8216;El Cura&#8217;<\/a>,  se\u00f1al\u00f3 que \u201csiempre las autodefensas, donde operaban o controlaban el  territorio, las personas que alteraran el orden o hicieran da\u00f1o a la  comunidad, eran muertos o echados del territorio\u201d.<\/p>\n<p>Bajo esos  lineamientos, los urbanos -que eran los paramilitares instalados en los  pueblos que vest\u00edan de civil y generalmente usaban armas cortas-,  asesinaron a supuestos milicianos del Frente 60 de las Farc, ladrones de  ganado del Eln, bandas que hurtaban veh\u00edculos para las guerrillas y  delincuentes del com\u00fan.<\/p>\n<p>La mayor\u00eda de los familiares las v\u00edctimas  rechazaron esas afirmaciones y recordaron a sus seres queridos como  gente honrada y trabajadora.<\/p>\n<p>Alias &#8216;La Muerte&#8217; confes\u00f3 que el 11  de mayo de 2002, en la vereda El Saque de Bol\u00edvar, \u00e9l y alias  &#8216;Cascarita&#8217; asesinaron a tres hombres al que un informante encapuchado  se\u00f1al\u00f3 como supuestos ladrones de ganado del Eln. <\/p>\n<p>Las tres v\u00edctimas fueron ejecutadas cuando estaban tendidas en el piso bocabajo, por \u00f3rdenes de alias &#8216;JC&#8217;.<\/p>\n<p>Otra  persona que fue asesinada porque, seg\u00fan las labores de \u201cinteligencia\u201d  de los urbanos, se\u00f1alaban que ten\u00eda nexos con el Eln, fue el exalcalde  de Rosas Tulio Ernesto Valencia Mondrag\u00f3n, quien fue ultimado el 26 de  marzo de 2002.<\/p>\n<p>Jos\u00e9 Fernando Cardona, alias &#8216;El Gato&#8217; -este es  otro paramilitar que tiene el mismo apodo del jefe paramilitar Garc\u00eda  Quiroga-, confes\u00f3 que \u00e9l, alias &#8216;Pelirrojo&#8217; y alias &#8216;El Loco&#8217; le  dispararon al ex mandatario cuando asisti\u00f3 a cumplirles una cita en un  hotel del municipio de Rosas. \u201cSe le da muerte porque era colaborador de  los elenos. Dec\u00edan que los elenos lo hab\u00edan subido como alcalde\u201d,  se\u00f1al\u00f3. <\/p>\n<p>Meses despu\u00e9s en ese mismo municipio, los paramilitares  mataron a un joven que, durante la versi\u00f3n, reconocieron que fue  asesinado equivocadamente. El 20 de julio en el corregimiento de  P\u00e1rraga, el ex jefe paramilitar alias &#8216;JC&#8217; asesin\u00f3 a Jimmy Jos\u00e9 Cruz\u00a0  G\u00f3mez, creyendo que pertenec\u00eda a una banda de atracadores, seg\u00fan la  informaci\u00f3n que le dio uno de sus \u201cinformantes\u201d.<\/p>\n<p>Seg\u00fan cont\u00f3  alias &#8216;Bryan&#8217;, al d\u00eda siguiente &#8216;JC&#8217; dijo que se hab\u00eda equivocado y  asesinado a un estudiante. El ex jefe paramilitar alias &#8216;El Gato&#8217;,  reconoci\u00f3 que \u201ccomo en toda guerra irregular, cay\u00f3 mucha gente inocente\u201d<\/p>\n<p>Los  ladrones de veh\u00edculos tambi\u00e9n estaban dentro de los objetivos del  Frente Farallones. El 13 de octubre de 2001 asesinaron a una persona en  El Bordo porque \u201cten\u00eda azotado al pueblo robando carros\u201d.<\/p>\n<p>Otro  caso ocurri\u00f3 durante el Festival de Blancos y Negros que se celebraba en  Timb\u00edo el 7 de enero de 2002, cuando fue asesinado un hombre conocido  como &#8216;El Tubo&#8217; en el parque principal de ese municipio.<\/p>\n<p>Alias  &#8216;Fosforito&#8217; cont\u00f3 que esta persona fue se\u00f1alada por alias &#8216;Cepillo&#8217; como  miembro de una banda de Popay\u00e1n que robaba veh\u00edculos para la guerrilla,  y por esa raz\u00f3n, alias &#8216;Andr\u00e9s&#8217; le dispar\u00f3 con un revolver.<\/p>\n<p>Meses  antes, en septiembre de 2001, los paramilitares asesinaron a una se\u00f1ora  que supuestamente tambi\u00e9n hac\u00eda parte de esa banda de atracadores.  Seg\u00fan lo contado por el urbano alias &#8216;El Gato&#8217;, a la se\u00f1ora le  advirtieron en varias ocasiones que abandonara ese grupo delincuencial,  pero finalmente fue asesinada por alias &#8216;Binomio&#8217; porque no les hizo  caso.<\/p>\n<p>Uno de los paramilitares que se\u00f1alaba a los supuestos  milicianos y colaboradores de la subversi\u00f3n fue alias &#8216;Cascarita&#8217;, quien  se pas\u00f3 a las filas del Bloque Calima, despu\u00e9s de haber militado en las  Farc.<\/p>\n<p>La limpieza de los paramilitares tambi\u00e9n inclu\u00eda a  consumidores de drogas. El 15 de agosto de 2001 en Timb\u00edo, el entonces  jefe paramilitar alias &#8216;Cepillo&#8217; orden\u00f3 asesinar a un hombre que iba  pasando por un puente peatonal porque \u201cconsum\u00eda marihuana y bazuco\u201d.<\/p>\n<p>Seg\u00fan  cont\u00f3 alias &#8216;Bryan&#8217;, el encargado de asesinarlo fue&#8217; Andr\u00e9s&#8217;, quien le  dispar\u00f3 en varias ocasiones porque \u201chac\u00edan limpieza social contra los  que alteraran el orden\u201d.<\/p>\n<p>Al ser cuestionado sobre los posibles  nexos con las autoridades para cometer estos cr\u00edmenes, &#8216;El Cura&#8217; dijo  que no ten\u00eda informaci\u00f3n de funcionarios porque de eso se encargaban los  comandantes y coordinadores de cada zona, pero indic\u00f3 que \u201ca veces se  coordin\u00f3 con la fuerza p\u00fablica que daba informaci\u00f3n de personas que  capturaba y quedaban libres. Nos daban la informaci\u00f3n, nosotros  actu\u00e1bamos y los mat\u00e1bamos\u201d.<\/p>\n<p><strong><span>Apertura\t\t\t\t\t\t\t\t\t\t\t &#8211; <\/span><span> Justicia y Paz<\/span><\/strong><\/p>\n<p><a href=\"http:\/\/www.verdadabierta.com\/index.php?option=com_content&#038;id=3505\">http:\/\/www.verdadabierta.com\/index.php?option=com_content&#038;id=3505<\/a><br \/> <span class=\"article_separator\"> <\/span><\/p>\n<p>\u00a0<\/p>\n","protected":false},"excerpt":{"rendered":"<p>En una versi\u00f3n libre durante seis d\u00edas, 18 ex paramilitares confesaron 28 casos de asesinatos en El Bordo, Bol\u00edvar, Rosas, Pat\u00eda, Timb\u00edo, Balboa y Mercaderes. La Fiscal\u00eda de Justicia y Paz reuni\u00f3 [&hellip;]<\/p>\n","protected":false},"author":2,"featured_media":0,"comment_status":"open","ping_status":"open","sticky":false,"template":"","format":"standard","meta":[],"categories":[75],"tags":[],"_links":{"self":[{"href":"https:\/\/tejidohistorico.afrodescendientes.com\/index.php\/wp-json\/wp\/v2\/posts\/2346"}],"collection":[{"href":"https:\/\/tejidohistorico.afrodescendientes.com\/index.php\/wp-json\/wp\/v2\/posts"}],"about":[{"href":"https:\/\/tejidohistorico.afrodescendientes.com\/index.php\/wp-json\/wp\/v2\/types\/post"}],"author":[{"embeddable":true,"href":"https:\/\/tejidohistorico.afrodescendientes.com\/index.php\/wp-json\/wp\/v2\/users\/2"}],"replies":[{"embeddable":true,"href":"https:\/\/tejidohistorico.afrodescendientes.com\/index.php\/wp-json\/wp\/v2\/comments?post=2346"}],"version-history":[{"count":0,"href":"https:\/\/tejidohistorico.afrodescendientes.com\/index.php\/wp-json\/wp\/v2\/posts\/2346\/revisions"}],"wp:attachment":[{"href":"https:\/\/tejidohistorico.afrodescendientes.com\/index.php\/wp-json\/wp\/v2\/media?parent=2346"}],"wp:term":[{"taxonomy":"category","embeddable":true,"href":"https:\/\/tejidohistorico.afrodescendientes.com\/index.php\/wp-json\/wp\/v2\/categories?post=2346"},{"taxonomy":"post_tag","embeddable":true,"href":"https:\/\/tejidohistorico.afrodescendientes.com\/index.php\/wp-json\/wp\/v2\/tags?post=2346"}],"curies":[{"name":"wp","href":"https:\/\/api.w.org\/{rel}","templated":true}]}}