{"id":2360,"date":"2011-09-07T17:58:04","date_gmt":"2011-09-07T17:58:04","guid":{"rendered":"http:\/\/www2.nasaacin.org\/index.php\/2011\/09\/07\/cauca-marcha-por-la-vida-y-el-respeto-a-los-dh\/"},"modified":"2011-09-07T17:58:04","modified_gmt":"2011-09-07T17:58:04","slug":"cauca-marcha-por-la-vida-y-el-respeto-a-los-dh","status":"publish","type":"post","link":"https:\/\/tejidohistorico.afrodescendientes.com\/index.php\/2011\/09\/07\/cauca-marcha-por-la-vida-y-el-respeto-a-los-dh\/","title":{"rendered":"Cauca: Marcha por la vida y el respeto a los DH"},"content":{"rendered":"<p \/>A trav\u00e9s de la presente, la Red por la Vida y los Derechos Humanos del  Cauca, socializa a toda la comunidad la convocatoria y el llamado de las comunidades de El  Placer y Hato Viejo del municipio de Mercaderes Cauca y el llamado de  familiares de v\u00edctimas, las cuales convocan a una MARCHA POR LA VIDA Y  EL RESPETO A LOS DERECHOS HUMANOS, que se realizar\u00e1 el pr\u00f3ximo 9 de  septiembre de 2.011 en la cabecera municipal de Mercaderes.  <!--more-->  <\/p>\n<h2><\/h2>\n<h2>MARCHA POR LA VIDA Y EL RESPETO A LOS DERECHOS HUMANOS EN MERCADERES CAUCA<\/h2>\n<p>9 de septiembre de 2.011<\/p>\n<p>A trav\u00e9s de la presente, la Red por la Vida y los Derechos Humanos del Cauca, socializa a toda la comunidad regional y nacional, a organismos de derechos humanos, a entidades de Control del Estado y a los medios de comunicaci\u00f3n, la convocatoria y el llamado de las comunidades de El Placer y Hato Viejo del municipio de Mercaderes Cauca y el llamado de familiares de v\u00edctimas, las cuales convocan a una MARCHA POR LA VIDA Y EL RESPETO A LOS DERECHOS HUMANOS, que se realizar\u00e1 el pr\u00f3ximo 9 de septiembre de 2.011 en la cabecera municipal de Mercaderes.<\/p>\n<p>Como antecedentes de esta jornada se tiene el incremento en la violaci\u00f3n a los derechos humanos, los homicidios con arma de fuego en este municipio y concretamente el homicidio, de JUVENCIO SOSCU\u00c9 BENAVIDES el pasado 24 de julio de 2.011 manos de la Polic\u00eda Nacional, seg\u00fan informaci\u00f3n y denuncia de familiares y comunidad en general.<\/p>\n<p>Delegados-as de la Red por la Vida y Los Derechos Humanos del Cauca asistiremos a la marcha y esperamos que otras iniciativas y organizaciones de derechos humanos y\u00a0 medios de comunicaci\u00f3n tambi\u00e9n lo hagan, que permita que permita que acciones como \u00e9sta, contribuyan a visibilizar la situaciones en materia de DDHH de las comunidades, acompa\u00f1ar las v\u00edctimas y sus familias y, trabajar arduamente contra la impunidad y por la verdad y la justicia.<\/p>\n<p>Popay\u00e1n, 05 de septiembre de 2.011. <\/p>\n<p>Red por la Vida y los Derechos Humanos del Cauca<br \/>Cima &#8211; Cric- Anuc u.r. &#8211; Codesco &#8211; Mcc -Ruta Pac\u00edfica de las Mujeres<\/p>\n","protected":false},"excerpt":{"rendered":"<p>A trav\u00e9s de la presente, la Red por la Vida y los Derechos Humanos del Cauca, socializa a toda la comunidad la convocatoria y el llamado de las comunidades de El Placer [&hellip;]<\/p>\n","protected":false},"author":2,"featured_media":0,"comment_status":"open","ping_status":"open","sticky":false,"template":"","format":"standard","meta":[],"categories":[61],"tags":[],"_links":{"self":[{"href":"https:\/\/tejidohistorico.afrodescendientes.com\/index.php\/wp-json\/wp\/v2\/posts\/2360"}],"collection":[{"href":"https:\/\/tejidohistorico.afrodescendientes.com\/index.php\/wp-json\/wp\/v2\/posts"}],"about":[{"href":"https:\/\/tejidohistorico.afrodescendientes.com\/index.php\/wp-json\/wp\/v2\/types\/post"}],"author":[{"embeddable":true,"href":"https:\/\/tejidohistorico.afrodescendientes.com\/index.php\/wp-json\/wp\/v2\/users\/2"}],"replies":[{"embeddable":true,"href":"https:\/\/tejidohistorico.afrodescendientes.com\/index.php\/wp-json\/wp\/v2\/comments?post=2360"}],"version-history":[{"count":0,"href":"https:\/\/tejidohistorico.afrodescendientes.com\/index.php\/wp-json\/wp\/v2\/posts\/2360\/revisions"}],"wp:attachment":[{"href":"https:\/\/tejidohistorico.afrodescendientes.com\/index.php\/wp-json\/wp\/v2\/media?parent=2360"}],"wp:term":[{"taxonomy":"category","embeddable":true,"href":"https:\/\/tejidohistorico.afrodescendientes.com\/index.php\/wp-json\/wp\/v2\/categories?post=2360"},{"taxonomy":"post_tag","embeddable":true,"href":"https:\/\/tejidohistorico.afrodescendientes.com\/index.php\/wp-json\/wp\/v2\/tags?post=2360"}],"curies":[{"name":"wp","href":"https:\/\/api.w.org\/{rel}","templated":true}]}}