{"id":2364,"date":"2011-09-08T16:38:39","date_gmt":"2011-09-08T16:38:39","guid":{"rendered":"http:\/\/www2.nasaacin.org\/index.php\/2011\/09\/08\/cepeda-entrega-a-la-fiscalia-declaracion-que-compromete-a-uribe-con-paras\/"},"modified":"2011-09-08T16:38:39","modified_gmt":"2011-09-08T16:38:39","slug":"cepeda-entrega-a-la-fiscalia-declaracion-que-compromete-a-uribe-con-paras","status":"publish","type":"post","link":"https:\/\/tejidohistorico.afrodescendientes.com\/index.php\/2011\/09\/08\/cepeda-entrega-a-la-fiscalia-declaracion-que-compromete-a-uribe-con-paras\/","title":{"rendered":"Cepeda entrega a la Fiscal\u00eda declaraci\u00f3n que compromete a Uribe con &#8216;paras&#8217;"},"content":{"rendered":"<p \/>El representante present\u00f3 la declaraci\u00f3n de Pablo Sierra, alias &#8216;Alberto Guerrero&#8217;, sobre la conformaci\u00f3n de grupos de autodefensa mientras el expresidente fue gobernador de Antioquia. El exparamilitar Pablo Hern\u00e1n Sierra en di\u00e1logo con Iv\u00e1n Cepeda pidi\u00f3 a Uribe desmovilizarse.   <!--more-->  <\/p>\n<p>Este mi\u00e9rcoles el representante a la C\u00e1mara del Polo,<strong><a href=\"http:\/\/www.elespectador.com\/noticias\/politica\/articulo-297629-cepeda-entrega-fiscalia-declaracion-compromete-uribe-paras\" target=\"_blank\" rel=\"noopener noreferrer\"> Iv\u00e1n Cepeda Castro<\/a>,<\/strong> dio a conocer una pol\u00e9mica declaraci\u00f3n del exjefe paramilitar Pablo Hern\u00e1n Sierra Garc\u00eda, alias &#8216;Alberto Guerrero&#8217;.<\/p>\n<p>En un di\u00e1logo entre Cepeda y el exparamilitar, mientras el legislador visitaba la c\u00e1rcel de Itag\u00fc\u00ed el 19 de agostos de 2011, Sierra acus\u00f3 al expresidente \u00c1lvaro Uribe V\u00e9lez de la fundaci\u00f3n de las Autodefensas Unidas de Colombia (Auc) en San Roque (Antioquia) a mediados de los a\u00f1os 90, cuando fue gobernador de Antioquia.<\/p>\n<p>En la versi\u00f3n, dada a conocer por Cepeda, rese\u00f1a c\u00f3mo el paramilitar se\u00f1ala que el Bloque Metro de las Autodefensas tuvo como su base de operaciones la hacienda Guacharacas de propiedad del exgobernador Uribe V\u00e9lez.<\/p>\n<p>El exparamilitar asegura en la grabaci\u00f3n, que los fundadores de aquel grupo paramilitar fueron, adem\u00e1s de los hermanos \u00c1lvaro y Santiago Uribe V\u00e9lez, el empresario ganadero Luis Alberto Villegas Uribe, su hermano Juan Guillermo Villegas Uribe, diputado a la Asamblea de Antioquia, y Santiago Gall\u00f3n Henao, ganadero y caballista condenado por paramilitarismo.<\/p>\n<p>Seg\u00fan cuenta el exjefe paramilitar, una de las causas que llevaron a la conformaci\u00f3n del Bloque Metro, fue la incursi\u00f3n en la regi\u00f3n del Bloque Bernardo L\u00f3pez Arroyave del ELN, en cabeza de Francisco Javier Zuluaga alias \u201cJuan Pablo\u201d, quien dirigi\u00f3 la quema de la hacienda Guacharacas y el robo de 600 cabezas de ganado y varios caballos y mulares de propiedad de los Uribe V\u00e9lez. Afirma que uno de los ejemplares robados fue un macho de paso fino muy apreciado por entonces gobernador Uribe, que luego fue utilizado por el jefe guerrillero para patrullar la regi\u00f3n.<\/p>\n<p>Sierra relata, seg\u00fan Cepeda, que despu\u00e9s de la incursi\u00f3n guerrillera y el robo de los animales, el gobernador \u00c1lvaro Uribe ofreci\u00f3 una recompensa por informaci\u00f3n que condujera la captura de alias \u201cJuan Pablo\u201d, recompensa que seg\u00fan consta en sentencia del Juzgado Primero Penal Especializado de Antioquia del 9 de enero de 2003, fue cobrada utilizando el nombre y documento de una persona fallecida, luego de que el ej\u00e9rcito reportara la baja del guerrillero en un combate.<\/p>\n<p>A partir de ese momento, dice Sierra, comenzaron los desplazamientos y las masacres en la regi\u00f3n, a manos del reci\u00e9n conformado grupo paramilitar, y que la base principal de operaciones y reuniones era la hacienda Guacharacas.<\/p>\n<p>En la parte final de la grabaci\u00f3n, el exjefe paramilitar se\u00f1ala que para las dos campa\u00f1as presidenciales de \u00c1lvaro Uribe, todas las estructuras de las AUC recogieron dinero y lo apoyaron decididamente en las distintas regiones del pa\u00eds para lograr su elecci\u00f3n.<\/p>\n<p><a href=\"http:\/\/www.elespectador.com\/noticias\/politica\/articulo-297629-cepeda-entrega-fiscalia-declaracion-compromete-uribe-paras\">El representante Iv\u00e1n Cepeda<\/a> puntualiz\u00f3 que la entrega de esta grabaci\u00f3n se hace como parte de sus funciones parlamentarias para que el \u00f3rgano investigador adelante las acciones pertinentes, y destac\u00f3 que las afirmaciones del exparamilitar deben ser investigadas por la Fiscal\u00eda General y no por la Comisi\u00f3n de Acusaci\u00f3n de la C\u00e1mara, por cuanto los hechos narrados ocurrieron antes de que \u00c1lvaro Uribe asumiera la presidencia de la Rep\u00fablica en 2002.<\/p>\n<p>Cepeda inst\u00f3 a las autoridades a que avancen en esta investigaci\u00f3n de manera pronta y eficiente, y solicit\u00f3 que se les brinden las medidas de protecci\u00f3n necesarias al se\u00f1or Pablo Hern\u00e1n Sierra y al se\u00f1or Juan Monsalve, y a sus familias.<\/p>\n<h5>Por: Elespectador.com<\/h5>\n<p><a href=\"http:\/\/www.elespectador.com\/noticias\/politica\/articulo-297629-cepeda-entrega-fiscalia-declaracion-compromete-uribe-paras\">http:\/\/www.elespectador.com\/noticias\/politica\/articulo-297629-cepeda-entrega-fiscalia-declaracion-compromete-uribe-paras<\/a><\/p>\n","protected":false},"excerpt":{"rendered":"<p>El representante present\u00f3 la declaraci\u00f3n de Pablo Sierra, alias &#8216;Alberto Guerrero&#8217;, sobre la conformaci\u00f3n de grupos de autodefensa mientras el expresidente fue gobernador de Antioquia. El exparamilitar Pablo Hern\u00e1n Sierra en di\u00e1logo [&hellip;]<\/p>\n","protected":false},"author":2,"featured_media":0,"comment_status":"open","ping_status":"open","sticky":false,"template":"","format":"standard","meta":[],"categories":[75],"tags":[],"_links":{"self":[{"href":"https:\/\/tejidohistorico.afrodescendientes.com\/index.php\/wp-json\/wp\/v2\/posts\/2364"}],"collection":[{"href":"https:\/\/tejidohistorico.afrodescendientes.com\/index.php\/wp-json\/wp\/v2\/posts"}],"about":[{"href":"https:\/\/tejidohistorico.afrodescendientes.com\/index.php\/wp-json\/wp\/v2\/types\/post"}],"author":[{"embeddable":true,"href":"https:\/\/tejidohistorico.afrodescendientes.com\/index.php\/wp-json\/wp\/v2\/users\/2"}],"replies":[{"embeddable":true,"href":"https:\/\/tejidohistorico.afrodescendientes.com\/index.php\/wp-json\/wp\/v2\/comments?post=2364"}],"version-history":[{"count":0,"href":"https:\/\/tejidohistorico.afrodescendientes.com\/index.php\/wp-json\/wp\/v2\/posts\/2364\/revisions"}],"wp:attachment":[{"href":"https:\/\/tejidohistorico.afrodescendientes.com\/index.php\/wp-json\/wp\/v2\/media?parent=2364"}],"wp:term":[{"taxonomy":"category","embeddable":true,"href":"https:\/\/tejidohistorico.afrodescendientes.com\/index.php\/wp-json\/wp\/v2\/categories?post=2364"},{"taxonomy":"post_tag","embeddable":true,"href":"https:\/\/tejidohistorico.afrodescendientes.com\/index.php\/wp-json\/wp\/v2\/tags?post=2364"}],"curies":[{"name":"wp","href":"https:\/\/api.w.org\/{rel}","templated":true}]}}