{"id":2368,"date":"2011-09-09T14:07:43","date_gmt":"2011-09-09T14:07:43","guid":{"rendered":"http:\/\/www2.nasaacin.org\/index.php\/2011\/09\/09\/peru-hacia-la-moratoria-extractiva-en-amazonia-norte\/"},"modified":"2011-09-09T14:07:43","modified_gmt":"2011-09-09T14:07:43","slug":"peru-hacia-la-moratoria-extractiva-en-amazonia-norte","status":"publish","type":"post","link":"https:\/\/tejidohistorico.afrodescendientes.com\/index.php\/2011\/09\/09\/peru-hacia-la-moratoria-extractiva-en-amazonia-norte\/","title":{"rendered":"Per\u00fa: Hacia la moratoria extractiva en Amazon\u00eda Norte"},"content":{"rendered":"<p>El perro del hortelano que se niega a morir, pueblos ind\u00edgenas en la selva peruana crean plataforma para enfrentar a las petroleras.<\/p>\n","protected":false},"excerpt":{"rendered":"<p>El perro del hortelano que se niega a morir, pueblos ind\u00edgenas en la selva peruana crean plataforma para enfrentar a las petroleras.<\/p>\n","protected":false},"author":2,"featured_media":0,"comment_status":"open","ping_status":"open","sticky":false,"template":"","format":"standard","meta":[],"categories":[61],"tags":[],"_links":{"self":[{"href":"https:\/\/tejidohistorico.afrodescendientes.com\/index.php\/wp-json\/wp\/v2\/posts\/2368"}],"collection":[{"href":"https:\/\/tejidohistorico.afrodescendientes.com\/index.php\/wp-json\/wp\/v2\/posts"}],"about":[{"href":"https:\/\/tejidohistorico.afrodescendientes.com\/index.php\/wp-json\/wp\/v2\/types\/post"}],"author":[{"embeddable":true,"href":"https:\/\/tejidohistorico.afrodescendientes.com\/index.php\/wp-json\/wp\/v2\/users\/2"}],"replies":[{"embeddable":true,"href":"https:\/\/tejidohistorico.afrodescendientes.com\/index.php\/wp-json\/wp\/v2\/comments?post=2368"}],"version-history":[{"count":0,"href":"https:\/\/tejidohistorico.afrodescendientes.com\/index.php\/wp-json\/wp\/v2\/posts\/2368\/revisions"}],"wp:attachment":[{"href":"https:\/\/tejidohistorico.afrodescendientes.com\/index.php\/wp-json\/wp\/v2\/media?parent=2368"}],"wp:term":[{"taxonomy":"category","embeddable":true,"href":"https:\/\/tejidohistorico.afrodescendientes.com\/index.php\/wp-json\/wp\/v2\/categories?post=2368"},{"taxonomy":"post_tag","embeddable":true,"href":"https:\/\/tejidohistorico.afrodescendientes.com\/index.php\/wp-json\/wp\/v2\/tags?post=2368"}],"curies":[{"name":"wp","href":"https:\/\/api.w.org\/{rel}","templated":true}]}}