{"id":2382,"date":"2011-09-12T23:13:47","date_gmt":"2011-09-12T23:13:47","guid":{"rendered":"http:\/\/www2.nasaacin.org\/index.php\/2011\/09\/12\/el-trabajo-hecho-con-la-comunidad-no-se-borra-con-las-balas\/"},"modified":"2011-09-12T23:13:47","modified_gmt":"2011-09-12T23:13:47","slug":"el-trabajo-hecho-con-la-comunidad-no-se-borra-con-las-balas","status":"publish","type":"post","link":"https:\/\/tejidohistorico.afrodescendientes.com\/index.php\/2011\/09\/12\/el-trabajo-hecho-con-la-comunidad-no-se-borra-con-las-balas\/","title":{"rendered":"Cauca: El trabajo hecho con la comunidad no se borra con las balas"},"content":{"rendered":"<p>Informamos a la opini\u00f3n p\u00fablica, que el d\u00eda 12 de septiembre de 2011, en horas de la ma\u00f1ana, fue asesinado el se\u00f1or Luis Carlos Mestizo Conda en el casco urbano del municipio de Santander de Quilichao. Estos hechos sucedieron entre las 9 y 9:30 am, cuando Luis Carlos sali\u00f3 del Banco Bancolombia, se dirig\u00eda a hacer diligencias para comprar unas maquinas de fique para los asociados del Fondo Paez.<\/p>\n<p>  <!--more-->  <\/p>\n<p>\u00a0<\/p>\n<p>Santander de Quilichao, es un municipio que ha sido azotado por los paramilitares y la guerrilla, la polic\u00eda que hace presencia en esta localidad no es efectiva en estos casos como los ocurridos en el d\u00eda de hoy. Todo esto ocurri\u00f3 a plena luz del d\u00eda, los asesinos iban en moto y sin casco, las personas testigos no pudieron hacer nada porque los hombres iban armados. <\/p>\n<p>Los que estuvieron presentes en los hechos nos contaron lo siguiente: \u201c\u2026yo me encontr\u00e9 con Luis Carlos en el almac\u00e9n Agrom\u00e1quinas, yo entr\u00e9 al almac\u00e9n mientras Luis Carlos se qued\u00f3 afuera hablando con las personas que iban por las m\u00e1quinas de fique, cuando de pronto mire hacia afuera y le estaban forcejando el bolso, el tipo que lo estaba asaltando ten\u00eda un revolver y le estaba apuntando, yo me devolv\u00ed a buscar un objeto para defenderlo pero escuche los disparos y sal\u00ed a ver y los asesinos se fueron en una moto, Luis Carlos estaba en el suelo con tres tiros y sin su bolso\u2026\u201d.<\/p>\n<p><img loading=\"lazy\" class=\" alignleft size-full wp-image-2381\" src=\"http:\/\/www2.nasaacin.org\/wp-content\/uploads\/2011\/09\/luiscarlos-fondo3.jpg\" border=\"0\" title=\"Luis Carlos Mestizo\" width=\"350\" height=\"250\" align=\"left\" style=\"float: left;\" \/>Luis Carlos Mestizo Conda, llevaba un a\u00f1o y medio como presidente de la Asociaci\u00f3n Kwesx Uma Kiwe Peykajn Mjinxisax Fondo Paez en el norte del Cauca (Trabajar y Proteger la Madre Tierra), y seis a\u00f1os en la directiva de esta asociaci\u00f3n. El Fondo Paez lleva m\u00e1s de 15 a\u00f1os de creaci\u00f3n y jur\u00eddicamente se constituy\u00f3 en el 2005. Actualmente hay 800 familias asociadas de los Resguardos Ind\u00edgenas de Jambal\u00f3, Munchique Los Tigres, Caldono y Corinto. Esta Asociaci\u00f3n tiene como eslogan \u201cRecuperando el pensamiento de la agricultura\u201d, trabajan en la producci\u00f3n org\u00e1nica del caf\u00e9 y producci\u00f3n de comida. <\/p>\n<p>El trabajo que hizo Luis Carlos Mestizo en el Fondo Paez fue ejemplar,\u00a0 la comunidad de Jambal\u00f3 y todos sus conocidos se encuentran consternados por su asesinato. Lo recuerdan como una persona muy trabajadora y responsable con su comunidad. Luis Carlos era conocido por la gran labor que hizo en el Cabildo de Jambal\u00f3, impuls\u00f3 el fortalecimiento del Proyecto Global \u2013 Plan de Vida de esta comunidad. Trabaj\u00f3 en la comisi\u00f3n jur\u00eddica, en el programa agroambiental, hizo parte de la Escuela de Derecho Propio \u201cCrist\u00f3bal Secue\u201d de la zona norte del Cauca y tambi\u00e9n hizo parte de la directiva del Cabildo de Jambal\u00f3.<\/p>\n<p>Seguimos denunciando los atropellos que comenten contra nuestra gente que trabaja por la comunidad del norte del Cauca. Luis Carlos\u00a0 Mestizo luch\u00f3 siempre con humildad, sencillez, sabidur\u00eda y responsabilidad por el Plan de Vida de todos.<\/p>\n<p>En estos momentos se sigue investigando por parte de las autoridades propias estos hechos ocurridos en el d\u00eda de hoy. <br \/><strong><br \/>Tejido de Comunicaci\u00f3n y Tejido de Defensa y La Vida de la ACIN<\/strong><\/p>\n","protected":false},"excerpt":{"rendered":"<p>Informamos a la opini\u00f3n p\u00fablica, que el d\u00eda 12 de septiembre de 2011, en horas de la ma\u00f1ana, fue asesinado el se\u00f1or Luis Carlos Mestizo Conda en el casco urbano del municipio [&hellip;]<\/p>\n","protected":false},"author":2,"featured_media":2380,"comment_status":"open","ping_status":"open","sticky":false,"template":"","format":"standard","meta":[],"categories":[75],"tags":[],"_links":{"self":[{"href":"https:\/\/tejidohistorico.afrodescendientes.com\/index.php\/wp-json\/wp\/v2\/posts\/2382"}],"collection":[{"href":"https:\/\/tejidohistorico.afrodescendientes.com\/index.php\/wp-json\/wp\/v2\/posts"}],"about":[{"href":"https:\/\/tejidohistorico.afrodescendientes.com\/index.php\/wp-json\/wp\/v2\/types\/post"}],"author":[{"embeddable":true,"href":"https:\/\/tejidohistorico.afrodescendientes.com\/index.php\/wp-json\/wp\/v2\/users\/2"}],"replies":[{"embeddable":true,"href":"https:\/\/tejidohistorico.afrodescendientes.com\/index.php\/wp-json\/wp\/v2\/comments?post=2382"}],"version-history":[{"count":0,"href":"https:\/\/tejidohistorico.afrodescendientes.com\/index.php\/wp-json\/wp\/v2\/posts\/2382\/revisions"}],"wp:featuredmedia":[{"embeddable":true,"href":"https:\/\/tejidohistorico.afrodescendientes.com\/index.php\/wp-json\/wp\/v2\/media\/2380"}],"wp:attachment":[{"href":"https:\/\/tejidohistorico.afrodescendientes.com\/index.php\/wp-json\/wp\/v2\/media?parent=2382"}],"wp:term":[{"taxonomy":"category","embeddable":true,"href":"https:\/\/tejidohistorico.afrodescendientes.com\/index.php\/wp-json\/wp\/v2\/categories?post=2382"},{"taxonomy":"post_tag","embeddable":true,"href":"https:\/\/tejidohistorico.afrodescendientes.com\/index.php\/wp-json\/wp\/v2\/tags?post=2382"}],"curies":[{"name":"wp","href":"https:\/\/api.w.org\/{rel}","templated":true}]}}