{"id":239,"date":"2010-06-12T14:50:54","date_gmt":"2010-06-12T14:50:54","guid":{"rendered":"http:\/\/www2.nasaacin.org\/index.php\/2010\/06\/12\/cric-audiencia-publica-interetnica-y-social\/"},"modified":"2010-06-12T14:50:54","modified_gmt":"2010-06-12T14:50:54","slug":"cric-audiencia-publica-interetnica-y-social","status":"publish","type":"post","link":"https:\/\/tejidohistorico.afrodescendientes.com\/index.php\/2010\/06\/12\/cric-audiencia-publica-interetnica-y-social\/","title":{"rendered":"CRIC: Audiencia p\u00fablica inter\u00e9tnica y social"},"content":{"rendered":"<p> Debido a la permanente violaci\u00f3n de los Derechos Humanos y el conflicto  social y armado en el territorio del sur occidente colombiano. Las organizaciones sociales y  el movimiento ind\u00edgena convocan a todos los sectores sociales,  comunidades ind\u00edgenas, Afros, Campesinos, organismos de Derechos Humanos  y medios de comunicaci\u00f3n a la audiencia p\u00fablica que se realizar\u00e1 en  Santander de Quilichao, el d\u00eda 15 de junio del 2010. <strong><a href=\"..\/apc-aa-files\/646f63756d656e746f732e2e2e2e2e2e\/Afiche_Audiencia_publica_interetnicafulll.jpg\" target=\"_blank\" rel=\"noopener noreferrer\">(descargue AFICHE)<\/a><\/strong><\/p>\n<p>  <!--more-->  <\/p>\n<p>\u00a0<\/p>\n<p>\u00a0<\/p>\n<div><strong>AUDIENCIA P\u00daBLICA INTERETNICA Y SOCIAL <br \/><\/strong><\/div>\n<div><strong>MINGA POR LA DEFENSA DE LA VIDA, LA PAZ Y EL TERRITORIO <\/strong><br \/><strong>Santander de Quilichao \u2013 Cauca Junio 15 de 2010.<\/strong><\/div>\n<p>La constante victimizaci\u00f3n de las comunidades \u00e9tnicas, campesinas,  lideres, Defensores y Defensoras de Derechos Humanos en la regi\u00f3n del  Sur occidente; nos sugiere acciones inmediatas para exigir al Estado  Colombiano y organismos internacionales encargados de la vigencia de los  derechos humanos, acciones inmediatas, concretas y reales para el cese  de la intimidaci\u00f3n, amenaza, hostigamiento e impunidad que no permiten a  nuestras comunidades desarrollar sus planes y proyectos de vida en el  territorio.<\/p>\n<p>Para esto se hace necesario, encontrarnos,  solidarizarnos y actuar en \u201cminga\u201d desarrollando una agenda com\u00fan y  coordinada entre, comunidades \u00e9tnicas, campesinas, sectores sociales,  sindicales y populares\u00a0 de la regi\u00f3n del sur occidente. <\/p>\n<p><strong>LA AUDIENCIA PUBLICA ES DE CAR\u00c1CTER: <\/strong><\/p>\n<p>Humanitario, De denuncia y Pol\u00edtica.<\/p>\n<p><strong>OBJETIVOS: <\/strong><\/p>\n<p>1.\u00a0\u00a0\u00a0  Denunciar, visibilizar y rechazar la violaci\u00f3n sistem\u00e1tica de los  derechos humanos a consecuencia del conflicto social y armado en el  territorio del sur occidente colombiano. Lo anterior se sustenta con los  informes y documentos de las diferentes comisiones de verificaci\u00f3n  realizadas sobre la problem\u00e1tica por organismos nacionales e  internacionales.<\/p>\n<p>2.\u00a0\u00a0\u00a0 Nuestra propuesta colectiva es la de  continuar generando procesos y alternativas de vida digna en la  construcci\u00f3n de la paz desde los diferentes sectores sociales frente al  conflicto social y armado que vive el pa\u00eds. <\/p>\n<p>3.\u00a0\u00a0\u00a0 Exigirle al  gobierno a trav\u00e9s de la Fiscal\u00eda General de la Naci\u00f3n, la creaci\u00f3n de  una unidad especial para investigar y sancionar a los autores de delitos  en contra de los grupos \u00e9tnicos. Dicha unidad deber\u00e1 ser dotada de  mecanismos, procedimientos pr\u00e1cticos y eficaces que atiendan de manera  responsable la agresi\u00f3n, la impunidad frente a la sistem\u00e1tica violaci\u00f3n  de los derechos humanos de nuestras comunidades. <\/p>\n<p><strong>METODOLOG\u00cdA:<\/strong><\/p>\n<p>\u2022\u00a0\u00a0\u00a0 Concentraci\u00f3n y Movilizaci\u00f3n hacia el sitio del evento.<br \/>\u2022\u00a0\u00a0\u00a0 Se instalar\u00e1 la Audiencia Inter\u00e9tnica y Social a cargo del Concejero del CRIC &#8211; Elides Pechene.<br \/>\u2022\u00a0\u00a0\u00a0 Saludo protocolarios:<br \/> Un representante del Gobierno<br \/> Un representante de la comunidad internacional<br \/>\u2022\u00a0\u00a0\u00a0 Instalaci\u00f3n de las mesas tem\u00e1ticas:<br \/> Medidas de Protecci\u00f3n Colectivas<br \/> Defensa del Territorio <br \/> Pronunciamiento del Gobierno.<br \/>\u2022\u00a0\u00a0\u00a0 Discusi\u00f3n en Plenaria<br \/>\u2022\u00a0\u00a0\u00a0 Propuesta Pol\u00edtica del Evento.<\/p>\n<p><strong>Vea <\/strong><a href=\"..\/noticias.shtml?x=11730\"><strong>la Programaci\u00f3n de Audiencia <\/strong><\/a><\/p>\n<p><strong>Invitados <\/strong><\/p>\n<p>Ministerio Del Interior\u00a0 y de Justicia \u2013 Asuntos \u00c9tnicos<br \/>Ministerio De De Minas Y Energ\u00eda <br \/>Ministerio De Ambiente Vivienda<br \/>Ministerio De Defensa Nacional <br \/>Ministerio de Cultura <br \/>Ministerio de Educaci\u00f3n <br \/>Vice presidencia de la rep\u00fablica <br \/>Comisi\u00f3n de Derechos Humanos del Senado <br \/>Alto Comisionado de Naciones Unidas<br \/>Ingeominas <br \/>Grupo G-24<\/p>\n<p><strong>Embajadas<\/strong><\/p>\n<p>Del Reino Unido <br \/>Espa\u00f1a<br \/>Canad\u00e1 <br \/>Estados Unidos<\/p>\n<p><strong>CONVOCAN:<\/strong><\/p>\n<p>Consejo Regional Ind\u00edgena del Cauca \u2013 CRIC, Asociaci\u00f3n del Cabildos  del Norte del Cauca \u2013 ACIN, Proceso de Comunidades Negras \u2013 PCN,  Central Unitaria de Trabajadores \u2013 CUT Cauca y Valle del Cauca, Comit\u00e9  de Integraci\u00f3n del Macizo \u2013 CIMA, Asociaci\u00f3n Nomadesc, Asociaci\u00f3n de  Juntas del Alto Naya, Sindicato Nacional de Trabajadores Universitarios  de Colombia \u2013 SINTRAUNICOL. Y dem\u00e1s organizaciones comprometidas con la  presente convocatoria.<\/p>\n<p>Cualquier informaci\u00f3n comunicarse al correo:<br \/><strong>audienciainteretnicaysocial@yahoo.es<\/strong><\/p>\n<p>[<strong> <span>Autor: Organizaciones sociales del Sur occidente colombiano<\/span>]<\/strong><\/p>\n","protected":false},"excerpt":{"rendered":"<p>Debido a la permanente violaci\u00f3n de los Derechos Humanos y el conflicto social y armado en el territorio del sur occidente colombiano. Las organizaciones sociales y el movimiento ind\u00edgena convocan a todos [&hellip;]<\/p>\n","protected":false},"author":1,"featured_media":0,"comment_status":"open","ping_status":"open","sticky":false,"template":"","format":"standard","meta":[],"categories":[3],"tags":[],"_links":{"self":[{"href":"https:\/\/tejidohistorico.afrodescendientes.com\/index.php\/wp-json\/wp\/v2\/posts\/239"}],"collection":[{"href":"https:\/\/tejidohistorico.afrodescendientes.com\/index.php\/wp-json\/wp\/v2\/posts"}],"about":[{"href":"https:\/\/tejidohistorico.afrodescendientes.com\/index.php\/wp-json\/wp\/v2\/types\/post"}],"author":[{"embeddable":true,"href":"https:\/\/tejidohistorico.afrodescendientes.com\/index.php\/wp-json\/wp\/v2\/users\/1"}],"replies":[{"embeddable":true,"href":"https:\/\/tejidohistorico.afrodescendientes.com\/index.php\/wp-json\/wp\/v2\/comments?post=239"}],"version-history":[{"count":0,"href":"https:\/\/tejidohistorico.afrodescendientes.com\/index.php\/wp-json\/wp\/v2\/posts\/239\/revisions"}],"wp:attachment":[{"href":"https:\/\/tejidohistorico.afrodescendientes.com\/index.php\/wp-json\/wp\/v2\/media?parent=239"}],"wp:term":[{"taxonomy":"category","embeddable":true,"href":"https:\/\/tejidohistorico.afrodescendientes.com\/index.php\/wp-json\/wp\/v2\/categories?post=239"},{"taxonomy":"post_tag","embeddable":true,"href":"https:\/\/tejidohistorico.afrodescendientes.com\/index.php\/wp-json\/wp\/v2\/tags?post=239"}],"curies":[{"name":"wp","href":"https:\/\/api.w.org\/{rel}","templated":true}]}}