{"id":24,"date":"2010-05-29T14:11:49","date_gmt":"2010-05-29T14:11:49","guid":{"rendered":"http:\/\/www2.nasaacin.org\/index.php\/2010\/05\/29\/resguardo2\/"},"modified":"2010-05-29T14:11:49","modified_gmt":"2010-05-29T14:11:49","slug":"resguardo2","status":"publish","type":"post","link":"https:\/\/tejidohistorico.afrodescendientes.com\/index.php\/2010\/05\/29\/resguardo2\/","title":{"rendered":"Cabildo Las Delicias"},"content":{"rendered":"<h3>Resguardo de Delicias<\/h3>\n<p class=\"titulos\" style=\"text-align: justify;\"><span class=\"cuerpodetexto\">El  Resguardo                          cuenta con su forma de gobierno y autoridad  propia que                          es el Cabildo,\u00a0 constituido por una directiva  que                          es elegida popularmente. La ACIN, es una  organizaci\u00f3n\u00a0                          de Gobierno conjunto en\u00a0 la Zona. Tanto los  Cabildos                          como la Asociaci\u00f3n, son reconocidas por el  Estado                          como entidades p\u00fablicas de car\u00e1cter especial,                          con autonom\u00eda (relativa que se ha ido ganando)                          para gobernar sus territorios, hacer justicia,  legislar                          y administrar sus recursos y los transferidos  por la Naci\u00f3n,                          de acuerdo a sus usos y costumbres.    <!--more-->  <\/span><\/p>\n<p class=\"cuerpodetexto\" style=\"text-align: justify;\"><span class=\"subtitulo\"><strong>Visi\u00f3n<\/strong><\/span><\/p>\n<p class=\"cuerpodetexto\" style=\"text-align: justify;\">Mejorar las condiciones  de vida                          de las comunidades ind\u00edgenas paeces del  Resguardo                          P\u00e1ez de la Delicias, propendiendo por el  bienestar,                          la equidad, la conservaci\u00f3n de la cultura, la  conservaci\u00f3n                          del idioma nativo P\u00e1ez y generar condiciones de                          vida digna.<\/p>\n<p class=\"cuerpodetexto\" style=\"text-align: justify;\"> <span class=\"subtitulo\"><strong>Misi\u00f3n<\/strong><\/span><\/p>\n<ul style=\"text-align: justify;\">\n<li><span class=\"listas\">Mejorar la calidad de  la educaci\u00f3n                            con un cuerpo docente conformado por  profesores biling\u00fces                            cuyo enfoque est\u00e9 de acuerdo con el entorno  socio-cultural                            de los paeces del Resguardo.<\/span><\/li>\n<li><span class=\"listas\">Prestar los servicios  de salud                            con la ayuda de los promotores de salud del  Resguardo                            mediante la capacitaci\u00f3n y prevenci\u00f3n.                            <br \/> Establecer la cadena de remisi\u00f3n de enfermos                            al primer nivel y la prestaci\u00f3n del servicio                            en primeros auxilios para la remisi\u00f3n  hospitalaria                            si es del caso.<\/span><\/li>\n<li><span class=\"listas\">Establecer un programa  que propenda                            por la conservaci\u00f3n del medio ambiente y la  producci\u00f3n                            orientada a garantizar la seguridad  alimentar\u00eda                            y producir excedentes para el mercado, mejorar  la producci\u00f3n                            de las especies menores y el cuidado del medio  ambiente.<\/span><\/li>\n<li><span class=\"listas\">Promover la  participaci\u00f3n                            de la mujer en la toma de decisiones y en las  asambleas                            generales.<\/span><\/li>\n<li><span class=\"listas\">Generar una  organizaci\u00f3n                            continuada a trav\u00e9s de la participaci\u00f3n                            y la planeaci\u00f3n a corto mediano y largo plazo,                             la aplicaci\u00f3n de las pol\u00edticas y la  elaboraci\u00f3n                            y evaluaci\u00f3n del plan de vida de la comunidad                            ind\u00edgena del Resguardo de las Delicias.<\/span><\/li>\n<li><span class=\"listas\">Fortalecer la  organizaci\u00f3n                            propia. <\/span><\/li>\n<li><span class=\"listas\">Establecer el control a  trav\u00e9s                            de la aplicaci\u00f3n de justicia de acuerdo con  las                            normatividades ind\u00edgenas.<\/span><\/li>\n<\/ul>\n<p class=\"cuerpodetexto\" style=\"text-align: justify;\"><span class=\"subtitulo\"><strong>Objetivo<\/strong><\/span><\/p>\n<ul style=\"text-align: justify;\">\n<li> Los Cabildos tienen por objetivo fortalecer  las estructuras                            organizativas propias de la organizaci\u00f3n  ind\u00edgena                            para mejorar las condiciones de vida de la  comunidad                            de las Delicias, mediante la b\u00fasqueda y la  gesti\u00f3n                            de recursos a trav\u00e9s de proyectos que son  ejecutados                            gracias a convenios pactados con sus  cooperantes.<\/li>\n<\/ul>\n<p class=\"cuerpodetexto\" style=\"text-align: justify;\"><span class=\"cuerpodetexto\"><strong class=\"subtitulo\">Localizaci\u00f3n<\/strong><\/span><\/p>\n<p class=\"cuerpodetexto\" style=\"text-align: justify;\"><span class=\"cuerpodetexto\">El                          Resguardo y la Comunidad Ind\u00edgena Nasa de Las  Delicias                          se encuentra ubicado en terrenos de los  Municipios de                          Buenos Aires, Veredas de Las Delicias, Nueva  Granada,                          Jazm\u00edn, Esmeralda y San Gregorio y Municipio de                          Santander de Quilichao, Veredas Miraflores y  Alto San                          Francisco. Limita al Norte con la inspecci\u00f3n de                          polic\u00eda de Mazamorrero, y la Vereda Santa  Catalina,                          por el Oriente con Santander De Quilichao. <\/span><\/p>\n","protected":false},"excerpt":{"rendered":"<p>Resguardo de Delicias El Resguardo cuenta con su forma de gobierno y autoridad propia que es el Cabildo,\u00a0 constituido por una directiva que es elegida popularmente. La ACIN, es una organizaci\u00f3n\u00a0 de [&hellip;]<\/p>\n","protected":false},"author":1,"featured_media":0,"comment_status":"open","ping_status":"open","sticky":false,"template":"","format":"standard","meta":[],"categories":[28],"tags":[],"_links":{"self":[{"href":"https:\/\/tejidohistorico.afrodescendientes.com\/index.php\/wp-json\/wp\/v2\/posts\/24"}],"collection":[{"href":"https:\/\/tejidohistorico.afrodescendientes.com\/index.php\/wp-json\/wp\/v2\/posts"}],"about":[{"href":"https:\/\/tejidohistorico.afrodescendientes.com\/index.php\/wp-json\/wp\/v2\/types\/post"}],"author":[{"embeddable":true,"href":"https:\/\/tejidohistorico.afrodescendientes.com\/index.php\/wp-json\/wp\/v2\/users\/1"}],"replies":[{"embeddable":true,"href":"https:\/\/tejidohistorico.afrodescendientes.com\/index.php\/wp-json\/wp\/v2\/comments?post=24"}],"version-history":[{"count":0,"href":"https:\/\/tejidohistorico.afrodescendientes.com\/index.php\/wp-json\/wp\/v2\/posts\/24\/revisions"}],"wp:attachment":[{"href":"https:\/\/tejidohistorico.afrodescendientes.com\/index.php\/wp-json\/wp\/v2\/media?parent=24"}],"wp:term":[{"taxonomy":"category","embeddable":true,"href":"https:\/\/tejidohistorico.afrodescendientes.com\/index.php\/wp-json\/wp\/v2\/categories?post=24"},{"taxonomy":"post_tag","embeddable":true,"href":"https:\/\/tejidohistorico.afrodescendientes.com\/index.php\/wp-json\/wp\/v2\/tags?post=24"}],"curies":[{"name":"wp","href":"https:\/\/api.w.org\/{rel}","templated":true}]}}