{"id":242,"date":"2010-06-15T15:02:24","date_gmt":"2010-06-15T15:02:24","guid":{"rendered":"http:\/\/www2.nasaacin.org\/index.php\/2010\/06\/15\/los-pda-y-la-privatizacion-del-agua\/"},"modified":"2010-06-15T15:02:24","modified_gmt":"2010-06-15T15:02:24","slug":"los-pda-y-la-privatizacion-del-agua","status":"publish","type":"post","link":"https:\/\/tejidohistorico.afrodescendientes.com\/index.php\/2010\/06\/15\/los-pda-y-la-privatizacion-del-agua\/","title":{"rendered":"Los PDA y la privatizaci\u00f3n del agua"},"content":{"rendered":"<div style=\"text-align: justify;\">Los usuarios del acueducto de  la vereda Las Colinas, as\u00ed como la totalidad de los acueductos veredales  en el Huila, incluyen en su recibo mensual el pago de la llamada tasa  retributiva que cobra la Corporaci\u00f3n del Alto Magdalena, no porque dicha  instituci\u00f3n haya contribuido con la construcci\u00f3n del acueducto o porque  este invirtiendo en la conservaci\u00f3n de la cuenca o ejerza una  protecci\u00f3n efectiva sobre la misma, es uno de esos privilegios que la  potestad del estado ofrece a un organismo para percibir ingresos sobre  el supuesto, pocas veces asumido, de atender una responsabilidad  inherente a \u00e9l.   <!--more-->  <\/div>\n<div style=\"text-align: justify;\">\n<p>En estos d\u00edas que se aproximan las fiestas de San Juan es  inevitable pensar en el agua pues el Bautista nos recordar\u00e1 siempre el  poder purificador del preciado l\u00edquido y su valor de uso en la sociedad,  m\u00e1s ahora que prima su valor de cambio y se convirti\u00f3 en un elemento  apetecido por los inversionistas especialmente extranjeros. Ya han  venido entreg\u00e1ndose en concesi\u00f3n algunos acueductos de pobladas ciudades  del pa\u00eds y se ha dise\u00f1ado una h\u00e1bil estrategia que apunta a la  progresiva privatizaci\u00f3n de todos los acueductos urbanos a trav\u00e9s de los  denominados Planes Departamentales de Agua.<\/p>\n<\/p><\/div>\n<div style=\"text-align: justify;\">\n<p>Mientras en Paris, en enero del presente a\u00f1o, se volvi\u00f3 a tomar  el acueducto de la ciudad como un bien p\u00fablico y liquid\u00f3 25 a\u00f1os de  manejo de tres operadores privados porque la experiencia vivida les  prob\u00f3 que en un \u00e1rea tan sensible para la humanidad, el \u00e1nimo de lucro  es incompatible con la equidad, la eficiencia y la eficacia, aqu\u00ed la  pol\u00edtica gira alrededor de los PDA como mencionamos arriba, que  concentra todos los recursos de transferencias y del presupuesto de los  Departamentos y Municipios en un ente que tiene el privilegio de  contratar por fuera de las normas de contrataci\u00f3n p\u00fablica, somete a los  territorios a un tortuoso proceso de tr\u00e1mite de sus proyectos a trav\u00e9s  de lo que ya se han dado en llamar la ventanilla siniestra porque nunca  se sabe que final tienen los proyectos, pero sirve de excusa \u201ct\u00e9cnica\u201d  para aplazar indefinidamente la soluci\u00f3n a las necesidades de agua  potable y saneamiento b\u00e1sico de los municipios y centros poblados.<\/p>\n<\/p><\/div>\n<div style=\"text-align: justify;\">Al contrario de las continuas alzas de tarifas en las ciudades  colombianas, en la ciudad luz la decisi\u00f3n vino acompa\u00f1ada del anuncio  del congelamiento de las tarifas por cinco a\u00f1os, pues los aumentos que  los operadores privados hicieron en los a\u00f1os de concesi\u00f3n desbordaron  con creces el valor real del servicio y las inversiones realizadas no  justificaron las mismas. Al final se comprende que el prop\u00f3sito de la  operaci\u00f3n centralizada de los acueductos municipales a trav\u00e9s del PDA,  adem\u00e1s de entregar gigantescos recursos en manos de la politiquer\u00eda  regional, persigue ofrecer condiciones atractivas para los  inversionistas privados quienes mediante el manejo monop\u00f3lico de una  infraestructura construida con el sudor de los usuarios y el erario  p\u00fablico durante muchos a\u00f1os, podr\u00e1n lucrarse de la necesidad de este  l\u00edquido vital. En el caso del Huila la Contralor\u00eda Departamental ya ha  alertado sobre el despilfarro de estos sagrados dineros, el contrato  para adelantar los estudios y dise\u00f1os que provean los proyectos que se  deben presentar para hacer cola por recursos a\u00fan no culmina a pesar del  tiempo transcurrido y que los mandatarios locales comprometieron  vigencias futuras sin disponer de dise\u00f1os. Marlo Mora y sus vecinos en  Las Colinas a\u00fan no se percatan de los costos que tendr\u00e1 la prestaci\u00f3n  del servicio en el futuro cuando les pasen la cuenta de cobro de las  facturas que cancela el PDA a los consultores, los cuales tienen dentro  de su misi\u00f3n colaborar en el afinamiento de las condiciones para  convertirlos en una inversi\u00f3n atractiva.<\/div>\n<div style=\"text-align: justify;\"><strong>[ <span>Fuente: <a href=\"http:\/\/www.moir.org.co\/Los-PDA-y-la-privatizacion-del.html\" target=\"_blank\" rel=\"noopener noreferrer\">Moir<\/a><\/span> ]  [ <span>Autor: Libardo G\u00f3mez S\u00e1nchez<\/span>]<\/strong><\/div>\n","protected":false},"excerpt":{"rendered":"<p>Los usuarios del acueducto de la vereda Las Colinas, as\u00ed como la totalidad de los acueductos veredales en el Huila, incluyen en su recibo mensual el pago de la llamada tasa retributiva [&hellip;]<\/p>\n","protected":false},"author":1,"featured_media":0,"comment_status":"open","ping_status":"open","sticky":false,"template":"","format":"standard","meta":[],"categories":[3],"tags":[],"_links":{"self":[{"href":"https:\/\/tejidohistorico.afrodescendientes.com\/index.php\/wp-json\/wp\/v2\/posts\/242"}],"collection":[{"href":"https:\/\/tejidohistorico.afrodescendientes.com\/index.php\/wp-json\/wp\/v2\/posts"}],"about":[{"href":"https:\/\/tejidohistorico.afrodescendientes.com\/index.php\/wp-json\/wp\/v2\/types\/post"}],"author":[{"embeddable":true,"href":"https:\/\/tejidohistorico.afrodescendientes.com\/index.php\/wp-json\/wp\/v2\/users\/1"}],"replies":[{"embeddable":true,"href":"https:\/\/tejidohistorico.afrodescendientes.com\/index.php\/wp-json\/wp\/v2\/comments?post=242"}],"version-history":[{"count":0,"href":"https:\/\/tejidohistorico.afrodescendientes.com\/index.php\/wp-json\/wp\/v2\/posts\/242\/revisions"}],"wp:attachment":[{"href":"https:\/\/tejidohistorico.afrodescendientes.com\/index.php\/wp-json\/wp\/v2\/media?parent=242"}],"wp:term":[{"taxonomy":"category","embeddable":true,"href":"https:\/\/tejidohistorico.afrodescendientes.com\/index.php\/wp-json\/wp\/v2\/categories?post=242"},{"taxonomy":"post_tag","embeddable":true,"href":"https:\/\/tejidohistorico.afrodescendientes.com\/index.php\/wp-json\/wp\/v2\/tags?post=242"}],"curies":[{"name":"wp","href":"https:\/\/api.w.org\/{rel}","templated":true}]}}