{"id":25,"date":"2010-05-29T14:15:23","date_gmt":"2010-05-29T14:15:23","guid":{"rendered":"http:\/\/www2.nasaacin.org\/index.php\/2010\/05\/29\/resguardo3\/"},"modified":"2010-05-29T14:15:23","modified_gmt":"2010-05-29T14:15:23","slug":"resguardo3","status":"publish","type":"post","link":"https:\/\/tejidohistorico.afrodescendientes.com\/index.php\/2010\/05\/29\/resguardo3\/","title":{"rendered":"Cabildo La Concepci\u00f3n"},"content":{"rendered":"<h3 style=\"text-align: justify;\">Resguardo de Concepci\u00f3n<\/h3>\n<p style=\"text-align: justify;\">El Resguardo de Concepci\u00f3n cuenta con su  forma de gobierno y autoridad propia que es el Cabildo, constituido por  una directiva que es elegida popularmente. La ACIN es una organizaci\u00f3n  de gobierno conjunto en la zona. Tanto los Cabildos como la Asociaci\u00f3n  son reconocidos por el Estado como entidades p\u00fablicas de car\u00e1cter  especial, con autonom\u00eda relativa (que se ha ido ganando) para gobernar  sus territorios, hacer justicia, legislar y administrar sus recursos y  los transferidos por la Naci\u00f3n, de acuerdo con sus usos y costumbres.<\/p>\n<h4 class=\"titulos\" style=\"text-align: justify;\"><span class=\"subtitulo\">Localizaci\u00f3n<\/span><span class=\"cuerpodetexto\"> <\/span><\/h4>\n<p style=\"text-align: justify;\"><span class=\"cuerpodetexto\"> Se encuentra  ubicado en la Zona Norte del Departamento del Cauca, en el Municipio de  Santander de Quilichao con los corregimientos de Mondomo y San Isidro:<\/span><\/p>\n<p style=\"text-align: justify;\"><span class=\"cuerpodetexto\"> El corregimiento  de Mondomo                          comprende las siguientes veredas: Cascajal,  Concepci\u00f3n,                          Alita, Chapa alta, la Chapa, Mira flores, la  Agustina,                          Bella vista, Llanito y Pedregal.<br \/> El corregimiento de San Isidro comprende las  siguientes                          veredas: San Isidro, Las Lajas, Maria  Auxiliadora, Mirador                          y San Bosco.<\/p>\n<p> <\/span><span class=\"cuerpodetexto\">El territorio  donde                          se asienta la comunidad ind\u00edgena limita por el                          norte con el Resguardo de las Delicias y las  veredas Campo                          Hermoso y San Jos\u00e9; por el oriente con el R\u00edo                          Mondomo y la carretera Panamericana, una parte  menor la                          comprende la recuperaci\u00f3n de Santa Rosa en el  corregimiento                          de Santander, vereda San Francisco; por el sur  limita                          con el r\u00edo Ovejas y por el occidente limita con                          la Quebrada el Cedro, la Quebrada linderos y el  cenit                          del cerro que une los nacimientos de \u00e9stas.<\/span><\/p>\n","protected":false},"excerpt":{"rendered":"<p>Resguardo de Concepci\u00f3n El Resguardo de Concepci\u00f3n cuenta con su forma de gobierno y autoridad propia que es el Cabildo, constituido por una directiva que es elegida popularmente. La ACIN es una [&hellip;]<\/p>\n","protected":false},"author":1,"featured_media":0,"comment_status":"open","ping_status":"open","sticky":false,"template":"","format":"standard","meta":[],"categories":[29],"tags":[],"_links":{"self":[{"href":"https:\/\/tejidohistorico.afrodescendientes.com\/index.php\/wp-json\/wp\/v2\/posts\/25"}],"collection":[{"href":"https:\/\/tejidohistorico.afrodescendientes.com\/index.php\/wp-json\/wp\/v2\/posts"}],"about":[{"href":"https:\/\/tejidohistorico.afrodescendientes.com\/index.php\/wp-json\/wp\/v2\/types\/post"}],"author":[{"embeddable":true,"href":"https:\/\/tejidohistorico.afrodescendientes.com\/index.php\/wp-json\/wp\/v2\/users\/1"}],"replies":[{"embeddable":true,"href":"https:\/\/tejidohistorico.afrodescendientes.com\/index.php\/wp-json\/wp\/v2\/comments?post=25"}],"version-history":[{"count":0,"href":"https:\/\/tejidohistorico.afrodescendientes.com\/index.php\/wp-json\/wp\/v2\/posts\/25\/revisions"}],"wp:attachment":[{"href":"https:\/\/tejidohistorico.afrodescendientes.com\/index.php\/wp-json\/wp\/v2\/media?parent=25"}],"wp:term":[{"taxonomy":"category","embeddable":true,"href":"https:\/\/tejidohistorico.afrodescendientes.com\/index.php\/wp-json\/wp\/v2\/categories?post=25"},{"taxonomy":"post_tag","embeddable":true,"href":"https:\/\/tejidohistorico.afrodescendientes.com\/index.php\/wp-json\/wp\/v2\/tags?post=25"}],"curies":[{"name":"wp","href":"https:\/\/api.w.org\/{rel}","templated":true}]}}