{"id":2515,"date":"2011-10-01T15:14:52","date_gmt":"2011-10-01T15:14:52","guid":{"rendered":"http:\/\/www2.nasaacin.org\/index.php\/2011\/10\/01\/se-instala-el-congreso-nacional-de-tierras-territorios-y-soberanias\/"},"modified":"2011-10-01T15:14:52","modified_gmt":"2011-10-01T15:14:52","slug":"se-instala-el-congreso-nacional-de-tierras-territorios-y-soberanias","status":"publish","type":"post","link":"https:\/\/tejidohistorico.afrodescendientes.com\/index.php\/2011\/10\/01\/se-instala-el-congreso-nacional-de-tierras-territorios-y-soberanias\/","title":{"rendered":"Se instala el Congreso Nacional de Tierras Territorios y Soberan\u00edas"},"content":{"rendered":"<p> \tCon la llegada de 200 ciclistas provenientes de la ciudad de Pereira y de 300 integrantes de la Guardia Ind\u00edgena del departamento del Cauca, avanz\u00f3 este 29 de septiembre los preparativos de cara al Congreso Nacional de Tierras, Territorios y Soberan\u00edas, el cual espera alojar durante los pr\u00f3ximos d\u00edas, en la Universidad del Valle, Cali, a 15 mil personas aproximadamente.<\/p>\n<p>  <!--more-->  <\/p>\n<p> \t\u00a0<\/p>\n<p> \t\u00a0<\/p>\n<h2> \tPorque esta tierra es nuestra. El territorio los construimos los pueblos<\/h2>\n<p> \t<strong>Llegan delegaciones de distintas regiones del pa\u00eds<br \/> \tSe instala el Congreso Nacional de Tierras Territorios y Soberan\u00edas<\/strong><\/p>\n<p> \tCon la llegada de 200 ciclistas provenientes de la ciudad de Pereira y de 300 integrantes de la Guardia Ind\u00edgena del departamento del Cauca, avanz\u00f3 este 29 de septiembre los preparativos de cara al Congreso Nacional de Tierras, Territorios y Soberan\u00edas, el cual espera alojar durante los pr\u00f3ximos d\u00edas, en la Universidad del Valle, Cali, a 15 mil personas aproximadamente.<\/p>\n<p> \tHoy 30 de septiembre arribar\u00e1n las delegaciones de las distintas regiones del pa\u00eds, delegaciones que marchar\u00e1n hacia la Univalle desde diversos puntos de la ciudad de Cali: Parque de Las Banderas de Cali (Cll 5 No. 36 Parada de Mio Estadio); Avenida Sim\u00f3n Bol\u00edvar con Cra 56 de Cali (Centro Comercial La Galer\u00eda); y Puente de Tecnoqu\u00edmicas en el municipio de Jamund\u00ed, en este \u00faltimo punto llegar\u00e1n 1700 integrantes de la guardia ind\u00edgena. A partir de las 9 de la ma\u00f1ana se instalar\u00e1 el Congreso con estas marchas.<\/p>\n<p> \tEn horas de la tarde se dar\u00e1 inicio a los actos de instalaci\u00f3n del Congreso, en el que que comunidades campesinas, afrodescendendientes, ind\u00edgenas y urbanas, todas ellas victimizadas, segregadas, exclluidas del pa\u00eds, se reunir\u00e1n, analizar\u00e1n deliberar\u00e1n y definir\u00e1n acciones para luchar por la tierra y el territorio.<\/p>\n<p> \tAdem\u00e1s, el Congreso contar\u00e1 con la presencia y apoyo de los congresistas Alexander L\u00f3pez, Wils\u00f3n Arias, Iv\u00e1n Cepeda, Jorge Enrique Robledo y Luis Carlos Avellaneda. Tambi\u00e9n estar\u00e1n representantes de los procesos de resistencia y lucha por las tierras y los territorios en latinoamerica tales como la V\u00eda Campesina, la Coordinadora Andina frente al Desarraigo, expertos en la problem\u00e1tica agraria de las universidades Nacional, Pedag\u00f3gica, Externado y Javeriana y con 5 integrantes del Parlamento Andino, entre otros.<\/p>\n<p> \tEl Congreso llega hoy a ser una realidad luego de todo un a\u00f1o de visi\u00f3n, reflexi\u00f3n y construcci\u00f3n colectiva entre distintos sectores organizativos y comunidades sociales en resistencia que sue\u00f1an con un pa\u00eds en donde las tierras y territorios sean de quien las habita vive y trabaja y no de quienes quieren beneficiarse, por medio de din\u00e1micas de despojo y aprovechando los legados y procesos que muchos de estos escenarios organizativos tienen de tiempo atr\u00e1s.<\/p>\n<p> \t\u00a0<\/p>\n<p> \t<span class=\"gI\"><span class=\"gD\" style=\"color: #00681c;\">Minga Cauca<\/span><\/span><\/p>\n<p> \t<span class=\"gI\"><span class=\"go\">mingaderesistenciacauca@gmail.com<\/span><\/span><\/p>\n","protected":false},"excerpt":{"rendered":"<p>Con la llegada de 200 ciclistas provenientes de la ciudad de Pereira y de 300 integrantes de la Guardia Ind\u00edgena del departamento del Cauca, avanz\u00f3 este 29 de septiembre los preparativos de [&hellip;]<\/p>\n","protected":false},"author":2,"featured_media":0,"comment_status":"open","ping_status":"open","sticky":false,"template":"","format":"standard","meta":[],"categories":[75],"tags":[],"_links":{"self":[{"href":"https:\/\/tejidohistorico.afrodescendientes.com\/index.php\/wp-json\/wp\/v2\/posts\/2515"}],"collection":[{"href":"https:\/\/tejidohistorico.afrodescendientes.com\/index.php\/wp-json\/wp\/v2\/posts"}],"about":[{"href":"https:\/\/tejidohistorico.afrodescendientes.com\/index.php\/wp-json\/wp\/v2\/types\/post"}],"author":[{"embeddable":true,"href":"https:\/\/tejidohistorico.afrodescendientes.com\/index.php\/wp-json\/wp\/v2\/users\/2"}],"replies":[{"embeddable":true,"href":"https:\/\/tejidohistorico.afrodescendientes.com\/index.php\/wp-json\/wp\/v2\/comments?post=2515"}],"version-history":[{"count":0,"href":"https:\/\/tejidohistorico.afrodescendientes.com\/index.php\/wp-json\/wp\/v2\/posts\/2515\/revisions"}],"wp:attachment":[{"href":"https:\/\/tejidohistorico.afrodescendientes.com\/index.php\/wp-json\/wp\/v2\/media?parent=2515"}],"wp:term":[{"taxonomy":"category","embeddable":true,"href":"https:\/\/tejidohistorico.afrodescendientes.com\/index.php\/wp-json\/wp\/v2\/categories?post=2515"},{"taxonomy":"post_tag","embeddable":true,"href":"https:\/\/tejidohistorico.afrodescendientes.com\/index.php\/wp-json\/wp\/v2\/tags?post=2515"}],"curies":[{"name":"wp","href":"https:\/\/api.w.org\/{rel}","templated":true}]}}