{"id":2531,"date":"2011-10-01T23:12:32","date_gmt":"2011-10-01T23:12:32","guid":{"rendered":"http:\/\/www2.nasaacin.org\/index.php\/2011\/10\/01\/valle-del-cauca-comunidades-rurales-y-urbanas-en-el-congreso-de-tierras\/"},"modified":"2011-10-01T23:12:32","modified_gmt":"2011-10-01T23:12:32","slug":"valle-del-cauca-comunidades-rurales-y-urbanas-en-el-congreso-de-tierras","status":"publish","type":"post","link":"https:\/\/tejidohistorico.afrodescendientes.com\/index.php\/2011\/10\/01\/valle-del-cauca-comunidades-rurales-y-urbanas-en-el-congreso-de-tierras\/","title":{"rendered":"Valle del Cauca: Comunidades rurales y urbanas en el congreso de tierras"},"content":{"rendered":"<p>El congreso de Tierras, Territorio y Soberan\u00eda inici\u00f3 el d\u00eda 30 de septiembre de 2011, con una marcha donde participaron aproximadamente cinco mil personas de las comunidades ind\u00edgenas, campesinas y afros,\u00a0<span> <\/span>caminaron desde el municipio de Jamund\u00ed a la Universidad del Valle. Con el objetivo de seguir visibilizando la agresi\u00f3n a los pueblos de Colombia que se ve claramente en las pol\u00edticas econ\u00f3micas donde se viene aumentando la fuerza publica para el beneficio de los inversionistas extranjeros.<\/p>\n<p>  <!--more-->  <\/p>\n<p>\u00a0<\/p>\n<p class=\"MsoNoSpacing\">\n<p class=\"MsoNoSpacing\">De igual forma organizaciones urbanas caminaron desde el norte de la ciudad de Santiago de Cali para encontrarse con los que marchaban desde Jamund\u00ed y as\u00ed ingresar juntos a la universidad para poder hacer la instalaci\u00f3n del evento, cada comunidad en la apertura comento a modo de introducci\u00f3n como el sistema actual los ha afectado y concluyeron que son el mismo problema que viven las comunidades urbana y rural; por eso el congreso es una oportunidad para trabajar en unidad y generar propuestas desde la base social y este primer d\u00eda se termin\u00f3 con un encuentro cultural y art\u00edstico donde se dejo plasmada las riquezas de cada pueblo y comunidad.<\/p>\n<p class=\"MsoNoSpacing\"><img loading=\"lazy\" class=\" size-full wp-image-2528\" src=\"http:\/\/www2.nasaacin.org\/wp-content\/uploads\/2011\/10\/tierras.jpg\" border=\"0\" title=\"Congreso de tierras\" width=\"333\" height=\"250\" srcset=\"https:\/\/tejidohistorico.afrodescendientes.com\/wp-content\/uploads\/2011\/10\/tierras.jpg 333w, https:\/\/tejidohistorico.afrodescendientes.com\/wp-content\/uploads\/2011\/10\/tierras-300x225.jpg 300w\" sizes=\"(max-width: 333px) 100vw, 333px\" \/><\/p>\n<p class=\"MsoNoSpacing\">El d\u00eda 1 de octubre la comunidades se reunieron para trabajar en diferentes comisiones; tierra, miner\u00eda y energ\u00e9tica, agua, saberes cultura y identidades, econom\u00eda con pensamiento, econom\u00eda propia y populares, tierra y territorio urbano, guerra y conflicto armado, en estas comisiones los asistentes del congreso se concentraron en buscar la forma de como crear una estrategia de resistencia con diferentes propuestas.<\/p>\n<p class=\"MsoNoSpacing\"><img loading=\"lazy\" class=\" size-full wp-image-2529\" src=\"http:\/\/www2.nasaacin.org\/wp-content\/uploads\/2011\/10\/tierras5.jpg\" border=\"0\" title=\"Congreso de tierras\" width=\"333\" height=\"250\" srcset=\"https:\/\/tejidohistorico.afrodescendientes.com\/wp-content\/uploads\/2011\/10\/tierras5.jpg 333w, https:\/\/tejidohistorico.afrodescendientes.com\/wp-content\/uploads\/2011\/10\/tierras5-300x225.jpg 300w\" sizes=\"(max-width: 333px) 100vw, 333px\" \/><\/p>\n<p class=\"MsoNoSpacing\">\u201fHoy es un espacio para pensar y reflexionar no solamente en los temas que se han mencionado como ejes tem\u00e1ticos, debemos apostarle a concientizar mas a las personas porque mucha gente no tiene claro que es el congreso, pero ve en este espacio una alternativa y la palabra de los pueblos es la que se debe reflejarse en cada comisi\u00f3n, por eso cada uno debe expresar sus ideas para construir la verdadera agenda donde se represente cada pueblo\u201d, coment\u00f3 un participante de una comisi\u00f3n del congreso.<\/p>\n<p class=\"MsoNoSpacing\"><img loading=\"lazy\" class=\" size-full wp-image-2530\" src=\"http:\/\/www2.nasaacin.org\/wp-content\/uploads\/2011\/10\/tierras6.jpg\" border=\"0\" title=\"Congreso de tierras\" width=\"333\" height=\"250\" srcset=\"https:\/\/tejidohistorico.afrodescendientes.com\/wp-content\/uploads\/2011\/10\/tierras6.jpg 333w, https:\/\/tejidohistorico.afrodescendientes.com\/wp-content\/uploads\/2011\/10\/tierras6-300x225.jpg 300w\" sizes=\"(max-width: 333px) 100vw, 333px\" \/><\/p>\n<p class=\"MsoNoSpacing\">\u201cLos procesos sociales somos un proceso de reivindicaci\u00f3n de derechos pero adem\u00e1s le apostamos a un nuevo modelo de gobernar con autoridad pero sin autoritarismo y con legitimidad de la sociedad en general para no seguir reprimidos como en la actualidad, como el sistema de legalidad ya que no es sin\u00f3nimo de legitimidad y muchas veces no presenta la realidad social\u201d. En intervenciones como el ejercicio del gobierno participativo, pol\u00edticas econ\u00f3micas que deteriora la seguridad alimentaria fueron algunos de los temas que se debatieron en este transcurso del d\u00eda.<\/p>\n<p class=\"MsoNoSpacing\">\u00a0<\/p>\n<p class=\"MsoNoSpacing\"><strong>Tejido de Comunicaci\u00f3n y relaciones externas para la Verdad y la Vida &#8211; ACIN<\/strong><\/p>\n<p class=\"MsoNoSpacing\">tejidocomunicacion<span class=\"gI\"><span class=\"go\">@gmail.com <br \/><\/span><\/span><\/p>\n","protected":false},"excerpt":{"rendered":"<p>El congreso de Tierras, Territorio y Soberan\u00eda inici\u00f3 el d\u00eda 30 de septiembre de 2011, con una marcha donde participaron aproximadamente cinco mil personas de las comunidades ind\u00edgenas, campesinas y afros,\u00a0 caminaron [&hellip;]<\/p>\n","protected":false},"author":2,"featured_media":2527,"comment_status":"open","ping_status":"open","sticky":false,"template":"","format":"standard","meta":[],"categories":[75],"tags":[],"_links":{"self":[{"href":"https:\/\/tejidohistorico.afrodescendientes.com\/index.php\/wp-json\/wp\/v2\/posts\/2531"}],"collection":[{"href":"https:\/\/tejidohistorico.afrodescendientes.com\/index.php\/wp-json\/wp\/v2\/posts"}],"about":[{"href":"https:\/\/tejidohistorico.afrodescendientes.com\/index.php\/wp-json\/wp\/v2\/types\/post"}],"author":[{"embeddable":true,"href":"https:\/\/tejidohistorico.afrodescendientes.com\/index.php\/wp-json\/wp\/v2\/users\/2"}],"replies":[{"embeddable":true,"href":"https:\/\/tejidohistorico.afrodescendientes.com\/index.php\/wp-json\/wp\/v2\/comments?post=2531"}],"version-history":[{"count":0,"href":"https:\/\/tejidohistorico.afrodescendientes.com\/index.php\/wp-json\/wp\/v2\/posts\/2531\/revisions"}],"wp:featuredmedia":[{"embeddable":true,"href":"https:\/\/tejidohistorico.afrodescendientes.com\/index.php\/wp-json\/wp\/v2\/media\/2527"}],"wp:attachment":[{"href":"https:\/\/tejidohistorico.afrodescendientes.com\/index.php\/wp-json\/wp\/v2\/media?parent=2531"}],"wp:term":[{"taxonomy":"category","embeddable":true,"href":"https:\/\/tejidohistorico.afrodescendientes.com\/index.php\/wp-json\/wp\/v2\/categories?post=2531"},{"taxonomy":"post_tag","embeddable":true,"href":"https:\/\/tejidohistorico.afrodescendientes.com\/index.php\/wp-json\/wp\/v2\/tags?post=2531"}],"curies":[{"name":"wp","href":"https:\/\/api.w.org\/{rel}","templated":true}]}}