{"id":2561,"date":"2011-10-08T20:22:24","date_gmt":"2011-10-08T20:22:24","guid":{"rendered":"http:\/\/www2.nasaacin.org\/index.php\/2011\/10\/08\/declaracion-politica-de-juventud-de-la-cloc-vc-de-las-americas\/"},"modified":"2011-10-08T20:22:24","modified_gmt":"2011-10-08T20:22:24","slug":"declaracion-politica-de-juventud-de-la-cloc-vc-de-las-americas","status":"publish","type":"post","link":"https:\/\/tejidohistorico.afrodescendientes.com\/index.php\/2011\/10\/08\/declaracion-politica-de-juventud-de-la-cloc-vc-de-las-americas\/","title":{"rendered":"Declaraci\u00f3n Pol\u00edtica de Juventud de la CLOC-VC de las Am\u00e9ricas"},"content":{"rendered":"<p \/>A nosotras y nosotros, j\u00f3venes de los distintos pa\u00edses de las Am\u00e9ricas  de la CLOC-VC, reunidos del 4 al 6 de Octubre en la Universidad  Campesina del Movimiento Nacional Campesino Ind\u00edgena de Argentina, nos  resulta esperanzador ver como en el continente y en los m\u00e1s rec\u00f3nditos y  diversos rincones del planeta, principalmente los j\u00f3venes y mujeres  est\u00e1n alzando su voz.  <!--more-->  <\/p>\n<p>\u00a0<\/p>\n<h2>Declaraci\u00f3n Pol\u00edtica de Juventud de la CLOC-VC de las Am\u00e9ricas<\/h2>\n<p>A nosotras y nosotros, j\u00f3venes de los distintos pa\u00edses de las Am\u00e9ricas de la CLOC-VC, reunidos del 4 al 6 de Octubre en la Universidad Campesina del Movimiento Nacional Campesino Ind\u00edgena de Argentina, nos resulta esperanzador ver como en el continente y en los m\u00e1s rec\u00f3nditos y diversos rincones del planeta, principalmente los j\u00f3venes y mujeres est\u00e1n alzando su voz, saliendo a las calles, ocupando plazas, enfrent\u00e1ndose a fuerza p\u00fablica, desarrollando una capacidad de indignaci\u00f3n frente al sistema capitalista que explota y domina. Creemos que estas acciones pueden crear un escenario propicio para la agudizaci\u00f3n de las contradicciones y antagonismos de clases, que pueden resultar en el reascenso de masas, desfigurando la actual correlaci\u00f3n de fuerzas.<\/p>\n<p>En este sentido, el objetivo de nuestra reuni\u00f3n\u00a0 fue evaluar y dinamizar los acuerdos pol\u00edticos y l\u00edneas de acci\u00f3n surgidas\u00a0\u00a0 de nuestra III Asamblea de J\u00f3venes de la CLOC- V\u00eda Campesina, realizada en Ecuador en Octubre de 2010.<\/p>\n<p>Como juventud de la CLOC-VC vemos con mucha preocupaci\u00f3n c\u00f3mo el capital usa\u00a0 distintas caras en el continente\u00a0 para seguir reproduci\u00e9ndose. En algunos de los casos es m\u00e1s \u201csocial y progresista\u201d, mientras que en otros es perversa y s\u00ednica. En el campo se expresan a trav\u00e9s del Agro Negocio y la Miner\u00eda impuesto por las transnacionales, en conjunto con la militarizaci\u00f3n y la presencia de paramilitares en nuestros territorios.<\/p>\n<p>Mediante una de sus armas m\u00e1s efectivas, los medios de comunicaci\u00f3n masiva, ha iniciado\u00a0 una en\u00e9rgica campa\u00f1a que busca desprestigiar a las y los\u00a0 actores y socavar el apoyo de la opini\u00f3n p\u00fablica. Han convertido a lo que es una\u00a0 protesta leg\u00edtima en\u00a0 un crimen,\u00a0 la criminalizaci\u00f3n\u00a0 de la lucha social es una tentativa pol\u00edtica de transformar las acciones en transgresiones merecedoras de persecuci\u00f3n, prisi\u00f3n, y hasta de muerte.<\/p>\n<p>En\u00a0 ese sentido, presentamos algunas de las principales reflexiones\u00a0 y compromisos que asumimos como juventud de la\u00a0 CLOC-VC:<\/p>\n<p>&#8211;\u00a0\u00a0\u00a0\u00a0\u00a0\u00a0\u00a0\u00a0 Continuamos\u00a0 fortaleciendo los procesos en torno AL Plan de Acci\u00f3n emanado de la III Asamblea de J\u00f3venes y del V Congreso de la CLOC-VC. En este contexto, nuestros retos y tareas son: la comunicaci\u00f3n, la formaci\u00f3n, la construcci\u00f3n de una campa\u00f1a mundial de la juventud, la campa\u00f1a contra el uso de agrot\u00f3xicos y por la vida, la campa\u00f1a basta de violencia contra las mujeres,\u00a0 teniendo como base el\u00a0 fortalecimiento organizativo.<\/p>\n<p>&#8211;\u00a0\u00a0\u00a0\u00a0\u00a0\u00a0 Reunion_cloc_vc_jovenes_047Impulsaremos la Campa\u00f1a\u00a0 Mundial de la Juventud de la V\u00eda Campesina con el objetivo de fortalecer la articulaci\u00f3n, mediante la formaci\u00f3n, el intercambio y la consolidaci\u00f3n de nuestros procesos organizativos. Poni\u00e9ndonos como meta lanzarla en la III Asamblea de la Juventud de la V\u00eda Campesina que se realizar\u00e1 en Djakarta en el 2013.<\/p>\n<p>&#8211;\u00a0\u00a0\u00a0\u00a0\u00a0\u00a0 Seguiremos\u00a0 trabajando en nuestra l\u00ednea de formaci\u00f3n: el desaf\u00edo de nuestros movimientos\u00a0 es construir una capacidad de movilizaci\u00f3n\u00a0 fuerte,\u00a0 y eso pasa\u00a0 por tener nuestras miradas a las bases. Debemos consolidar\u00a0 el trabajo de base de forma permanente, es prioritario politizar el debate y elevar el nivel de consciencia de clase mediante nuestras escuelas de formaci\u00f3n pol\u00edtica.<\/p>\n<p>&#8211;\u00a0\u00a0\u00a0\u00a0\u00a0\u00a0\u00a0\u00a0 Vemos a la\u00a0 comunicaci\u00f3n como un objetivo estrat\u00e9gico. No podemos permitir que los grandes monopolios medi\u00e1ticos sigan fortaleciendo de manera ideol\u00f3gica al capital.\u00a0\u00a0 Consideramos que es indispensable trabajar nuestra comunicaci\u00f3n interna para fortalecer nuestra articulaci\u00f3n continental. Pero adem\u00e1s, es importante potenciar nuestra comunicaci\u00f3n externa, fortaleciendo nuestros\u00a0 medios de comunicaci\u00f3n populares que visibilicen nuestras banderas de lucha.<\/p>\n<p>&#8211;\u00a0\u00a0\u00a0\u00a0\u00a0\u00a0\u00a0\u00a0 Seguiremos realizando el Campamento Latinoamericano de J\u00f3venes, espacio de formaci\u00f3n, integraci\u00f3n e intercambio\u00a0 de las regiones del continente. Adem\u00e1s, promoveremos estos procesos a nivel regional.<\/p>\n<p>&#8211;\u00a0\u00a0\u00a0\u00a0\u00a0\u00a0\u00a0\u00a0 Reivindicamos\u00a0 el 8 de Octubre, d\u00eda del asesinato del Comandante Che Guevara,\u00a0 como D\u00eda de Movilizaci\u00f3n de la Juventud. En este d\u00eda realizaremos acciones y movilizaciones locales, nacionales\u00a0 y regionales en todo el continente.<\/p>\n<p>&#8211;\u00a0\u00a0\u00a0\u00a0\u00a0\u00a0\u00a0\u00a0 Ratificamos\u00a0 la necesidad de construir\u00a0 el ALBA como una articulaci\u00f3n continental de los movimientos sociales del campo y la ciudad de manera de poder construir un Propuesta\u00a0 Popular Continental Alternativo al capitalismo.<\/p>\n<p>&#8211;\u00a0\u00a0\u00a0\u00a0\u00a0\u00a0\u00a0\u00a0 En cuanto a la III Asamblea de J\u00f3venes de la LVC,\u00a0 consideramos que es un espacio importante de formaci\u00f3n y agitaci\u00f3n de la juventud del mundo. Nuestro desaf\u00edo es\u00a0 posicionar nuestras propuestas de Soberan\u00eda Alimentaria, Formaci\u00f3n, Derechos Humanos y\u00a0 Migraci\u00f3n.<\/p>\n<p>&#8211;\u00a0\u00a0\u00a0\u00a0\u00a0\u00a0\u00a0\u00a0 Nos comprometemos a\u00a0 participar\u00a0 de nuestra I Asamblea Continental\u00a0 de la CLOC- VC en octubre\u00a0 de 2012,\u00a0 instancia donde se evaluar\u00e1 y continuar\u00e1 la discusi\u00f3n y los lineamientos de nuestro V Congreso rumbo a la VI Conferencia\u00a0 Internacional de la V\u00eda Campesina.<\/p>\n<p>&#8211;\u00a0\u00a0\u00a0\u00a0\u00a0\u00a0\u00a0\u00a0 Expresamos nuestra Solidaridad con la juventud chilena y con los j\u00f3venes del mundo que han alzado su voz frente al sistema. Valoramos su valent\u00eda y resistencia.<\/p>\n<p>&#8211;\u00a0\u00a0\u00a0\u00a0\u00a0\u00a0\u00a0\u00a0 Asimismo,\u00a0\u00a0 repudiamos la persecuci\u00f3n, criminalizaci\u00f3n y violencia que viven los campesinos e ind\u00edgenas\u00a0 en Honduras, Guatemala, M\u00e9xico, Colombia, Brasil, Bolivia, Argentina, Bolivia,\u00a0 Paraguay, y en\u00a0 otros rincones del mundo.<\/p>\n<p>&#8211;\u00a0\u00a0\u00a0\u00a0\u00a0\u00a0\u00a0\u00a0 Finalmente, exigimos la liberaci\u00f3n de los 5 presos cubanos y el retiro de la Misi\u00f3n de las Naciones Unidas para la Estabilizaci\u00f3n de Hait\u00ed,\u00a0 MINUSTAH. As\u00ed como el retiro de las bases militares estadounidenses de nuestro continente.<\/p>\n<p>\u00a1JUVENTUD LATINOAMERICA UNIDAD, LOS IDEALES DEL CHE CAMINAN!<\/p>\n<p><span style=\"color: #888888;\">&#8212; <br \/>Viviana Rojas Flores<br \/> <strong>Comunicaci\u00f3n CLOC- VIA CAMPESINA<br \/>Secretar\u00eda Operativa Ecuador<\/strong><br \/><strong>Skype: bebebiby<br \/>Fono: (593) 084010846<\/strong><br \/><strong><a href=\"http:\/\/www.cloc-viacampesina.net\/\" target=\"_blank\" rel=\"nofollow noopener noreferrer\">www.cloc-viacampesina.net<\/a><\/strong><\/span><\/p>\n","protected":false},"excerpt":{"rendered":"<p>A nosotras y nosotros, j\u00f3venes de los distintos pa\u00edses de las Am\u00e9ricas de la CLOC-VC, reunidos del 4 al 6 de Octubre en la Universidad Campesina del Movimiento Nacional Campesino Ind\u00edgena de [&hellip;]<\/p>\n","protected":false},"author":2,"featured_media":0,"comment_status":"open","ping_status":"open","sticky":false,"template":"","format":"standard","meta":[],"categories":[61],"tags":[],"_links":{"self":[{"href":"https:\/\/tejidohistorico.afrodescendientes.com\/index.php\/wp-json\/wp\/v2\/posts\/2561"}],"collection":[{"href":"https:\/\/tejidohistorico.afrodescendientes.com\/index.php\/wp-json\/wp\/v2\/posts"}],"about":[{"href":"https:\/\/tejidohistorico.afrodescendientes.com\/index.php\/wp-json\/wp\/v2\/types\/post"}],"author":[{"embeddable":true,"href":"https:\/\/tejidohistorico.afrodescendientes.com\/index.php\/wp-json\/wp\/v2\/users\/2"}],"replies":[{"embeddable":true,"href":"https:\/\/tejidohistorico.afrodescendientes.com\/index.php\/wp-json\/wp\/v2\/comments?post=2561"}],"version-history":[{"count":0,"href":"https:\/\/tejidohistorico.afrodescendientes.com\/index.php\/wp-json\/wp\/v2\/posts\/2561\/revisions"}],"wp:attachment":[{"href":"https:\/\/tejidohistorico.afrodescendientes.com\/index.php\/wp-json\/wp\/v2\/media?parent=2561"}],"wp:term":[{"taxonomy":"category","embeddable":true,"href":"https:\/\/tejidohistorico.afrodescendientes.com\/index.php\/wp-json\/wp\/v2\/categories?post=2561"},{"taxonomy":"post_tag","embeddable":true,"href":"https:\/\/tejidohistorico.afrodescendientes.com\/index.php\/wp-json\/wp\/v2\/tags?post=2561"}],"curies":[{"name":"wp","href":"https:\/\/api.w.org\/{rel}","templated":true}]}}