{"id":258,"date":"2010-06-19T16:35:14","date_gmt":"2010-06-19T16:35:14","guid":{"rendered":"http:\/\/www2.nasaacin.org\/index.php\/2010\/06\/19\/cumbre-climatica-para-una-glaciacion\/"},"modified":"2010-06-19T16:35:14","modified_gmt":"2010-06-19T16:35:14","slug":"cumbre-climatica-para-una-glaciacion","status":"publish","type":"post","link":"https:\/\/tejidohistorico.afrodescendientes.com\/index.php\/2010\/06\/19\/cumbre-climatica-para-una-glaciacion\/","title":{"rendered":"Cumbre Clim\u00e1tica para una Glaciaci\u00f3n"},"content":{"rendered":"<div class=\"fuentefecha\"><strong> <\/strong><\/div>\n<div style=\"text-align: justify;\">Una invitaci\u00f3n a debatir en la  pr\u00f3xima cumbre alternativa del Cambio Clim\u00e1tico en Bolivia, sobre la  adaptaci\u00f3n social a una nueva Glaciaci\u00f3n, y la b\u00fasqueda de seguridad  alimentaria y energ\u00e9tica    <!--more-->  <\/div>\n<div style=\"text-align: justify;\">Bolivia ser\u00e1 pronto sede de  unos de los eventos mundiales m\u00e1s medi\u00e1ticos de la actualidad. Se trata  pues, de una Cumbre sobre el Cambio Clim\u00e1tico. Una vez fracasada la  Cumbre del Clima de Copenhague, alguien tuvo la idea de hacer un evento  alternativo\u2026 y adem\u00e1s, otra sugerencia, en Bolivia. Vaya oportunidad  para los bolivianos. Dicen que vendr\u00e1n m\u00e1s de 10.000 personas\u2026 Uyy!  ojal\u00e1 no hayan colangas para cualquier cosa. Ahora bien, aprovechemos la  oportunidad para debatir abierta y libremente sobre este asunto vital  para el planeta y la humanidad<\/div>\n<div style=\"text-align: justify;\">El fracaso de Copenhague no ha sido  solamente pol\u00edtico, sino que es adem\u00e1s la ca\u00edda estrepitosa del intento  de consenso entre Estados, ONGs y otros, sobre la base de un falso  discurso. Falso discurso, pues no es cierto que la reducci\u00f3n de la  actividad industrial contaminante detenga el \u201ccambio clim\u00e1tico\u201d. Ni es  cierto que el humo de las industrias este provocando el \u201cagujero de  ozono\u201d. Tampoco es verdad que el planeta seguir\u00e1 calent\u00e1ndose  indefinidamente. Y no ha de creerse que el conjunto organizado de la  humanidad (si algo as\u00ed fuera posible en esta \u00e9poca) pueda evitar el  advenimiento del famoso \u201ccambio clim\u00e1tico\u201d. Sencillamente, ninguno de  los habitantes de la Tierra podr\u00e1 librarse de uno de los inmensos y  c\u00edclicos fen\u00f3menos globales del planeta&#8230;las Glaciaciones.<\/div>\n<div style=\"text-align: justify;\">Una glaciaci\u00f3n es un per\u00edodo de  tiempo en el que las temperaturas de la Tierra permiten la extensi\u00f3n de  glaciares hasta las latitudes m\u00e1s bajas, extendiendo a ellas el fr\u00edo. El  per\u00edodo entre dos glaciaciones se denomina interglacial y es una fase  m\u00e1s c\u00e1lida en que desaparecen los hielos de las regiones polares Veamos  un poco en detalle este asunto de una vida planetaria que oscila entre  calores y fr\u00edos milenarios. La Glaciaci\u00f3n de Donau sucedi\u00f3 hace  2.000.000 de a\u00f1os. La glaciaci\u00f3n de G\u00fcnz comenz\u00f3 hace 1, 1 millones de  a\u00f1os y finaliz\u00f3 hace 750.000. La glaciaci\u00f3n de Mindel se estima que  comenz\u00f3 hace 580.000 a\u00f1os y finaliz\u00f3 hace 390.000, La glaciaci\u00f3n de Riss  comenz\u00f3 hace 200.000 a\u00f1os y termin\u00f3 hace 140.000. La glaciaci\u00f3n W\u00fcrm  fue la \u00faltima que conoci\u00f3 la tierra, se considera que comenz\u00f3 hace  100.000 a\u00f1os y termin\u00f3 hace 12.000. Ahora bien, de esta \u00faltima se  conocen tres per\u00edodos: 33.000-27.000 a. C., W\u00fcrm I, clima fr\u00edo;  27.000-23.000 a. C., con una oscilaci\u00f3n llamada Paudorf, que fue una  variaci\u00f3n clim\u00e1tica en que se volvi\u00f3 el clima templado; 23.000-12.000 a.  C. El per\u00edodo W\u00fcrm II, con un clima fr\u00edo tuvo una oscilaci\u00f3n de clima  templado del 12.000-11.000 a. C., llamada de B\u00f8lling. Entre el  11.000-10.000 a. C., se desarrolla el per\u00edodo W\u00fcrm III, de clima fr\u00edo, y  entre 10.000-9.000 a. C., tuvo lugar la Oscilaci\u00f3n de Aller\u00f8d, con un  clima templado. Despu\u00e9s de 8.000 a. C., vivimos una era Postglaciar, con  un clima templado-c\u00e1lido.<\/div>\n<div style=\"text-align: justify;\">Entonces\u2026 \u00bfque nos toca ahora?  Theodor Landscheidt, de Schroeter Institute for Research in Cycles of  Solar Activity, en Alemania, nos explica que \u201cEl an\u00e1lisis de la variable  actividad solar en los \u00faltimos dos mil a\u00f1os indica que, contrariando a  las especulaciones del IPCC acerca de un calentamiento global inducido  por el hombre de 5, 8\u00b0C en los pr\u00f3ximos cien a\u00f1os, se espera un largo  per\u00edodo de clima fr\u00edo con su pico m\u00e1s fr\u00edo hacia el a\u00f1o 2030\u201d.<\/div>\n<div style=\"text-align: justify;\">En una publicaci\u00f3n en red  especializada en Historia del Clima, leemos que\u201d Durante una glaciaci\u00f3n  la temperatura media de la Tierra es m\u00e1s de 10 \u00baC m\u00e1s baja que la del  clima actual. Los casquetes de hielo se extienden miles de kil\u00f3metros y  cubren gran parte de Europa, Asia, Norte Am\u00e9rica y Suram\u00e9rica formando  un gran inlandsis. Estas condiciones han imperado durante el 80% de los  \u00faltimos 2, 5 millones de a\u00f1os. Se podr\u00eda decir que el clima de la Tierra  tiende a ser glacial\u201d<\/div>\n<div style=\"text-align: justify;\">Por su parte, V\u00edctor Manuel Velasco  Herrera, investigador del Instituto de Geof\u00edsica de la UNAM agrega que  \u201cEl fen\u00f3meno del cambio clim\u00e1tico, debe comprender otra clase de  factores, internos, como los volcanes y la propia actividad humana, y  externos, como la actividad solar\u2026 Curiosamente, al astro nunca se le ha  visto como un agente de enfriamiento, sino de calentamiento, pero tiene  los dos papeles\u2026 En la actualidad, el mundo vive una etapa de  transici\u00f3n donde la actividad solar disminuye considerablemente, as\u00ed  que, en dos a\u00f1os aproximadamente, habr\u00e1 una peque\u00f1a era de hielo que  durar\u00e1 de 60 a 80 a\u00f1os, y la consecuencia inmediata de ello, ser\u00e1 la  sequ\u00eda\u201d.<\/div>\n<div style=\"text-align: justify;\">A su vez, el investigador Thom  Hartmann asegura que \u201c\u2026 si bastante agua dulce fr\u00eda que viene de los  casquillos de hielo polar y de los glaciares que se derriten en  Groenlandia se vierte en el Atl\u00e1ntico norte, esto cerrar\u00e1 la Corriente  del Golfo, la cual mantiene Europa y el noreste de Norteam\u00e9rica  calientes. El peor escenario ser\u00eda una verdadera vuelta a la \u00c9poca  Glacial &#8211; en un per\u00edodo tan corto como 2 a 3 a\u00f1os de su inicio &#8211; y el  escenario mediano ser\u00eda un per\u00edodo como la &#8220;Peque\u00f1a \u00c9poca Glacial&#8221; de  hace algunos siglos que interrumpi\u00f3 los patrones mundiales del tiempo  conduci\u00e9ndolo a inviernos extremadamente fr\u00edos, sequ\u00edas, desertificaci\u00f3n  mundial, faltas de cosecha y guerras alrededor del mundo.\u201d<\/div>\n<div style=\"text-align: justify;\">Por su parte, un Diario de Londres,  The Espectator explicaba que\u201c\u2026 el consenso de la opini\u00f3n cient\u00edfica en  los a\u00f1os 70s era que el mundo se dirig\u00eda a una nueva Edad de Hielo. Ya  para 1975, el editor del New Scientist estaba advirtiendo que \u201cla  amenaza de una nueva Edad de Hielo debe ahora estar al lado de una  guerra nuclear como una muy posible fuente de muerte masiva y miseria  para la humanidad\u2026 En todo caso, es el riesgo de una nueva edad de hielo  lo que tenemos que temer. Cuando las Edades de Hielo llegan, seg\u00fan nos  dicen los registros geol\u00f3gicos, ellas lo hacen muy r\u00e1pido, en un t\u00e9rmino  de pocos a\u00f1os. Una repetici\u00f3n de la \u00faltima edad de hielo ver\u00eda a los  casquetes de hielo polares extenderse hasta el T\u00e1mesis. Gran Breta\u00f1a se  trasformar\u00eda en Groenlandia, capaza de mantener asentamientos marginales  en sus costas del sur, pero un desierto el resto. Lo que es m\u00e1s, los  registros geol\u00f3gicos muestran que las edades de hielo tienden a ocurrir a  intervalos de 10.000 a\u00f1os, y est\u00e1n precedidas de algunas pocas se\u00f1ales  de calentamiento. La \u00faltima edad de hielo finaliz\u00f3 hace 10.500 a\u00f1os\u201d.<\/div>\n<div style=\"text-align: justify;\">Un poco de sencilla investigaci\u00f3n y  lecturas preclaras, ya nos dejan datos y criterios suficientes como para  entender que quiz\u00e1s, deber\u00edamos alegrarnos por el fracaso de la gran  farsa e impostura de los fans de Copenhague, pues ni la m\u00e1s alta de sus  aspiraciones supondr\u00eda un cambio m\u00ednimo cambio de ritmo en la poderosa  corriente del golfo, ni un \u00e1pice de mil\u00edmetro movido en la ruta el\u00edptica  de la Tierra alrededor del Sol. Lecturas que nos dejan la seguridad de  saber cu\u00e1l es la historia clim\u00e1tica general del planeta, una historia de  edades de hielo, algunos siglos con picos de calor y nuevas edades de  hielo, todo dentro de largu\u00edsimas glaciaciones que duran decenas de  miles de a\u00f1os.<\/div>\n<div style=\"text-align: justify;\">Y si nuestra suerte ya est\u00e1 echada  \u00bfQu\u00e9 queda? Hay quienes opinan que la cultura humana es una larga  experiencia acumulada de adaptaci\u00f3n al entorno natural y a las  alteraciones del clima. Y Bolivia tiene una variedad de culturas con la  capacidad de hacer aportes significativos a la sobrevivencia humana a  mediano y largo plazo. \u00bfExagerado? Las culturas que han creado  tub\u00e9rculos de pampa y bosque o cereales de altura o sistemas hidr\u00e1ulicos  para riego, son registros gen\u00e9ticos e hist\u00f3ricos claves para enfrentar  una reducci\u00f3n abrupta de temperaturas que dar\u00e1 inicio al pico de fr\u00edo en  la actual Glaciaci\u00f3n. Adem\u00e1s, Bolivia podr\u00eda ser, a muy corto plazo uno  de los pocos pa\u00edses capaces de aprovechar las energ\u00edas de subsuelo para  dar calor y para utilizar en la producci\u00f3n, tanto de sus habitantes,  como la de los vecinos. Este pa\u00eds andino-amaz\u00f3nico dar\u00eda un caluroso,  tierno y gran abrazo, clave para la supervivencia regional<\/div>\n<div style=\"text-align: justify;\">En esta Cumbre sobre el Cambio  Clim\u00e1tico que habr\u00e1 de realizarse en nuestro pa\u00eds, tendr\u00eda que  discutirse la falsedad ideol\u00f3gica del discurso imperialista sobre una  suerte de \u201ccalentamiento global de causas inotr\u00f3picas\u201d y sus  consecuencias pr\u00e1cticas en las pol\u00edticas de Estado y por otra parte,  quiz\u00e1s la m\u00e1s importante, la discusi\u00f3n sobre la seguridad alimentaria y  energ\u00e9tica para enfrentar el fr\u00edo inminente que golpear\u00e1 nefasto los  d\u00edas de una humanidad urbana acostumbrada al supermercado y el petr\u00f3leo  como base su sost\u00e9n. \u00bfCu\u00e1l es la capacidad que tenemos como sociedad de  adaptarnos a variaciones bruscas de temperatura?; \u00bfQu\u00e9 pol\u00edticas llevan  adelantes nuestros gobernantes ante la inminencia real de picos de fr\u00edo  en una glaciaci\u00f3n?<\/div>\n<div style=\"text-align: justify;\">Un pregunta m\u00e1s \u00bfCu\u00e1l ser\u00eda la  reacci\u00f3n del imperialismo, del imperio, en un escenario parecido al \u201cD\u00eda  despu\u00e9s de ma\u00f1ana\u201d, en el que un enfriamiento abrupto haga colapsar a  las sociedades industriales? Una imaginaci\u00f3n perversa se figurar\u00eda que  tendr\u00edan m\u00e1s f\u00e1cil su sobrevivencia, inmensas unidades militares con  capacidad de acci\u00f3n transnacional, y que ser\u00edan enviadas a los puntos  estrat\u00e9gicos del planeta en los que se encuentran los recursos  esenciales para la supervivencia del Estado, su gobierno y determinadas  clases sociales (recursos como la papa, coca, quinua, agua o el gas)<\/div>\n<div style=\"text-align: justify;\"><strong> [ <span>Fuente: <a href=\"http:\/\/bo.globedia.com\/bolivia-cumbre-climatica-glaciacion\" target=\"_blank\" rel=\"noopener noreferrer\">Globedia.<\/a><\/span> ]  [ <span>Autor: Emir Iskenderian Aguilera <\/span>]<\/strong><\/div>\n","protected":false},"excerpt":{"rendered":"<p>Una invitaci\u00f3n a debatir en la pr\u00f3xima cumbre alternativa del Cambio Clim\u00e1tico en Bolivia, sobre la adaptaci\u00f3n social a una nueva Glaciaci\u00f3n, y la b\u00fasqueda de seguridad alimentaria y energ\u00e9tica<\/p>\n","protected":false},"author":1,"featured_media":0,"comment_status":"open","ping_status":"open","sticky":false,"template":"","format":"standard","meta":[],"categories":[3],"tags":[],"_links":{"self":[{"href":"https:\/\/tejidohistorico.afrodescendientes.com\/index.php\/wp-json\/wp\/v2\/posts\/258"}],"collection":[{"href":"https:\/\/tejidohistorico.afrodescendientes.com\/index.php\/wp-json\/wp\/v2\/posts"}],"about":[{"href":"https:\/\/tejidohistorico.afrodescendientes.com\/index.php\/wp-json\/wp\/v2\/types\/post"}],"author":[{"embeddable":true,"href":"https:\/\/tejidohistorico.afrodescendientes.com\/index.php\/wp-json\/wp\/v2\/users\/1"}],"replies":[{"embeddable":true,"href":"https:\/\/tejidohistorico.afrodescendientes.com\/index.php\/wp-json\/wp\/v2\/comments?post=258"}],"version-history":[{"count":0,"href":"https:\/\/tejidohistorico.afrodescendientes.com\/index.php\/wp-json\/wp\/v2\/posts\/258\/revisions"}],"wp:attachment":[{"href":"https:\/\/tejidohistorico.afrodescendientes.com\/index.php\/wp-json\/wp\/v2\/media?parent=258"}],"wp:term":[{"taxonomy":"category","embeddable":true,"href":"https:\/\/tejidohistorico.afrodescendientes.com\/index.php\/wp-json\/wp\/v2\/categories?post=258"},{"taxonomy":"post_tag","embeddable":true,"href":"https:\/\/tejidohistorico.afrodescendientes.com\/index.php\/wp-json\/wp\/v2\/tags?post=258"}],"curies":[{"name":"wp","href":"https:\/\/api.w.org\/{rel}","templated":true}]}}