{"id":2662,"date":"2011-10-18T22:03:59","date_gmt":"2011-10-18T22:03:59","guid":{"rendered":"http:\/\/www2.nasaacin.org\/index.php\/2011\/10\/18\/risaralda-critica-situacion-de-la-atencion-en-salud-de-los-emberas\/"},"modified":"2011-10-18T22:03:59","modified_gmt":"2011-10-18T22:03:59","slug":"risaralda-critica-situacion-de-la-atencion-en-salud-de-los-emberas","status":"publish","type":"post","link":"https:\/\/tejidohistorico.afrodescendientes.com\/index.php\/2011\/10\/18\/risaralda-critica-situacion-de-la-atencion-en-salud-de-los-emberas\/","title":{"rendered":"Risaralda: Cr\u00edtica situaci\u00f3n de la atenci\u00f3n en salud de los emberas"},"content":{"rendered":"<p>Los gobernadores mayores de los Cabildos ind\u00edgenas y el Consejo Regional de Autoridades Ind\u00edgenas de Risaralda CRIR, hace saber a la opini\u00f3n p\u00fablica la grave situaci\u00f3n en atenci\u00f3n en salud que se encuentran los emberas Cham\u00ed y Kat\u00edo en el departamento de Risaralda.<\/p>\n","protected":false},"excerpt":{"rendered":"<p>Los gobernadores mayores de los Cabildos ind\u00edgenas y el Consejo Regional de Autoridades Ind\u00edgenas de Risaralda CRIR, hace saber a la opini\u00f3n p\u00fablica la grave situaci\u00f3n en atenci\u00f3n en salud que se [&hellip;]<\/p>\n","protected":false},"author":2,"featured_media":0,"comment_status":"open","ping_status":"open","sticky":false,"template":"","format":"standard","meta":[],"categories":[61],"tags":[],"_links":{"self":[{"href":"https:\/\/tejidohistorico.afrodescendientes.com\/index.php\/wp-json\/wp\/v2\/posts\/2662"}],"collection":[{"href":"https:\/\/tejidohistorico.afrodescendientes.com\/index.php\/wp-json\/wp\/v2\/posts"}],"about":[{"href":"https:\/\/tejidohistorico.afrodescendientes.com\/index.php\/wp-json\/wp\/v2\/types\/post"}],"author":[{"embeddable":true,"href":"https:\/\/tejidohistorico.afrodescendientes.com\/index.php\/wp-json\/wp\/v2\/users\/2"}],"replies":[{"embeddable":true,"href":"https:\/\/tejidohistorico.afrodescendientes.com\/index.php\/wp-json\/wp\/v2\/comments?post=2662"}],"version-history":[{"count":0,"href":"https:\/\/tejidohistorico.afrodescendientes.com\/index.php\/wp-json\/wp\/v2\/posts\/2662\/revisions"}],"wp:attachment":[{"href":"https:\/\/tejidohistorico.afrodescendientes.com\/index.php\/wp-json\/wp\/v2\/media?parent=2662"}],"wp:term":[{"taxonomy":"category","embeddable":true,"href":"https:\/\/tejidohistorico.afrodescendientes.com\/index.php\/wp-json\/wp\/v2\/categories?post=2662"},{"taxonomy":"post_tag","embeddable":true,"href":"https:\/\/tejidohistorico.afrodescendientes.com\/index.php\/wp-json\/wp\/v2\/tags?post=2662"}],"curies":[{"name":"wp","href":"https:\/\/api.w.org\/{rel}","templated":true}]}}