{"id":2683,"date":"2011-10-20T13:46:26","date_gmt":"2011-10-20T13:46:26","guid":{"rendered":"http:\/\/www2.nasaacin.org\/index.php\/2011\/10\/20\/peru-rechaza-violacion-de-derechos-humanos\/"},"modified":"2011-10-20T13:46:26","modified_gmt":"2011-10-20T13:46:26","slug":"peru-rechaza-violacion-de-derechos-humanos","status":"publish","type":"post","link":"https:\/\/tejidohistorico.afrodescendientes.com\/index.php\/2011\/10\/20\/peru-rechaza-violacion-de-derechos-humanos\/","title":{"rendered":"Per\u00fa rechaza violaci\u00f3n  de Derechos Humanos en M\u00e9xico"},"content":{"rendered":"<p style=\"text-align: justify;\"> \tPer\u00fa rechaza la violaci\u00f3n de derechos humanos en Ostula y condena el <a href=\"http:\/\/www.youtube.com\/watch?v=sLOPmRkyCPk\">asesinato de Pedro Leyva<\/a><\/p>\n<p>  <!--more-->  <\/p>\n<p> \tConacami 19\/10\/11.- La Confederaci\u00f3n Nacional de Comunidades Afectadas por la Miner\u00eda CONACAMI PER\u00da, condena el asesinato del compa\u00f1ero Pedro Leyva Dom\u00ednguez, ocurrido el paso 6 de octubre de 2011, rechaza categ\u00f3ricamente la violaci\u00f3n de los derechos humanos en la hermana comunidad de Santa Mar\u00eda Ostula, Michoac\u00e1n, y se adhiere a la solidaridad internacional con la digna lucha del pueblo.<\/p>\n<p> \t\u00a0<\/p>\n<p style=\"text-align: justify;\"> \tComo se recordar\u00e1 el pasado 6 de octubre de 2011, en el poblado de Xayakalan, Santa Mar\u00eda Ostula, municipio de Aquila Michoac\u00e1n M\u00e9xico, el dirigente ind\u00edgena nahua Pedro Leyva Dom\u00ednguez (34), fue cobardemente asesinado aproximadamente a las 9 de la noche, en circunstancias que son materia de investigaci\u00f3n, aparentemente por paramilitares.<\/p>\n<p> \tPedro Leyva era comunero y miembro de La Comisi\u00f3n por la Defensa de los Bienes Comunales, de la Guardia Comunal de Santa Mar\u00eda Ostula y representante de Santa Mar\u00eda Ostula ante el Movimiento Nacional por la Paz con Justicia y Dignidad.<\/p>\n<p> \tSeg\u00fan versi\u00f3n de los propios miembros de la comunidad, \u00e9stos paramilitares &ldquo;operan en la regi\u00f3n al servicio de los grupos de la delincuencia organizada que desde el 29 de junio de 2009 persiguen, asesinan y desaparecen a integrantes de la comunidad y de las comunidades vecinas con total impunidad&rdquo;.<\/p>\n<p> \tA pesar de que la Comisi\u00f3n Interamericana de Derechos Humanos en septiembre del a\u00f1o 2010 otorg\u00f3 &#8220;Medidas Cautelares&#8221; para algunos de sus miembros, la violencia y las agresiones en contra de los dirigentes de la comunidad contin\u00faan ante la complicidad silenciosa de los gobiernos federal, estatal y local.<\/p>\n<p> \tFrente a estas circunstancias las organizaciones ind\u00edgenas y locales emprendieron la &ldquo;Campa\u00f1a alto a la guerra contra Ostula&rdquo; y hacen un llamado de auxilio internacional ante nuevas agresiones a los integrantes de la comunidad.<\/p>\n<p> \tCampa\u00f1a alto a la guerra contra Ostula<\/p>\n<p> \tOrganizaciones e individuos solidarios con Santa Mar\u00eda Ostula<\/p>\n<p> \tA 9 los d\u00edas del mes de octubre de 2011<\/p>\n","protected":false},"excerpt":{"rendered":"<p>Per\u00fa rechaza la violaci\u00f3n de derechos humanos en Ostula y condena el asesinato de Pedro Leyva<\/p>\n","protected":false},"author":1,"featured_media":0,"comment_status":"open","ping_status":"open","sticky":false,"template":"","format":"standard","meta":[],"categories":[3],"tags":[],"_links":{"self":[{"href":"https:\/\/tejidohistorico.afrodescendientes.com\/index.php\/wp-json\/wp\/v2\/posts\/2683"}],"collection":[{"href":"https:\/\/tejidohistorico.afrodescendientes.com\/index.php\/wp-json\/wp\/v2\/posts"}],"about":[{"href":"https:\/\/tejidohistorico.afrodescendientes.com\/index.php\/wp-json\/wp\/v2\/types\/post"}],"author":[{"embeddable":true,"href":"https:\/\/tejidohistorico.afrodescendientes.com\/index.php\/wp-json\/wp\/v2\/users\/1"}],"replies":[{"embeddable":true,"href":"https:\/\/tejidohistorico.afrodescendientes.com\/index.php\/wp-json\/wp\/v2\/comments?post=2683"}],"version-history":[{"count":0,"href":"https:\/\/tejidohistorico.afrodescendientes.com\/index.php\/wp-json\/wp\/v2\/posts\/2683\/revisions"}],"wp:attachment":[{"href":"https:\/\/tejidohistorico.afrodescendientes.com\/index.php\/wp-json\/wp\/v2\/media?parent=2683"}],"wp:term":[{"taxonomy":"category","embeddable":true,"href":"https:\/\/tejidohistorico.afrodescendientes.com\/index.php\/wp-json\/wp\/v2\/categories?post=2683"},{"taxonomy":"post_tag","embeddable":true,"href":"https:\/\/tejidohistorico.afrodescendientes.com\/index.php\/wp-json\/wp\/v2\/tags?post=2683"}],"curies":[{"name":"wp","href":"https:\/\/api.w.org\/{rel}","templated":true}]}}