{"id":2698,"date":"2011-10-20T19:25:30","date_gmt":"2011-10-20T19:25:30","guid":{"rendered":"http:\/\/www2.nasaacin.org\/index.php\/2011\/10\/20\/chigorodo-y-mutata-antioquia-dayi-drua-nuestra-tierra\/"},"modified":"2011-10-20T19:25:30","modified_gmt":"2011-10-20T19:25:30","slug":"chigorodo-y-mutata-antioquia-dayi-drua-nuestra-tierra","status":"publish","type":"post","link":"https:\/\/tejidohistorico.afrodescendientes.com\/index.php\/2011\/10\/20\/chigorodo-y-mutata-antioquia-dayi-drua-nuestra-tierra\/","title":{"rendered":"Chigorod\u00f3 y Mutat\u00e1 &#8211; Antioquia: Dayi Drua &#8211; Nuestra Tierra"},"content":{"rendered":"<p>Nuestros pueblos ind\u00edgenas han sido masacrados a\u00f1o tras a\u00f1o, sin respeto, sin respuestas, sin verdades, pero aqu\u00ed estamos. Hace mucho tiempo que dejamos las flechas y los palos para combatir, para defender nuestros territorios, para hacer respetar nuestras vidas. Ahora utilizamos la organizaci\u00f3n, la unidad, la hermandad, las leyes, la autonom\u00eda, nuestras tradiciones culturales y saberes ancestrales.<\/p>\n","protected":false},"excerpt":{"rendered":"<p>Nuestros pueblos ind\u00edgenas han sido masacrados a\u00f1o tras a\u00f1o, sin respeto, sin respuestas, sin verdades, pero aqu\u00ed estamos. Hace mucho tiempo que dejamos las flechas y los palos para combatir, para defender [&hellip;]<\/p>\n","protected":false},"author":2,"featured_media":0,"comment_status":"open","ping_status":"open","sticky":false,"template":"","format":"standard","meta":[],"categories":[61],"tags":[],"_links":{"self":[{"href":"https:\/\/tejidohistorico.afrodescendientes.com\/index.php\/wp-json\/wp\/v2\/posts\/2698"}],"collection":[{"href":"https:\/\/tejidohistorico.afrodescendientes.com\/index.php\/wp-json\/wp\/v2\/posts"}],"about":[{"href":"https:\/\/tejidohistorico.afrodescendientes.com\/index.php\/wp-json\/wp\/v2\/types\/post"}],"author":[{"embeddable":true,"href":"https:\/\/tejidohistorico.afrodescendientes.com\/index.php\/wp-json\/wp\/v2\/users\/2"}],"replies":[{"embeddable":true,"href":"https:\/\/tejidohistorico.afrodescendientes.com\/index.php\/wp-json\/wp\/v2\/comments?post=2698"}],"version-history":[{"count":0,"href":"https:\/\/tejidohistorico.afrodescendientes.com\/index.php\/wp-json\/wp\/v2\/posts\/2698\/revisions"}],"wp:attachment":[{"href":"https:\/\/tejidohistorico.afrodescendientes.com\/index.php\/wp-json\/wp\/v2\/media?parent=2698"}],"wp:term":[{"taxonomy":"category","embeddable":true,"href":"https:\/\/tejidohistorico.afrodescendientes.com\/index.php\/wp-json\/wp\/v2\/categories?post=2698"},{"taxonomy":"post_tag","embeddable":true,"href":"https:\/\/tejidohistorico.afrodescendientes.com\/index.php\/wp-json\/wp\/v2\/tags?post=2698"}],"curies":[{"name":"wp","href":"https:\/\/api.w.org\/{rel}","templated":true}]}}