{"id":2747,"date":"2011-10-29T16:10:32","date_gmt":"2011-10-29T16:10:32","guid":{"rendered":"http:\/\/www2.nasaacin.org\/index.php\/2011\/10\/29\/narino-ha-pasado-mas-de-un-mes-y-no-tenemos-noticia-alguna\/"},"modified":"2011-10-29T16:10:32","modified_gmt":"2011-10-29T16:10:32","slug":"narino-ha-pasado-mas-de-un-mes-y-no-tenemos-noticia-alguna","status":"publish","type":"post","link":"https:\/\/tejidohistorico.afrodescendientes.com\/index.php\/2011\/10\/29\/narino-ha-pasado-mas-de-un-mes-y-no-tenemos-noticia-alguna\/","title":{"rendered":"Nari\u00f1o: Ha pasado m\u00e1s de un mes y no tenemos noticia alguna"},"content":{"rendered":"<p>Como lo hab\u00edamos dado a conocer en el anterior comunicado, fechado 28 de septiembre del presente a\u00f1o, la crisis humanitaria que atraviesa nuestro pueblo cada vez es m\u00e1s fuerte y nos ataca sin medir afectaciones de ning\u00fan tipo; a diario enfrentamos fumigaciones, saqueos al territorio, asesinatos de nuestros compa\u00f1eros, desplazamientos, amenazas, entre otros.<\/p>\n","protected":false},"excerpt":{"rendered":"<p>Como lo hab\u00edamos dado a conocer en el anterior comunicado, fechado 28 de septiembre del presente a\u00f1o, la crisis humanitaria que atraviesa nuestro pueblo cada vez es m\u00e1s fuerte y nos ataca [&hellip;]<\/p>\n","protected":false},"author":2,"featured_media":0,"comment_status":"open","ping_status":"open","sticky":false,"template":"","format":"standard","meta":[],"categories":[61],"tags":[],"_links":{"self":[{"href":"https:\/\/tejidohistorico.afrodescendientes.com\/index.php\/wp-json\/wp\/v2\/posts\/2747"}],"collection":[{"href":"https:\/\/tejidohistorico.afrodescendientes.com\/index.php\/wp-json\/wp\/v2\/posts"}],"about":[{"href":"https:\/\/tejidohistorico.afrodescendientes.com\/index.php\/wp-json\/wp\/v2\/types\/post"}],"author":[{"embeddable":true,"href":"https:\/\/tejidohistorico.afrodescendientes.com\/index.php\/wp-json\/wp\/v2\/users\/2"}],"replies":[{"embeddable":true,"href":"https:\/\/tejidohistorico.afrodescendientes.com\/index.php\/wp-json\/wp\/v2\/comments?post=2747"}],"version-history":[{"count":0,"href":"https:\/\/tejidohistorico.afrodescendientes.com\/index.php\/wp-json\/wp\/v2\/posts\/2747\/revisions"}],"wp:attachment":[{"href":"https:\/\/tejidohistorico.afrodescendientes.com\/index.php\/wp-json\/wp\/v2\/media?parent=2747"}],"wp:term":[{"taxonomy":"category","embeddable":true,"href":"https:\/\/tejidohistorico.afrodescendientes.com\/index.php\/wp-json\/wp\/v2\/categories?post=2747"},{"taxonomy":"post_tag","embeddable":true,"href":"https:\/\/tejidohistorico.afrodescendientes.com\/index.php\/wp-json\/wp\/v2\/tags?post=2747"}],"curies":[{"name":"wp","href":"https:\/\/api.w.org\/{rel}","templated":true}]}}