{"id":2788,"date":"2011-11-08T23:56:39","date_gmt":"2011-11-08T23:56:39","guid":{"rendered":"http:\/\/www2.nasaacin.org\/index.php\/2011\/11\/08\/respaldo-a-la-lucha-estudiantil-contra-la-reforma-y-la-ley-30\/"},"modified":"2011-11-08T23:56:39","modified_gmt":"2011-11-08T23:56:39","slug":"respaldo-a-la-lucha-estudiantil-contra-la-reforma-y-la-ley-30","status":"publish","type":"post","link":"https:\/\/tejidohistorico.afrodescendientes.com\/index.php\/2011\/11\/08\/respaldo-a-la-lucha-estudiantil-contra-la-reforma-y-la-ley-30\/","title":{"rendered":"Respaldo a la lucha estudiantil contra la reforma y la ley 30"},"content":{"rendered":"<\/p>\n<p>La Ley 30, pretende que la educaci\u00f3n se convierta en lucro para unos a  costa de deudas impagables para muchos, deterioro de la calidad  educativa y sometimiento de los contenidos y sentidos de la formaci\u00f3n a  intereses de acumulaci\u00f3n en contrav\u00eda de las necesidades y derechos de  la poblaci\u00f3n colombiana.<\/p>\n<p \/>  <!--more-->  <\/p>\n<p>\u00a0<\/p>\n<h2>Respaldo a la lucha estudiantil contra la reforma y la ley 30<\/h2>\n<p>\u00a0<\/p>\n<\/p>\n<p>Asumimos como nuestra la lucha en contra de la Ley 30 de reforma a la educaci\u00f3n, a trav\u00e9s de la cual el Gobierno Santos, pretende acabar de transformar la educaci\u00f3n en un privilegio, en una mercanc\u00eda y en un medio para capitalizar intereses privados, de la misma forma en que se hizo con la Salud a trav\u00e9s de la Ley 100, que lejos de atender a quienes requieren de servicios, se ha convertido en un mecanismo de violaci\u00f3n sistem\u00e1tica de un derecho fundamental que arruina, enferma y mata para que se enriquezcan unas empresas privadas. La Ley 30, pretende que la educaci\u00f3n se convierta en lucro para unos a costa de deudas impagables para muchos, deterioro de la calidad educativa y sometimiento de los contenidos y sentidos de la formaci\u00f3n a intereses de acumulaci\u00f3n en contrav\u00eda de las necesidades y derechos de la poblaci\u00f3n colombiana.<\/p>\n<p>La ejemplar movilizaci\u00f3n estudiantil demuestra la claridad y conciencia de quienes all\u00ed participan y es por ello, que esta causa se va convirtiendo en la causa de todas y todos los colombianos y colombianas. No es un problema del estudiantado ni del sector acad\u00e9mico y educativo. La mala educaci\u00f3n, las deudas con intereses, la privatizaci\u00f3n, el af\u00e1n de lucro, la pagamos todas y todos ahora y de ahora en adelante. Nos repugna la campa\u00f1a medi\u00e1tica llena de distorsiones y mentiras con la que este gobierno que se presenta como de &#8220;Unidad&#8221;, pretende desdibujar una causa que es a todas luces justa. Mentir para convertir la educaci\u00f3n de Colombia en negocio es un acto execrable.<\/p>\n<p>Ante estos hechos, nos unimos a las movilizaciones y a la lucha de Colombia contra la Ley 30 y la privatizaci\u00f3n de la educaci\u00f3n. Exigimos que la agenda presentada por el estudiantado sea acogida como mandato en su totalidad y denunciamos abiertamente el car\u00e1cter enga\u00f1oso del gobierno de Juan Manuel Santos que se presenta al mundo como un dem\u00f3crata, mientras impulsa los intereses de sectores econ\u00f3micos a costa del empobrecimiento y de la ignorancia de los y de las Colombianas. Convocamos, con el movimiento estudiantil la solidaridad y movilizaci\u00f3n de todas y de todos dentro y fuera de Colombia.<\/p>\n<p>No a la Ley 30. No a la privatizaci\u00f3n de la educaci\u00f3n para el lucro privado. El gobierno de Colombia miente, reprime y despoja a su pueblo<\/p>\n<p><strong>Manuel Rozental y polo joven de Alemania<\/strong><\/p>\n<p><a href=\"http:\/\/polojoven.blogspot.com\/2011\/11\/respaldo-la-lucha-estudiantil-contra-la.html\" target=\"_self\" rel=\"noopener noreferrer\">http:\/\/polojoven.blogspot.com\/2011\/11\/respaldo-la-lucha-estudiantil-contra-la.html<\/a><\/p>\n","protected":false},"excerpt":{"rendered":"<p>La Ley 30, pretende que la educaci\u00f3n se convierta en lucro para unos a costa de deudas impagables para muchos, deterioro de la calidad educativa y sometimiento de los contenidos y sentidos [&hellip;]<\/p>\n","protected":false},"author":2,"featured_media":0,"comment_status":"open","ping_status":"open","sticky":false,"template":"","format":"standard","meta":[],"categories":[75],"tags":[],"_links":{"self":[{"href":"https:\/\/tejidohistorico.afrodescendientes.com\/index.php\/wp-json\/wp\/v2\/posts\/2788"}],"collection":[{"href":"https:\/\/tejidohistorico.afrodescendientes.com\/index.php\/wp-json\/wp\/v2\/posts"}],"about":[{"href":"https:\/\/tejidohistorico.afrodescendientes.com\/index.php\/wp-json\/wp\/v2\/types\/post"}],"author":[{"embeddable":true,"href":"https:\/\/tejidohistorico.afrodescendientes.com\/index.php\/wp-json\/wp\/v2\/users\/2"}],"replies":[{"embeddable":true,"href":"https:\/\/tejidohistorico.afrodescendientes.com\/index.php\/wp-json\/wp\/v2\/comments?post=2788"}],"version-history":[{"count":0,"href":"https:\/\/tejidohistorico.afrodescendientes.com\/index.php\/wp-json\/wp\/v2\/posts\/2788\/revisions"}],"wp:attachment":[{"href":"https:\/\/tejidohistorico.afrodescendientes.com\/index.php\/wp-json\/wp\/v2\/media?parent=2788"}],"wp:term":[{"taxonomy":"category","embeddable":true,"href":"https:\/\/tejidohistorico.afrodescendientes.com\/index.php\/wp-json\/wp\/v2\/categories?post=2788"},{"taxonomy":"post_tag","embeddable":true,"href":"https:\/\/tejidohistorico.afrodescendientes.com\/index.php\/wp-json\/wp\/v2\/tags?post=2788"}],"curies":[{"name":"wp","href":"https:\/\/api.w.org\/{rel}","templated":true}]}}