{"id":2811,"date":"2011-11-11T16:53:57","date_gmt":"2011-11-11T16:53:57","guid":{"rendered":"http:\/\/www2.nasaacin.org\/index.php\/2011\/11\/11\/barrancabermeja-nada-justifica-la-violencia-contra-la-mujer\/"},"modified":"2011-11-11T16:53:57","modified_gmt":"2011-11-11T16:53:57","slug":"barrancabermeja-nada-justifica-la-violencia-contra-la-mujer","status":"publish","type":"post","link":"https:\/\/tejidohistorico.afrodescendientes.com\/index.php\/2011\/11\/11\/barrancabermeja-nada-justifica-la-violencia-contra-la-mujer\/","title":{"rendered":"Barrancabermeja: Nada Justifica la violencia contra la mujer"},"content":{"rendered":"<p>Denunciamos los hechos ocurridos sobre nuestra compa\u00f1era JACKELINE ROJAS CASTA\u00d1EDA integrante de la Organizaci\u00f3n Femenina Popular desde hace 20 a\u00f1os, miembra del equipo de direcci\u00f3n, madre de dos hijos, un joven y una ni\u00f1a especial.<\/p>\n","protected":false},"excerpt":{"rendered":"<p>Denunciamos los hechos ocurridos sobre nuestra compa\u00f1era JACKELINE ROJAS CASTA\u00d1EDA integrante de la Organizaci\u00f3n Femenina Popular desde hace 20 a\u00f1os, miembra del equipo de direcci\u00f3n, madre de dos hijos, un joven y [&hellip;]<\/p>\n","protected":false},"author":2,"featured_media":0,"comment_status":"open","ping_status":"open","sticky":false,"template":"","format":"standard","meta":[],"categories":[61],"tags":[],"_links":{"self":[{"href":"https:\/\/tejidohistorico.afrodescendientes.com\/index.php\/wp-json\/wp\/v2\/posts\/2811"}],"collection":[{"href":"https:\/\/tejidohistorico.afrodescendientes.com\/index.php\/wp-json\/wp\/v2\/posts"}],"about":[{"href":"https:\/\/tejidohistorico.afrodescendientes.com\/index.php\/wp-json\/wp\/v2\/types\/post"}],"author":[{"embeddable":true,"href":"https:\/\/tejidohistorico.afrodescendientes.com\/index.php\/wp-json\/wp\/v2\/users\/2"}],"replies":[{"embeddable":true,"href":"https:\/\/tejidohistorico.afrodescendientes.com\/index.php\/wp-json\/wp\/v2\/comments?post=2811"}],"version-history":[{"count":0,"href":"https:\/\/tejidohistorico.afrodescendientes.com\/index.php\/wp-json\/wp\/v2\/posts\/2811\/revisions"}],"wp:attachment":[{"href":"https:\/\/tejidohistorico.afrodescendientes.com\/index.php\/wp-json\/wp\/v2\/media?parent=2811"}],"wp:term":[{"taxonomy":"category","embeddable":true,"href":"https:\/\/tejidohistorico.afrodescendientes.com\/index.php\/wp-json\/wp\/v2\/categories?post=2811"},{"taxonomy":"post_tag","embeddable":true,"href":"https:\/\/tejidohistorico.afrodescendientes.com\/index.php\/wp-json\/wp\/v2\/tags?post=2811"}],"curies":[{"name":"wp","href":"https:\/\/api.w.org\/{rel}","templated":true}]}}