{"id":2844,"date":"2011-11-16T21:28:02","date_gmt":"2011-11-16T21:28:02","guid":{"rendered":"http:\/\/www2.nasaacin.org\/index.php\/2011\/11\/16\/choco-etnico-no-68\/"},"modified":"2011-11-16T21:28:02","modified_gmt":"2011-11-16T21:28:02","slug":"choco-etnico-no-68","status":"publish","type":"post","link":"https:\/\/tejidohistorico.afrodescendientes.com\/index.php\/2011\/11\/16\/choco-etnico-no-68\/","title":{"rendered":"Choc\u00f3 \u00c9tnico No 68"},"content":{"rendered":"<p>Los territorios colectivos en el departamento del Choc\u00f3, est\u00e1n cada vez m\u00e1s amenazados, por ello se hace necesario continuar con el fortalecimiento de los lideres y lideresas que tienen en su hombros la defensa de los mismos.<\/p>\n","protected":false},"excerpt":{"rendered":"<p>Los territorios colectivos en el departamento del Choc\u00f3, est\u00e1n cada vez m\u00e1s amenazados, por ello se hace necesario continuar con el fortalecimiento de los lideres y lideresas que tienen en su hombros [&hellip;]<\/p>\n","protected":false},"author":2,"featured_media":0,"comment_status":"open","ping_status":"open","sticky":false,"template":"","format":"standard","meta":[],"categories":[61],"tags":[],"_links":{"self":[{"href":"https:\/\/tejidohistorico.afrodescendientes.com\/index.php\/wp-json\/wp\/v2\/posts\/2844"}],"collection":[{"href":"https:\/\/tejidohistorico.afrodescendientes.com\/index.php\/wp-json\/wp\/v2\/posts"}],"about":[{"href":"https:\/\/tejidohistorico.afrodescendientes.com\/index.php\/wp-json\/wp\/v2\/types\/post"}],"author":[{"embeddable":true,"href":"https:\/\/tejidohistorico.afrodescendientes.com\/index.php\/wp-json\/wp\/v2\/users\/2"}],"replies":[{"embeddable":true,"href":"https:\/\/tejidohistorico.afrodescendientes.com\/index.php\/wp-json\/wp\/v2\/comments?post=2844"}],"version-history":[{"count":0,"href":"https:\/\/tejidohistorico.afrodescendientes.com\/index.php\/wp-json\/wp\/v2\/posts\/2844\/revisions"}],"wp:attachment":[{"href":"https:\/\/tejidohistorico.afrodescendientes.com\/index.php\/wp-json\/wp\/v2\/media?parent=2844"}],"wp:term":[{"taxonomy":"category","embeddable":true,"href":"https:\/\/tejidohistorico.afrodescendientes.com\/index.php\/wp-json\/wp\/v2\/categories?post=2844"},{"taxonomy":"post_tag","embeddable":true,"href":"https:\/\/tejidohistorico.afrodescendientes.com\/index.php\/wp-json\/wp\/v2\/tags?post=2844"}],"curies":[{"name":"wp","href":"https:\/\/api.w.org\/{rel}","templated":true}]}}