{"id":286,"date":"2010-07-31T20:04:04","date_gmt":"2010-07-31T20:04:04","guid":{"rendered":"http:\/\/www2.nasaacin.org\/index.php\/2010\/07\/31\/choco-etnico-no-38-foro-interetnico-solidaridad-choco\/"},"modified":"2010-07-31T20:04:04","modified_gmt":"2010-07-31T20:04:04","slug":"choco-etnico-no-38-foro-interetnico-solidaridad-choco","status":"publish","type":"post","link":"https:\/\/tejidohistorico.afrodescendientes.com\/index.php\/2010\/07\/31\/choco-etnico-no-38-foro-interetnico-solidaridad-choco\/","title":{"rendered":"Choc\u00f3 \u00c9tnico No 38 &#8211; Foro Inter\u00e9tnico Solidaridad Choc\u00f3"},"content":{"rendered":"<p style=\"text-align: justify;\">Estas son las palabras de Jorge, un joven que vive en La Grande, y que  d\u00eda a d\u00eda ve como la falta de atenci\u00f3n estatal va empeorando su de  calidad de vida; sabe que tan grande como su nombre, La Grande, tiene  muchos problemas que dificultan el desarrollo de su comunidad, misma que  en 1996 se vio en la necesidad de desplazarse por el accionar de los  grupos armados al margen de la ley que empezaron a hacer presencia en el  lugar, y que hoy no solo tienen&#8230;<br \/> <span class=\"resaltado\">Descargue el <\/span><a href=\"..\/apc-aa-files\/646f63756d656e746f732e2e2e2e2e2e\/chocoetnico___38_julio.pdf\">documento <\/a><\/p>\n","protected":false},"excerpt":{"rendered":"<p>Estas son las palabras de Jorge, un joven que vive en La Grande, y que d\u00eda a d\u00eda ve como la falta de atenci\u00f3n estatal va empeorando su de calidad de vida; [&hellip;]<\/p>\n","protected":false},"author":1,"featured_media":0,"comment_status":"open","ping_status":"open","sticky":false,"template":"","format":"standard","meta":[],"categories":[61],"tags":[],"_links":{"self":[{"href":"https:\/\/tejidohistorico.afrodescendientes.com\/index.php\/wp-json\/wp\/v2\/posts\/286"}],"collection":[{"href":"https:\/\/tejidohistorico.afrodescendientes.com\/index.php\/wp-json\/wp\/v2\/posts"}],"about":[{"href":"https:\/\/tejidohistorico.afrodescendientes.com\/index.php\/wp-json\/wp\/v2\/types\/post"}],"author":[{"embeddable":true,"href":"https:\/\/tejidohistorico.afrodescendientes.com\/index.php\/wp-json\/wp\/v2\/users\/1"}],"replies":[{"embeddable":true,"href":"https:\/\/tejidohistorico.afrodescendientes.com\/index.php\/wp-json\/wp\/v2\/comments?post=286"}],"version-history":[{"count":0,"href":"https:\/\/tejidohistorico.afrodescendientes.com\/index.php\/wp-json\/wp\/v2\/posts\/286\/revisions"}],"wp:attachment":[{"href":"https:\/\/tejidohistorico.afrodescendientes.com\/index.php\/wp-json\/wp\/v2\/media?parent=286"}],"wp:term":[{"taxonomy":"category","embeddable":true,"href":"https:\/\/tejidohistorico.afrodescendientes.com\/index.php\/wp-json\/wp\/v2\/categories?post=286"},{"taxonomy":"post_tag","embeddable":true,"href":"https:\/\/tejidohistorico.afrodescendientes.com\/index.php\/wp-json\/wp\/v2\/tags?post=286"}],"curies":[{"name":"wp","href":"https:\/\/api.w.org\/{rel}","templated":true}]}}