{"id":2861,"date":"2011-11-18T15:17:47","date_gmt":"2011-11-18T15:17:47","guid":{"rendered":"http:\/\/www2.nasaacin.org\/index.php\/2011\/11\/18\/caucaisi-el-macizo-vive-vivimos-todos\/"},"modified":"2011-11-18T15:17:47","modified_gmt":"2011-11-18T15:17:47","slug":"caucaisi-el-macizo-vive-vivimos-todos","status":"publish","type":"post","link":"https:\/\/tejidohistorico.afrodescendientes.com\/index.php\/2011\/11\/18\/caucaisi-el-macizo-vive-vivimos-todos\/","title":{"rendered":"Cauca: \u00a1Si el Macizo vive, vivimos todos!"},"content":{"rendered":"<p> \tlll Convenci\u00f3n popular del agua\u00a8cuenca r\u00edo Patia\u00a8.Municipio de La Vega- Cauca, del 4 al 7 de Noviembre.<\/p>\n<h2> \t\u00a0<\/h2>\n<p>  <!--more-->  <\/p>\n<h2> \t\u00a0<\/h2>\n<h2> \t\u00a1Si el Macizo vive, vivimos todos! Tercera Convenci\u00f3n Popular del Agua &ldquo;Cuenca del R\u00edo Pat\u00eda&rdquo;<\/h2>\n<p> \tCampamento de la Empresa Carboandes en la vereda Hueco Hondo- Sta Juana- La Vega<\/p>\n<p> \tEl fin de semana del 4 al 7 de Noviembre, nos reunimos en el Corregimiento de Albania Municipio de La Vega, 212 delegados de 42 organizaciones comunitarias de varios Departamentos de Colombia y algunos delegados internacionales. Por razones organizativas se priorizan los delegados del Municipio y de nuestra regi\u00f3n del Macizo Colombiano y la cuenca del R\u00edo Pat\u00eda.<\/p>\n<p> \tComunidades y Organizaciones Campesinas, Ind\u00edgenas y Afrodescendientes acudieron al llamado del Proceso Campesino y Popular del Municipio de La Vega, junto con estudiantes, ambientalistas, comunicadores y trabajadores urbanos para analizar las pol\u00edticas estatales de dominaci\u00f3n de la poblaci\u00f3n para la explotaci\u00f3n de la naturaleza en recursos minero energ\u00e9ticos y de bienes comunes como el agua.<\/p>\n<p> \tPara avanzar en el conocimiento de esas pol\u00edticas Estatales de expropiaci\u00f3n y despojo y seguir dise\u00f1ando Pol\u00edticas y Mandatos Populares de resistencia, lucha\u00a0 y transformaci\u00f3n, se escucharon los an\u00e1lisis de tres estudiosos de esta problem\u00e1tica y sesionaron\u00a0 tres mesas en las que se compartieron las experiencias y pr\u00e1cticas de las diferentes organizaciones y comunidades especialmente de la coordinaci\u00f3n Proceso de Unidad Popular del Suroccidente- PUPSOC.<\/p>\n<p> \tComo parte de este trabajo popular realizamos la<strong> Segunda Marcha por la Vida y por el Agua,<\/strong> &ldquo;Simbolizando nuestro Territorio&rdquo; entre Albania y\u00a0 la vereda Hueco hondo, en el Corregimiento de Santa Juana, pudimos ver las mangueras del acueducto veredal y del acueducto de la escuela, <strong>cortadas y sin servicio de agua por m\u00e1s de un a\u00f1o,<\/strong> da\u00f1o causado por la empresa Carboandes en el montaje de la Mina &ldquo;La Custodia&rdquo; que se niega a reparar mientras imperturbables siguen explorando junto con la empresa Anglo Gold Ashanti territorios concesionados por el Gobierno Nacional y custodiados por el ej\u00e9rcito que amedranta a los campesinos sin que a ninguna instituci\u00f3n le importe el futuro del Macizo Colombiano y la cuenca del Rio Pat\u00eda que es condici\u00f3n de existencia del Choc\u00f3 biogeogr\u00e1fico\u00a0 y de la vida del Oc\u00e9ano\u00a0 Pac\u00edfico.<br \/> \t\u00a0<\/p>\n<p> \tTerminamos esta Tercera versi\u00f3n de la Convenci\u00f3n Popular del Agua &ldquo;Cuenca del R\u00edo Pat\u00eda&rdquo; comprometi\u00e9ndonos comunitariamente con los Mandatos Populares construidos, aprobando una declaraci\u00f3n final discutida en mesas, ratificando el Manifiesto del Macizo Colombiano &ldquo;Nueva Ruta Libertadora&rdquo; y unidos bajo grito de compromiso y amor por esta regi\u00f3n\u00a0 <strong>&ldquo;Si el Macizo vive, Vivimos todos. No a la Miner\u00eda en nuestro Territorio<\/strong><\/p>\n<p> \t<strong>DECLARACION FINAL<\/strong><\/p>\n<p> \t<img loading=\"lazy\" border=\"0\" height=\"80\" src=\"http:\/\/www.conapcolombia.org\/wp-content\/uploads\/2011\/11\/IMG_0106-300x200.jpg\" width=\"150\" \/><\/p>\n<p style=\"text-align: left;\"> \t<strong>Tercera Convenci\u00f3n Popular del Agua &ldquo;Cuenca del R\u00edo Pat\u00eda&rdquo;<\/strong><\/p>\n<p> \tMacizo colombiano, Noviembre de 2011.<br \/> \tEl programa de gobierno del presidente de Colombia, Juan Manuel Santos,\u00a0 arrasa\u00a0 d\u00eda a d\u00eda con sus\u00a0 locomotoras los territorios, los bosques, las aguas, la econom\u00eda campesina e ind\u00edgena, las identidades, los imaginarios, las culturas, la dignidad de los pueblos. Ahora llega al Macizo Colombiano para destruirlo, se posesiona en nuestro territorio como\u00a0 una de las m\u00e1s diab\u00f3licas e inhumanas expresiones del capitalismo internacional denominada, &ldquo;Gran Miner\u00eda o Miner\u00eda Industrializada&rdquo;.<\/p>\n<p> \tDe nuestros antepasados hemos aprendido que ni los bosques, ni las aguas, ni los animales, ni las comunidades, podemos vivir completamente independientes los unos de los otros. Los acuerdos entre el gobierno nacional y las grandes empresas mineras para la extracci\u00f3n del oro y dem\u00e1s recursos naturales, traen como consecuencia el desequilibrio, en \u00e9ste caso, del Macizo Colombiano, declarado por la UNESCO como<strong> &ldquo;Patrimonio de la Humanidad&rdquo;<\/strong>, y en el que nacen los r\u00edos que abastecen el 70% de los acueductos del pa\u00eds, \u00e9stos provienen de los centenares de micro-cuencas de los r\u00edos Cauca, Magdalena, Pat\u00eda y Caquet\u00e1, entre otros, que ser\u00e1n afectados por la Gran miner\u00eda en el Sur de Colombia.<\/p>\n<p> \tSon las mismas compa\u00f1\u00edas mineras que desataron la guerra y convirtieron en desiertos otras regiones del mundo y en el caso de Colombia, el Magdalena Medio, adem\u00e1s hoy ocupan con su maquinaria 40 municipios del Departamento del Cauca, y otros Departamentos de Colombia;\u00a0 para la extracci\u00f3n de oro, otros metales y petr\u00f3leo. De igual manera desaparecer\u00e1n recursos animales y vegetales de \u00e9sta regi\u00f3n.<\/p>\n<p> \tLlamamos la atenci\u00f3n del Pueblo Caucano y Colombiano sobre los terribles efectos de la miner\u00eda: <strong>De poco m\u00e1s de 3&rsquo;000.000 de hect\u00e1reas <\/strong>que tiene el Departamento del Cauca, <strong>m\u00e1s de 2&rsquo;000.000 ya fueron entregadas o est\u00e1n en proceso de serlo<\/strong> por parte del gobierno nacional a las mineras <strong>Anglo Gold Ashanti, Continental Gold, Carboandes y 16 empresas internacionales y nacionales m\u00e1s<\/strong>; como si lo anterior fuera poco,<strong> 550&rsquo;000 hect\u00e1reas del suelo caucano est\u00e1n estudi\u00e1ndose para ser concesionadas para la extracci\u00f3n de petr\u00f3leo\u00a0 por la transnacional Gran Tierra Energy. <\/strong>Nos preguntamos: \u00bfcu\u00e1ntas monta\u00f1as, variedades de animales y plantas desaparecer\u00e1n?, \u00bfcu\u00e1ntos r\u00edos, quebradas, nacimientos de agua que abastecen nuestros acueductos desaparecer\u00e1n o ser\u00e1n contaminados con cianuro y otros qu\u00edmicos que se requieren para la miner\u00eda?, \u00bfcu\u00e1l es el futuro de nuestras familias, de nuestra comunidad, de nuestro territorio? Por \u00e9sta incertidumbre los invitamos a ponerse en pie de lucha para evitar la cat\u00e1strofe que se nos avecina.<\/p>\n<p> \tDesde los espacios de discusi\u00f3n que como Cabildos Abiertos trabajamos en la afirmaci\u00f3n de las Mandatos\u00a0 Populares,\u00a0 la Tercera\u00a0 Convenci\u00f3n Popular del Agua &ldquo;Cuenca del R\u00edo Pat\u00eda&rdquo;, hace otro llamado al sostenimiento de la lucha que siempre hemos tenido contra las pol\u00edticas de dominio extranjero, \u00e9sta vez\u00a0 representadas en nuestro pa\u00eds por el actual presidente Juan Manuel Santos. Convocamos de nuevo a las organizaciones sociales locales, regionales, nacionales, procesos de base, ONGS de apoyo internacional, personalidades democr\u00e1ticas y todas aquellas que se sientan con el deber y derecho a asumir la defensa de la vida para frenar la arremetida depredadora de la pol\u00edtica minera que ya inici\u00f3 en el Macizo Colombiano su depredadora actividad.<\/p>\n<p> \tInvitamos a las organizaciones sociales del Cauca y de Colombia a la construcci\u00f3n de una agenda com\u00fan de resistencia en todos los niveles. En \u00e9sta lucha, cada forma de organizaci\u00f3n, cada persona, todo lo que en conjunto o colectivamente ocupe una parte del territorio, tiene una tarea que realizar, siempre de acuerdo con sus capacidades, posibilidades y condiciones para resistir, cada quien tiene un papel que cumplir, hoy la amenaza se cierne sobre nuestro territorio, el deber de luchar, por amor a la naturaleza,\u00a0 a nuestros hijos y al agua,\u00a0 se impone para que as\u00ed no tengamos que llorar como cobardes lo que no supimos defender como valientes.<\/p>\n<p> \tNecesitamos con urgencia dar a conocer ante el mundo, la comunidad nacional e internacional, la actitud c\u00f3mplice de diferentes instituciones, por su papel ante lo que viene sucediendo:\u00a0 El ej\u00e9rcito y la polic\u00eda se convierten en servicio de escoltas privados de los funcionarios de las mineras, la procuradur\u00eda no vigila que los funcionarios cumplan sus funciones, las corporaciones regionales no cumplen con su deber de proteger el medio ambiente, las instituciones acad\u00e9micas se prestan para hacer inventarios con miras a la subasta de recursos naturales; hombres armados vestidos de civil y en veh\u00edculos particulares se mueven sin ning\u00fan control amedrentando a las comunidades y transportando militares como sus escoltas.<\/p>\n<p> \tToda esta podredumbre y subasta c\u00ednica de las condiciones de vida de las culturas que conforman la sociedad Colombiana, pretende que sea aceptada como parte de un &ldquo;Estado Social de Derecho&rdquo;.<\/p>\n<p> \tLas comunidades campesinas, ind\u00edgenas y afros del Macizo Colombiano, sus organizaciones productivas, las autoridades ind\u00edgenas, las Juntas de Acci\u00f3n Comunal, los Consejos Comunitarios\u00a0 y\u00a0 los entes administrativos locales que suscribimos este documento, lo hacemos conscientes de nuestro papel hist\u00f3rico de protecci\u00f3n a la naturaleza y a la diversidad cultural que son la posibilidad de vida,&hellip;un canto de lucha\u00a0 por amor al agua y al territorio.<\/p>\n<p> \t<strong>La miner\u00eda s\u00f3lo es posible mediante el m\u00e1s violento arrasamiento de todas las formas de vida, ellos empiezan por arrebatarnos la m\u00e1s primaria de nuestras manifestaciones, el agua.<\/p>\n<p> \tPor la defensa y protecci\u00f3n de los ojos de agua, de los acueductos comunitarios veredales, corregimentales y municipales; todas las organizaciones propias de las comunidades estamos en pie de lucha.<\/p>\n<p> \tNo a la Miner\u00eda, no a la privatizaci\u00f3n del Agua! \u00a1Si el Macizo vive, vivimos todos!<\/strong><\/p>\n<p> \tTercera Convenci\u00f3n Popular del Agua &ldquo;Cuenca del Rio Pat\u00eda&rdquo;<\/p>\n<p> \tAlbania &ndash; La Vega. Coraz\u00f3n del Macizo Colombiano.<\/p>\n<p> \t4 al 7 de Noviembre de 2011.<\/p>\n<p> \t<strong>Proceso Campesino y Popular del Municipio de La Vega.<\/strong><\/p>\n<p style=\"text-align: left;\"> \t<strong>MANIFIESTO POR EL MACIZO COLOMBIANO<br \/> \t&ldquo;Nueva Ruta Libertadora&rdquo;<\/strong><\/p>\n<p style=\"text-align: left;\"> \t<img loading=\"lazy\" border=\"0\" height=\"600\" src=\"http:\/\/www.conapcolombia.org\/wp-content\/uploads\/2011\/11\/DeclaratoriaMC-2-649x1024.jpg\" width=\"400\" \/><\/p>\n<h4> \tGALER\u00cdA DE IM\u00c1GENES<\/h4>\n<div>\n<dl>\n<dt> \t\t\t<a href=\"http:\/\/www.conapcolombia.org\/wp-content\/uploads\/2011\/11\/IMG_0015.jpg\" rel=\"shadowbox[sbalbum-1544];player=img;\" title=\"IMG_0015\"><img loading=\"lazy\" alt=\"IMG_0015\" border=\"0\" height=\"150\" src=\"http:\/\/www.conapcolombia.org\/wp-content\/uploads\/2011\/11\/IMG_0015-150x150.jpg\" title=\"IMG_0015\" width=\"150\" \/><\/a> <a href=\"http:\/\/www.conapcolombia.org\/wp-content\/uploads\/2011\/11\/IMG_0222.jpg\" rel=\"shadowbox[sbalbum-1544];player=img;\" title=\"IMG_0222\"><img loading=\"lazy\" alt=\"IMG_0222\" border=\"0\" height=\"150\" src=\"http:\/\/www.conapcolombia.org\/wp-content\/uploads\/2011\/11\/IMG_0222-150x150.jpg\" title=\"IMG_0222\" width=\"150\" \/><\/a> <a href=\"http:\/\/www.conapcolombia.org\/wp-content\/uploads\/2011\/11\/IMG_0065.jpg\" rel=\"shadowbox[sbalbum-1544];player=img;\" title=\"IMG_0065\"><img loading=\"lazy\" alt=\"IMG_0065\" border=\"0\" height=\"150\" src=\"http:\/\/www.conapcolombia.org\/wp-content\/uploads\/2011\/11\/IMG_0065-150x150.jpg\" title=\"IMG_0065\" width=\"150\" \/><\/a><\/dt>\n<dt> \t\t\t\u00a0<\/dt>\n<\/dl>\n<dl>\n<dt> \t\t\t<a href=\"http:\/\/www.conapcolombia.org\/wp-content\/uploads\/2011\/11\/IMG_9973.jpg\" rel=\"shadowbox[sbalbum-1544];player=img;\" title=\"IMG_9973\"><img loading=\"lazy\" alt=\"IMG_9973\" border=\"0\" height=\"150\" src=\"http:\/\/www.conapcolombia.org\/wp-content\/uploads\/2011\/11\/IMG_9973-150x150.jpg\" title=\"IMG_9973\" width=\"150\" \/><\/a> <a href=\"http:\/\/www.conapcolombia.org\/wp-content\/uploads\/2011\/11\/IMG_0073.jpg\" rel=\"shadowbox[sbalbum-1544];player=img;\" title=\"IMG_0073\"><img loading=\"lazy\" alt=\"IMG_0073\" border=\"0\" height=\"150\" src=\"http:\/\/www.conapcolombia.org\/wp-content\/uploads\/2011\/11\/IMG_0073-150x150.jpg\" title=\"IMG_0073\" width=\"150\" \/><\/a> <a href=\"http:\/\/www.conapcolombia.org\/wp-content\/uploads\/2011\/11\/IMG_9971.jpg\" rel=\"shadowbox[sbalbum-1544];player=img;\" title=\"IMG_9971\"><img loading=\"lazy\" alt=\"IMG_9971\" border=\"0\" height=\"150\" src=\"http:\/\/www.conapcolombia.org\/wp-content\/uploads\/2011\/11\/IMG_9971-150x150.jpg\" title=\"IMG_9971\" width=\"150\" \/><\/a><\/dt>\n<\/dl>\n<dl>\n<dt> \t\t\t<a href=\"http:\/\/www.conapcolombia.org\/wp-content\/uploads\/2011\/11\/IMG_9970.jpg\" rel=\"shadowbox[sbalbum-1544];player=img;\" title=\"IMG_9970\"><img loading=\"lazy\" alt=\"IMG_9970\" border=\"0\" height=\"150\" src=\"http:\/\/www.conapcolombia.org\/wp-content\/uploads\/2011\/11\/IMG_9970-150x150.jpg\" title=\"IMG_9970\" width=\"150\" \/><\/a> <a href=\"http:\/\/www.conapcolombia.org\/wp-content\/uploads\/2011\/11\/IMG_0089.jpg\" rel=\"shadowbox[sbalbum-1544];player=img;\" title=\"IMG_0089\"><img loading=\"lazy\" alt=\"IMG_0089\" border=\"0\" height=\"150\" src=\"http:\/\/www.conapcolombia.org\/wp-content\/uploads\/2011\/11\/IMG_0089-150x150.jpg\" title=\"IMG_0089\" width=\"150\" \/><\/a> <a href=\"http:\/\/www.conapcolombia.org\/wp-content\/uploads\/2011\/11\/IMG_9966.jpg\" rel=\"shadowbox[sbalbum-1544];player=img;\" title=\"IMG_9966\"><img loading=\"lazy\" alt=\"IMG_9966\" border=\"0\" height=\"150\" src=\"http:\/\/www.conapcolombia.org\/wp-content\/uploads\/2011\/11\/IMG_9966-150x150.jpg\" title=\"IMG_9966\" width=\"150\" \/><\/a><\/dt>\n<\/dl>\n<dl>\n<dt> \t\t\t<a href=\"http:\/\/www.conapcolombia.org\/wp-content\/uploads\/2011\/11\/IMG_9965.jpg\" rel=\"shadowbox[sbalbum-1544];player=img;\" title=\"IMG_9965\"><img loading=\"lazy\" alt=\"IMG_9965\" border=\"0\" height=\"150\" src=\"http:\/\/www.conapcolombia.org\/wp-content\/uploads\/2011\/11\/IMG_9965-150x150.jpg\" title=\"IMG_9965\" width=\"150\" \/><\/a> <a href=\"http:\/\/www.conapcolombia.org\/wp-content\/uploads\/2011\/11\/IMG_9962.jpg\" rel=\"shadowbox[sbalbum-1544];player=img;\" title=\"IMG_9962\"><img loading=\"lazy\" alt=\"IMG_9962\" border=\"0\" height=\"150\" src=\"http:\/\/www.conapcolombia.org\/wp-content\/uploads\/2011\/11\/IMG_9962-150x150.jpg\" title=\"IMG_9962\" width=\"150\" \/><\/a><\/dt>\n<\/dl>\n<dl>\n<dt> \t\t\t<a href=\"http:\/\/www.conapcolombia.org\/wp-content\/uploads\/2011\/11\/IMG_0182.jpg\" rel=\"shadowbox[sbalbum-1544];player=img;\" title=\"IMG_0182\"><img loading=\"lazy\" alt=\"IMG_0182\" border=\"0\" height=\"150\" src=\"http:\/\/www.conapcolombia.org\/wp-content\/uploads\/2011\/11\/IMG_0182-150x150.jpg\" title=\"IMG_0182\" width=\"150\" \/><\/a> <a href=\"http:\/\/www.conapcolombia.org\/wp-content\/uploads\/2011\/11\/IMG_0202.jpg\" rel=\"shadowbox[sbalbum-1544];player=img;\" title=\"IMG_0202\"><img loading=\"lazy\" alt=\"IMG_0202\" border=\"0\" height=\"150\" src=\"http:\/\/www.conapcolombia.org\/wp-content\/uploads\/2011\/11\/IMG_0202-150x150.jpg\" title=\"IMG_0202\" width=\"150\" \/><\/a> <a href=\"http:\/\/www.conapcolombia.org\/wp-content\/uploads\/2011\/11\/IMG_0013.jpg\" rel=\"shadowbox[sbalbum-1544];player=img;\" title=\"IMG_0013\"><img loading=\"lazy\" alt=\"IMG_0013\" border=\"0\" height=\"150\" src=\"http:\/\/www.conapcolombia.org\/wp-content\/uploads\/2011\/11\/IMG_0013-150x150.jpg\" title=\"IMG_0013\" width=\"150\" \/><\/a><\/dt>\n<\/dl>\n<dl>\n<dt> \t\t\t<a href=\"http:\/\/www.conapcolombia.org\/wp-content\/uploads\/2011\/11\/IMG_0228.jpg\" rel=\"shadowbox[sbalbum-1544];player=img;\" title=\"IMG_0228\"><img loading=\"lazy\" alt=\"IMG_0228\" border=\"0\" height=\"150\" src=\"http:\/\/www.conapcolombia.org\/wp-content\/uploads\/2011\/11\/IMG_0228-150x150.jpg\" title=\"IMG_0228\" width=\"150\" \/><\/a> <a href=\"http:\/\/www.conapcolombia.org\/wp-content\/uploads\/2011\/11\/IMG_0153.jpg\" rel=\"shadowbox[sbalbum-1544];player=img;\" title=\"IMG_0153\"><img loading=\"lazy\" alt=\"IMG_0153\" border=\"0\" height=\"150\" src=\"http:\/\/www.conapcolombia.org\/wp-content\/uploads\/2011\/11\/IMG_0153-150x150.jpg\" title=\"IMG_0153\" width=\"150\" \/><\/a> <a href=\"http:\/\/www.conapcolombia.org\/wp-content\/uploads\/2011\/11\/IMG_0196.jpg\" rel=\"shadowbox[sbalbum-1544];player=img;\" title=\"IMG_0196\"><img loading=\"lazy\" alt=\"IMG_0196\" border=\"0\" height=\"150\" src=\"http:\/\/www.conapcolombia.org\/wp-content\/uploads\/2011\/11\/IMG_0196-150x150.jpg\" title=\"IMG_0196\" width=\"150\" \/><\/a><\/dt>\n<\/dl>\n<dl>\n<dt> \t\t\t\u00a0<\/dt>\n<dt> \t\t\t<strong>Caminata por la Vida y por el AGUA<\/strong><\/dt>\n<\/dl>\n<dl>\n<dt> \t\t\t<a href=\"http:\/\/www.conapcolombia.org\/wp-content\/uploads\/2011\/11\/IMG_0218.jpg\" rel=\"shadowbox[sbalbum-1544];player=img;\" title=\"caminata por la vida y por el agua1\"><img loading=\"lazy\" alt=\"caminata por la vida y por el agua1\" border=\"0\" height=\"150\" src=\"http:\/\/www.conapcolombia.org\/wp-content\/uploads\/2011\/11\/IMG_0218-150x150.jpg\" title=\"caminata por la vida y por el agua1\" width=\"150\" \/><\/a> <a href=\"http:\/\/www.conapcolombia.org\/wp-content\/uploads\/2011\/11\/campamento-de-mineros-al-fondo-el-ecosistema-en-peligro.jpg\" rel=\"shadowbox[sbalbum-1544];player=img;\" title=\"campamento de mineros al fondo el ecosistema en peligro\"><img loading=\"lazy\" alt=\"campamento de mineros al fondo el ecosistema en peligro\" border=\"0\" height=\"150\" src=\"http:\/\/www.conapcolombia.org\/wp-content\/uploads\/2011\/11\/campamento-de-mineros-al-fondo-el-ecosistema-en-peligro-150x150.jpg\" title=\"campamento de mineros al fondo el ecosistema en peligro\" width=\"150\" \/><\/a><\/dt>\n<dt> \t\t\t\u00a0<\/dt>\n<dt> \t\t\t<img loading=\"lazy\" border=\"0\" height=\"300\" src=\"http:\/\/www.conapcolombia.org\/wp-content\/uploads\/2011\/11\/IMG_0218-1024x682.jpg\" width=\"400\" \/><\/dt>\n<\/dl><\/div>\n<p style=\"text-align: left;\"> \t*La caminata\u00a0 de m\u00e1s de 10 kil\u00f3metros por el territorio del macizo,\u00a0 inici\u00f3 en el corregimiento de Albania y culmin\u00f3 en el corregimiento de Santa Juana- Huecondo, lugar en donde est\u00e1 instalada una de las multinacionales m\u00e1s poderosas del mundo, la Anglogold ashanti y\u00a0 que a trav\u00e9s de CARBOANDES, gota a gota est\u00e1 cerrando las puertas de los pobladores e involucr\u00e1ndolos en mecanismos de exterminio, propios del capital.<\/p>\n<p> \tCaminar el territorio es una propuesta que se implementa en cada encuentro realizado por El Proceso Campesino y Popular del municipio de la Vega y en esta ocasi\u00f3n, permiti\u00f3 que los participantes conocieran una de las zonas m\u00e1s ricas del planeta y menos conocidas: un peque\u00f1o tramo de la cuenca del R\u00edo Pat\u00eda,\u00a0 que permite la existencia de especies como la ballena Jorobada, ya que su paso por los andes hace de sus aguas ricas en nutrientes que a su vez permiten que esta especie sobreviva y se nutra con suficiencia en la \u00e9poca en donde pasean por las aguas en el pac\u00edfico colombiano junto a sus ballenatos.<\/p>\n<p style=\"text-align: left;\"> \t<strong>lavega<\/strong><\/p>\n<p style=\"text-align: left;\"> \t<strong><a href=\"http:\/\/www.procesocampesinolavega.org\/2011\/11\/%C2%A1si-el-macizo-vive-vivimos-todos-tercera-convencion-popular-del-agua-%E2%80%9Ccuenca-del-rio-patia%E2%80%9D\/\" target=\"_blank\" rel=\"noopener noreferrer\">http:\/\/www.procesocampesinolavega.org\/2011\/11\/\u00a1si-el-macizo-vive-vivimos-todos-tercera-convencion-popular<\/a><\/strong><\/p>\n","protected":false},"excerpt":{"rendered":"<p>lll Convenci\u00f3n popular del agua\u00a8cuenca r\u00edo Patia\u00a8.Municipio de La Vega- Cauca, del 4 al 7 de Noviembre. \u00a0<\/p>\n","protected":false},"author":2,"featured_media":0,"comment_status":"open","ping_status":"open","sticky":false,"template":"","format":"standard","meta":[],"categories":[73],"tags":[],"_links":{"self":[{"href":"https:\/\/tejidohistorico.afrodescendientes.com\/index.php\/wp-json\/wp\/v2\/posts\/2861"}],"collection":[{"href":"https:\/\/tejidohistorico.afrodescendientes.com\/index.php\/wp-json\/wp\/v2\/posts"}],"about":[{"href":"https:\/\/tejidohistorico.afrodescendientes.com\/index.php\/wp-json\/wp\/v2\/types\/post"}],"author":[{"embeddable":true,"href":"https:\/\/tejidohistorico.afrodescendientes.com\/index.php\/wp-json\/wp\/v2\/users\/2"}],"replies":[{"embeddable":true,"href":"https:\/\/tejidohistorico.afrodescendientes.com\/index.php\/wp-json\/wp\/v2\/comments?post=2861"}],"version-history":[{"count":0,"href":"https:\/\/tejidohistorico.afrodescendientes.com\/index.php\/wp-json\/wp\/v2\/posts\/2861\/revisions"}],"wp:attachment":[{"href":"https:\/\/tejidohistorico.afrodescendientes.com\/index.php\/wp-json\/wp\/v2\/media?parent=2861"}],"wp:term":[{"taxonomy":"category","embeddable":true,"href":"https:\/\/tejidohistorico.afrodescendientes.com\/index.php\/wp-json\/wp\/v2\/categories?post=2861"},{"taxonomy":"post_tag","embeddable":true,"href":"https:\/\/tejidohistorico.afrodescendientes.com\/index.php\/wp-json\/wp\/v2\/tags?post=2861"}],"curies":[{"name":"wp","href":"https:\/\/api.w.org\/{rel}","templated":true}]}}