{"id":2884,"date":"2011-11-22T16:02:24","date_gmt":"2011-11-22T16:02:24","guid":{"rendered":"http:\/\/www2.nasaacin.org\/index.php\/2011\/11\/22\/antioquia-intento-de-asesinato-a-un-reclamante-de-tierras\/"},"modified":"2011-11-22T16:02:24","modified_gmt":"2011-11-22T16:02:24","slug":"antioquia-intento-de-asesinato-a-un-reclamante-de-tierras","status":"publish","type":"post","link":"https:\/\/tejidohistorico.afrodescendientes.com\/index.php\/2011\/11\/22\/antioquia-intento-de-asesinato-a-un-reclamante-de-tierras\/","title":{"rendered":"Antioquia: Intento de asesinato a un reclamante de tierras"},"content":{"rendered":"<p> \tH\u00e9ctor Cavad\u00eda, reclamante de tierras en el Urab\u00e1 antioque\u00f1o y miembro de la Asociaci\u00f3n Nacional para la Restituci\u00f3n y Acceso a Tierras &#8211; Tierra y Vida se salv\u00f3 de ser asesinado este lunes 21 de noviembre.<\/p>\n<p>  <!--more-->  <\/p>\n<p> \t\u00a0<\/p>\n<h2> \tAutoridades frustran asesinato de reclamante de tierras en Necocl\u00ed<\/h2>\n<address> \tLos hechos se presentaron en la vereda Los Carlos del corregimiento El Totumo en Necocl\u00ed, Urab\u00e1 antioque\u00f1o.<\/address>\n<p> \tH\u00e9ctor Cavad\u00eda, reclamante de tierras en el Urab\u00e1 antioque\u00f1o y miembro de la Asociaci\u00f3n Nacional para la Restituci\u00f3n y Acceso a Tierras &#8211; Tierra y Vida se salv\u00f3 de ser asesinado este lunes 21 de noviembre gracias a la acci\u00f3n de la Polic\u00eda de Necocl\u00ed que lleg\u00f3 hasta la vereda Los Carlos de este municipio donde cuatro hombres lo ten\u00edan amarrado de pies y de manos.<\/p>\n<p> \tSeg\u00fan la Presidenta de la Asociaci\u00f3n Tierra y Vida, Carmen Palencia, a Cadav\u00eda lo bajaron a las 9:30 a.m. de un veh\u00edculo de servicio p\u00fablico que iba rumbo a Necocl\u00ed, posteriormente lo internaron en la zona rural y luego de amarrarlo lo intimidaron y golpearon. &ldquo;Le gritaban que dijera con qui\u00e9nes trabajaba y qui\u00e9nes eran sus jefes. Le robaron un mill\u00f3n 260 mil pesos, lo amenazaron con que lo iban a matar y le dec\u00edan que ten\u00edan una lista de 36 personas para asesinar en la regi\u00f3n&rdquo;, a\u00f1adi\u00f3 Palencia.<\/p>\n<p> \t&ldquo;Fueron sorprendidos en flagrancia amenazando a H\u00e9ctor Cavad\u00eda. Ya lo hab\u00edan ubicado para asesinarlo pero afortunadamente llegamos r\u00e1pido&rdquo;, afirm\u00f3 el Comandante de la Polic\u00eda de Urab\u00e1, Coronel Jaime \u00c1vila.<\/p>\n<p> \tLa polic\u00eda lleg\u00f3 a la zona en la que ten\u00edan amarrado a Cavad\u00eda al mediod\u00eda y en el operativo fueron capturados alias &lsquo;El Indio&rsquo;, &lsquo;Walter&rsquo;, &lsquo;El Negro&rsquo; y &lsquo;El Diablo&rsquo;, presuntos miembros de la banda criminal &#8216;Los Urabe\u00f1os&#8217; y a quienes se les incaut\u00f3 una pistola y fueron dejados a disposici\u00f3n de la Fiscal\u00eda por los delitos de porte ilegal de armas, tr\u00e1fico de armas, tentativa de homicidio y concierto para delinquir.<\/p>\n<p> \tEste intento de asesinato se suma a la muerte el pasado 16 de noviembre en extra\u00f1as circunstancias del reclamante de tierras Alejandro Padilla quien, para la Asociaci\u00f3n Tierra y Vida,\u00a0 fue asesinado pero para las autoridades muri\u00f3 en un accidente de tr\u00e1nsito.<\/p>\n<p> \tLuego de una reuni\u00f3n de los l\u00edderes de Tierra y Vida con el Senador Juan Fernando Cristo y de contactos realizados por esta asociaci\u00f3n con diversos organismos internacionales se defini\u00f3 que la Organizaci\u00f3n de Estados Americanos (OEA) y la Organizaci\u00f3n Internacional para las Migraciones (OIM) apoyar\u00e1n el traslado urgente de Cavad\u00eda y su familia fuera de la zona, pues temen que se realicen nuevos atentados en su contra.<\/p>\n<p> \tNOTICIA EN DESARROLLO.<\/p>\n<p> \t<span style=\"color: #888888;\">&#8212;<br \/> \tPARA M\u00c1S INFORMACI\u00d3N<br \/> \tAgencia de Prensa IPC<br \/> \tCarlos Mario Cano Restrepo<br \/> \tFijo: 284-9035 ext.125<br \/> \tM\u00f3vil: <a href=\"tel:313-7490331\" target=\"_blank\" rel=\"noopener noreferrer\">313-7490331<\/a><br \/> \tCarrera 45 D. No. 60-16. Apartado a\u00e9reo: 9690.<br \/> \tBarrio Prado Centro.<br \/> \tMedell\u00ecn, Colombia.<\/span><\/p>\n","protected":false},"excerpt":{"rendered":"<p>H\u00e9ctor Cavad\u00eda, reclamante de tierras en el Urab\u00e1 antioque\u00f1o y miembro de la Asociaci\u00f3n Nacional para la Restituci\u00f3n y Acceso a Tierras &#8211; Tierra y Vida se salv\u00f3 de ser asesinado este [&hellip;]<\/p>\n","protected":false},"author":2,"featured_media":0,"comment_status":"open","ping_status":"open","sticky":false,"template":"","format":"standard","meta":[],"categories":[75],"tags":[],"_links":{"self":[{"href":"https:\/\/tejidohistorico.afrodescendientes.com\/index.php\/wp-json\/wp\/v2\/posts\/2884"}],"collection":[{"href":"https:\/\/tejidohistorico.afrodescendientes.com\/index.php\/wp-json\/wp\/v2\/posts"}],"about":[{"href":"https:\/\/tejidohistorico.afrodescendientes.com\/index.php\/wp-json\/wp\/v2\/types\/post"}],"author":[{"embeddable":true,"href":"https:\/\/tejidohistorico.afrodescendientes.com\/index.php\/wp-json\/wp\/v2\/users\/2"}],"replies":[{"embeddable":true,"href":"https:\/\/tejidohistorico.afrodescendientes.com\/index.php\/wp-json\/wp\/v2\/comments?post=2884"}],"version-history":[{"count":0,"href":"https:\/\/tejidohistorico.afrodescendientes.com\/index.php\/wp-json\/wp\/v2\/posts\/2884\/revisions"}],"wp:attachment":[{"href":"https:\/\/tejidohistorico.afrodescendientes.com\/index.php\/wp-json\/wp\/v2\/media?parent=2884"}],"wp:term":[{"taxonomy":"category","embeddable":true,"href":"https:\/\/tejidohistorico.afrodescendientes.com\/index.php\/wp-json\/wp\/v2\/categories?post=2884"},{"taxonomy":"post_tag","embeddable":true,"href":"https:\/\/tejidohistorico.afrodescendientes.com\/index.php\/wp-json\/wp\/v2\/tags?post=2884"}],"curies":[{"name":"wp","href":"https:\/\/api.w.org\/{rel}","templated":true}]}}