{"id":289,"date":"2010-06-03T19:47:55","date_gmt":"2010-06-03T19:47:55","guid":{"rendered":"http:\/\/www2.nasaacin.org\/index.php\/2010\/06\/03\/por-la-reivindicacion-a-nuestros-derechos-ancestrales\/"},"modified":"2010-06-03T19:47:55","modified_gmt":"2010-06-03T19:47:55","slug":"por-la-reivindicacion-a-nuestros-derechos-ancestrales","status":"publish","type":"post","link":"https:\/\/tejidohistorico.afrodescendientes.com\/index.php\/2010\/06\/03\/por-la-reivindicacion-a-nuestros-derechos-ancestrales\/","title":{"rendered":"Por la reivindicaci\u00f3n a nuestros derechos ancestrales"},"content":{"rendered":"<p style=\"text-align: justify;\">Les informamos que desde el viernes 28 mayo las comunidades ind\u00edgenas  tomaron posesi\u00f3n sobre tierras que les pertenecen en el territorio  ind\u00edgena de Talamanca, espec\u00edficamente en la comunidad de Shiroles, que  se ubica a 18 km de Bribri cabecera del Cant\u00f3n. \u00a0<br \/> <span class=\"resaltado\">Descargue el <\/span><a href=\"..\/apc-aa-files\/646f63756d656e746f732e2e2e2e2e2e\/Comunicado_PrensaBribri.doc\">documento <\/a><\/p>\n","protected":false},"excerpt":{"rendered":"<p>Les informamos que desde el viernes 28 mayo las comunidades ind\u00edgenas tomaron posesi\u00f3n sobre tierras que les pertenecen en el territorio ind\u00edgena de Talamanca, espec\u00edficamente en la comunidad de Shiroles, que se [&hellip;]<\/p>\n","protected":false},"author":1,"featured_media":0,"comment_status":"open","ping_status":"open","sticky":false,"template":"","format":"standard","meta":[],"categories":[61],"tags":[],"_links":{"self":[{"href":"https:\/\/tejidohistorico.afrodescendientes.com\/index.php\/wp-json\/wp\/v2\/posts\/289"}],"collection":[{"href":"https:\/\/tejidohistorico.afrodescendientes.com\/index.php\/wp-json\/wp\/v2\/posts"}],"about":[{"href":"https:\/\/tejidohistorico.afrodescendientes.com\/index.php\/wp-json\/wp\/v2\/types\/post"}],"author":[{"embeddable":true,"href":"https:\/\/tejidohistorico.afrodescendientes.com\/index.php\/wp-json\/wp\/v2\/users\/1"}],"replies":[{"embeddable":true,"href":"https:\/\/tejidohistorico.afrodescendientes.com\/index.php\/wp-json\/wp\/v2\/comments?post=289"}],"version-history":[{"count":0,"href":"https:\/\/tejidohistorico.afrodescendientes.com\/index.php\/wp-json\/wp\/v2\/posts\/289\/revisions"}],"wp:attachment":[{"href":"https:\/\/tejidohistorico.afrodescendientes.com\/index.php\/wp-json\/wp\/v2\/media?parent=289"}],"wp:term":[{"taxonomy":"category","embeddable":true,"href":"https:\/\/tejidohistorico.afrodescendientes.com\/index.php\/wp-json\/wp\/v2\/categories?post=289"},{"taxonomy":"post_tag","embeddable":true,"href":"https:\/\/tejidohistorico.afrodescendientes.com\/index.php\/wp-json\/wp\/v2\/tags?post=289"}],"curies":[{"name":"wp","href":"https:\/\/api.w.org\/{rel}","templated":true}]}}