{"id":291,"date":"2010-06-03T19:51:43","date_gmt":"2010-06-03T19:51:43","guid":{"rendered":"http:\/\/www2.nasaacin.org\/index.php\/2010\/06\/03\/por-el-derecho-al-agua\/"},"modified":"2010-06-03T19:51:43","modified_gmt":"2010-06-03T19:51:43","slug":"por-el-derecho-al-agua","status":"publish","type":"post","link":"https:\/\/tejidohistorico.afrodescendientes.com\/index.php\/2010\/06\/03\/por-el-derecho-al-agua\/","title":{"rendered":"Por el derecho al Agua"},"content":{"rendered":"<p style=\"text-align: justify;\">Durante esta asamblea se informar\u00e1 sobre el estado  actual del Referendo por el Agua en el Congreso de la Rep\u00fablica, al  igual que se debatir\u00e1 sobre el car\u00e1cter y futuro del movimiento por la  defensa del agua y la vida en Colombia. Adem\u00e1s al concluir la asamblea, a  las 3 de tarde, se har\u00e1 una marcha simb\u00f3lica hac\u00eda la plaza de Bol\u00edvar.<\/p>\n<p style=\"text-align: justify;\"><span class=\"resaltado\">Descargue el <\/span><a href=\"..\/apc-aa-files\/646f63756d656e746f732e2e2e2e2e2e\/convocatoria_asamblea_por_el_agua.pdf\">documento <\/a><\/p>\n","protected":false},"excerpt":{"rendered":"<p>Durante esta asamblea se informar\u00e1 sobre el estado actual del Referendo por el Agua en el Congreso de la Rep\u00fablica, al igual que se debatir\u00e1 sobre el car\u00e1cter y futuro del movimiento [&hellip;]<\/p>\n","protected":false},"author":1,"featured_media":0,"comment_status":"open","ping_status":"open","sticky":false,"template":"","format":"standard","meta":[],"categories":[61],"tags":[],"_links":{"self":[{"href":"https:\/\/tejidohistorico.afrodescendientes.com\/index.php\/wp-json\/wp\/v2\/posts\/291"}],"collection":[{"href":"https:\/\/tejidohistorico.afrodescendientes.com\/index.php\/wp-json\/wp\/v2\/posts"}],"about":[{"href":"https:\/\/tejidohistorico.afrodescendientes.com\/index.php\/wp-json\/wp\/v2\/types\/post"}],"author":[{"embeddable":true,"href":"https:\/\/tejidohistorico.afrodescendientes.com\/index.php\/wp-json\/wp\/v2\/users\/1"}],"replies":[{"embeddable":true,"href":"https:\/\/tejidohistorico.afrodescendientes.com\/index.php\/wp-json\/wp\/v2\/comments?post=291"}],"version-history":[{"count":0,"href":"https:\/\/tejidohistorico.afrodescendientes.com\/index.php\/wp-json\/wp\/v2\/posts\/291\/revisions"}],"wp:attachment":[{"href":"https:\/\/tejidohistorico.afrodescendientes.com\/index.php\/wp-json\/wp\/v2\/media?parent=291"}],"wp:term":[{"taxonomy":"category","embeddable":true,"href":"https:\/\/tejidohistorico.afrodescendientes.com\/index.php\/wp-json\/wp\/v2\/categories?post=291"},{"taxonomy":"post_tag","embeddable":true,"href":"https:\/\/tejidohistorico.afrodescendientes.com\/index.php\/wp-json\/wp\/v2\/tags?post=291"}],"curies":[{"name":"wp","href":"https:\/\/api.w.org\/{rel}","templated":true}]}}