{"id":2936,"date":"2011-11-29T22:42:22","date_gmt":"2011-11-29T22:42:22","guid":{"rendered":"http:\/\/www2.nasaacin.org\/index.php\/2011\/11\/29\/el-rescate-a-sangre-y-fuego-nunca-ha-sido-ni-sera-una-opcion\/"},"modified":"2011-11-29T22:42:22","modified_gmt":"2011-11-29T22:42:22","slug":"el-rescate-a-sangre-y-fuego-nunca-ha-sido-ni-sera-una-opcion","status":"publish","type":"post","link":"https:\/\/tejidohistorico.afrodescendientes.com\/index.php\/2011\/11\/29\/el-rescate-a-sangre-y-fuego-nunca-ha-sido-ni-sera-una-opcion\/","title":{"rendered":"El rescate a sangre y fuego nunca ha sido ni ser\u00e1 una opci\u00f3n"},"content":{"rendered":"<p> \tLa Ruta Pac\u00edfica de las Mujeres se solidariza con los familiares y amigos de Jos\u00e9 Libio Mart\u00ednez, Edgar Yesid Duarte, Elkin Hern\u00e1ndez y \u00c1lvaro Moreno; quienes fueron asesinados por las Farc, en una operaci\u00f3n de rescate realizada por el Ej\u00e9rcito en el departamento del Caquet\u00e1.<\/p>\n<p>  <!--more-->  <\/p>\n<p> \t\u00a0<\/p>\n<p> \t<strong>COMUNICADO DE PRENSA<\/strong><\/p>\n<p> \tNo. 10 &#8211; 2011<br \/> \t\u00a0<\/p>\n<h4> \tEl rescate a sangre y fuego nunca ha sido ni ser\u00e1 una opci\u00f3n<\/h4>\n<p> \tRepudiamos\u00a0 el asesinato de Edgar Yesid, Jose Libio, Elkin y \u00c1lvaro,<br \/> \tcometido por las Farc<\/p>\n<p> \t\u00b7\u00a0\u00a0\u00a0\u00a0\u00a0\u00a0\u00a0 La Ruta Pac\u00edfica de las Mujeres se solidariza con las familias de los soldados y polic\u00edas asesinados por las Farc.<\/p>\n<p> \t\u00b7\u00a0\u00a0\u00a0\u00a0\u00a0\u00a0\u00a0 Admitir que la operaci\u00f3n militar se llev\u00f3 a cabo a sabiendas de que exist\u00edan secuestrados en la zona, es una burla a los familiares.<\/p>\n<p> \t\u00b7\u00a0\u00a0\u00a0\u00a0\u00a0\u00a0\u00a0 Reiteramos la salida negociada al conflicto armado.<\/p>\n<p> \tBogot\u00e1, noviembre 28 de 2011. La Ruta Pac\u00edfica de las Mujeres se solidariza con los familiares y amigos de Jos\u00e9 Libio Mart\u00ednez, Edgar Yesid Duarte, Elkin Hern\u00e1ndez y \u00c1lvaro Moreno; quienes fueron asesinados por las Farc, en una operaci\u00f3n de rescate realizada por el Ej\u00e9rcito en el departamento del Caquet\u00e1.<\/p>\n<p> \tEs un triste final para la vida de estos cuatro colombianos que estuvieron secuestrados entre 12 y 14 a\u00f1os, y que durante todo este largo tiempo guardaron la esperanza de volver a ver a sus seres queridos, pero que hoy son llorados\u00a0 por sus madres,\u00a0 padres, esposas, esposos, hijas e hijos&hellip;<\/p>\n<p> \tA pesar del continuo pedido de los familiares de los soldados y polic\u00edas secuestrados para que la fuerza p\u00fablica no realizara un recate armado, sus voces no fueron escuchadas. Que\u00a0 el ministro de la Defensa, Juan Carlos Pinz\u00f3n, haya dicho, en rueda de prensa, luego de c que: &ldquo;En esa zona (Solano, Caquet\u00e1) se ven\u00edan adelantando operaciones en busca de una estructura de las FARC de acuerdo a informaciones que se ten\u00edan previamente. En esas\u00a0 informaciones se dec\u00eda que exist\u00eda la posibilidad de que esa estructura tuviera en su poder a secuestrados de la Fuerza P\u00fablica&rdquo;; es admitir que la operaci\u00f3n militar se llev\u00f3 a cabo sabiendo que la guerrilla ten\u00eda posiblemente en la zona a los secuestrados; lo cual es un irrespeto con los familiares, y le corresponde al ej\u00e9rcito asumir parte de responsabilidad en la muerte\u00a0 los soldados y polic\u00edas.<\/p>\n<p> \t<strong>Rechazamos<\/strong><\/p>\n<p> \tEl asesinato cometido por las Farc, qui\u00e9n adem\u00e1s de tener por tanto tiempo a estos colombianos retenidos, ten\u00edan el deber de proteger de sus vidas.<br \/> \tEl accionar del Ej\u00e9rcito qui\u00e9n no respet\u00f3\u00a0 el pedido de los familiares de evitar el rescate armado, ya que ellos conocen muy bien las consecuencias y la forma c\u00f3mo act\u00faa la guerrilla en estos casos.<\/p>\n<p> \t<strong>Llamamos, una vez m\u00e1s y como siempre lo hemos hecho.<\/strong><\/p>\n<p> \tDi\u00e1logos humanitarios que conlleven a una salida negociada del conflicto armado colombiano.<br \/> \tUn No rotundo al rescate armado.<br \/> \tRespeto por la vida de los 12 uniformados que a\u00fan est\u00e1n secuestrados por las FARC.<br \/> \tQue se inicie la negociaci\u00f3n pol\u00edtica ya!<br \/> \t\u00a0<\/p>\n<address> \t<strong>&ldquo;Fuera la guerra de la historia&rdquo;<\/strong><\/address>\n<p> \t\u00a0<\/p>\n","protected":false},"excerpt":{"rendered":"<p>La Ruta Pac\u00edfica de las Mujeres se solidariza con los familiares y amigos de Jos\u00e9 Libio Mart\u00ednez, Edgar Yesid Duarte, Elkin Hern\u00e1ndez y \u00c1lvaro Moreno; quienes fueron asesinados por las Farc, en [&hellip;]<\/p>\n","protected":false},"author":2,"featured_media":0,"comment_status":"open","ping_status":"open","sticky":false,"template":"","format":"standard","meta":[],"categories":[75],"tags":[],"_links":{"self":[{"href":"https:\/\/tejidohistorico.afrodescendientes.com\/index.php\/wp-json\/wp\/v2\/posts\/2936"}],"collection":[{"href":"https:\/\/tejidohistorico.afrodescendientes.com\/index.php\/wp-json\/wp\/v2\/posts"}],"about":[{"href":"https:\/\/tejidohistorico.afrodescendientes.com\/index.php\/wp-json\/wp\/v2\/types\/post"}],"author":[{"embeddable":true,"href":"https:\/\/tejidohistorico.afrodescendientes.com\/index.php\/wp-json\/wp\/v2\/users\/2"}],"replies":[{"embeddable":true,"href":"https:\/\/tejidohistorico.afrodescendientes.com\/index.php\/wp-json\/wp\/v2\/comments?post=2936"}],"version-history":[{"count":0,"href":"https:\/\/tejidohistorico.afrodescendientes.com\/index.php\/wp-json\/wp\/v2\/posts\/2936\/revisions"}],"wp:attachment":[{"href":"https:\/\/tejidohistorico.afrodescendientes.com\/index.php\/wp-json\/wp\/v2\/media?parent=2936"}],"wp:term":[{"taxonomy":"category","embeddable":true,"href":"https:\/\/tejidohistorico.afrodescendientes.com\/index.php\/wp-json\/wp\/v2\/categories?post=2936"},{"taxonomy":"post_tag","embeddable":true,"href":"https:\/\/tejidohistorico.afrodescendientes.com\/index.php\/wp-json\/wp\/v2\/tags?post=2936"}],"curies":[{"name":"wp","href":"https:\/\/api.w.org\/{rel}","templated":true}]}}