{"id":2985,"date":"2011-12-07T15:58:13","date_gmt":"2011-12-07T15:58:13","guid":{"rendered":"http:\/\/www2.nasaacin.org\/index.php\/2011\/12\/07\/cauca-jambalo-busca-medidas-de-proteccion-a-causa-de-la-ola-invernal-que-se-registra-en-el-municipio-y-resguardo\/"},"modified":"2011-12-07T15:58:13","modified_gmt":"2011-12-07T15:58:13","slug":"cauca-jambalo-busca-medidas-de-proteccion-a-causa-de-la-ola-invernal-que-se-registra-en-el-municipio-y-resguardo","status":"publish","type":"post","link":"https:\/\/tejidohistorico.afrodescendientes.com\/index.php\/2011\/12\/07\/cauca-jambalo-busca-medidas-de-proteccion-a-causa-de-la-ola-invernal-que-se-registra-en-el-municipio-y-resguardo\/","title":{"rendered":"Cauca: Jambal\u00f3 busca medidas de protecci\u00f3n a causa de la ola invernal"},"content":{"rendered":"<\/p>\n<p>&#8220;De igual forma se hace un llamado a las familias que se encuentran en  estado cr\u00edtico a causa del invierno para que hagan los reportes a las  Juntas de Acci\u00f3n Comunal veredal y busquen reubicaci\u00f3n inmediata, asi  mismo se continuara trabajando para a portar a los damnificados&#8221;,  manifestaron los organismos de control de la alcald\u00eda municipal de  Jambal\u00f3, en la reuni\u00f3n realizada el d\u00eda martes 6 de diciembre del 2011.<\/p>\n<p>  <!--more-->  <\/p>\n<p>\u00a0<\/p>\n<h2>Jambal\u00f3 busca medidas de protecci\u00f3n a causa de la ola invernal que se registra en el Municipio y Resguardo<\/h2>\n<p><img loading=\"lazy\" src=\"http:\/\/2.bp.blogspot.com\/-3NoYZGtIa08\/Tt72yDRxJMI\/AAAAAAAATXo\/CAy1N-yXvKI\/s400\/IMG_Jambalo+2.jpg\" border=\"0\" width=\"400\" height=\"300\" style=\"float: left;\" \/>Con preocupaci\u00f3n se encuentran las autoridades del municipio de Jambal\u00f3 debido a las fuertes lluvias que se vienen presentando en el territorio, hasta el momento han dejado centenares de deslizamientos en las v\u00edas de comunicaci\u00f3n, seg\u00fan lo manifiest\u00f3 el secretario de gobierno del municipio, Jos\u00e9 Miguel Cuetia, se presentaron derrumbes en las veredas de Loma Gorda, Villa Nueva, El Uvo, La Quebrada La Catalina y Los Cazadores que tienen taponada la carretera que conduce a Santander de Quilichao, as\u00ed mismo se presentaron numerosas viviendas en estado cr\u00edtico que se requieren de evacuaci\u00f3n inmediata.<\/p>\n<p>A ra\u00edz de esta situaci\u00f3n los organismos de control y emergencias del municipio de Jambal\u00f3 &#8211; Cauca, el d\u00eda 6 de diciembre, se concentraron en una reuni\u00f3n de car\u00e1cter inmediata con el fin de tomar medidas de protecci\u00f3n frente al tema de la ola invernal que se viene presentando a nivel nacional, se hizo un an\u00e1lisis sobre la grave situaci\u00f3n de desastre que ocurri\u00f3 en horas de la ma\u00f1ana del d\u00eda martes 6 de diciembre en la vereda de Loma Gruesa donde un deslizamiento de tierra arras\u00f3 una vivienda, sepultando a dos personas mayores de edad. En esta reuni\u00f3n se cont\u00f3 con la presencia del secretario de gobierno municipal, la secretaria de salud municipal, el hospital, la IPS ACIN, el t\u00e9cnico de saneamiento b\u00e1sico, la personera municipal y algunos comuneros, donde se present\u00f3 el balance general de los datos estad\u00edsticos de las viviendas en zona de riesgos y algunas comunidades en reubicaci\u00f3n inmediata como Loma Gruesa, La Mina, 20 familias del barrio Las Dalias en la zona urbana Jambal\u00f3, Campo Alegre Bajo, La Marqueza, Sector Lomitas, 4 viviendas del Trapiche y Voladero.<\/p>\n<p>Mientras transcurre esta reuni\u00f3n, en la zona baja de Jambal\u00f3 se encuentran trabajando los organismos de rescate como la Cruz Roja, el Cuerpo de Bomberos y la comunidad de las veredas cercanas, con el fin de encontrar los cuerpos sepultados en el derrumbe.<\/p>\n<p>La preocupaci\u00f3n contin\u00faa ante el incremento de las fuertes lluvias en el pa\u00eds, ante esto se sugiere seguir en alerta y continuar atendiendo a las personas desplazadas por la ola invernal, de esta manera se espera enviar los reportes de damnificados de car\u00e1cter urgentes al CREPAD, para poder tener las ayudas lo m\u00e1s urgente.<\/p>\n<p>Por otra parte los m\u00e9dicos de los hospitales, ven con preocupaci\u00f3n el aumento de las enfermedades, as\u00ed mismo la no atenci\u00f3n inmediata de los pacientes principalmente como son las embarazadas debido al taponamiento de las v\u00edas de comunicaci\u00f3n que imposibilita la movilizaci\u00f3n de las ambulancias al sector rural de Jambalo.<\/p>\n<p>&#8220;De igual forma se hace un llamado a las familias que se encuentran en estado cr\u00edtico a causa del invierno para que hagan los reportes a las Juntas de Acci\u00f3n Comunal veredal y busquen reubicaci\u00f3n inmediata, asi mismo se continuara trabajando para a portar a los damnificados&#8221;, manifestaron los organismos de control de la alcald\u00eda municipal de Jambal\u00f3, en la reuni\u00f3n realizada el d\u00eda martes 6 de diciembre del 2011.<\/p>\n<p>POR: <strong>VOCES DE NUESTRA TIERRA<\/strong><br \/>emivoces@yahoo.es<\/p>\n<p>\u00a0<\/p>\n<h2>Escuche el Audio sobre los hechos sucedidos en la vereda de Loma Gruesa de Jambal\u00f3: <a href=\"http:\/\/colombia.indymedia.org\/uploads\/2011\/12\/comunero_relata_echos_de_loma_gruesa_jambalo.parte_2.mp3\">http:\/\/colombia.indymedia.org\/uploads\/2011\/12\/comunero_relata_echos_de_loma_gruesa_jambalo.parte_2.mp3 <\/a><\/h2>\n<p><strong>Galer\u00eda de fotograf\u00edas:<\/strong><\/p>\n<h2><strong>VEREDA DE LOMA GRUESA &#8211; JAMBAL\u00d3<\/strong><\/h2>\n<p><img loading=\"lazy\" class=\" size-full wp-image-2978\" src=\"http:\/\/www2.nasaacin.org\/wp-content\/uploads\/2011\/12\/afuerlluvi9.jpg\" border=\"0\" width=\"456\" height=\"304\" srcset=\"https:\/\/tejidohistorico.afrodescendientes.com\/wp-content\/uploads\/2011\/12\/afuerlluvi9.jpg 456w, https:\/\/tejidohistorico.afrodescendientes.com\/wp-content\/uploads\/2011\/12\/afuerlluvi9-300x200.jpg 300w\" sizes=\"(max-width: 456px) 100vw, 456px\" \/><\/p>\n<p><img loading=\"lazy\" class=\" size-full wp-image-2979\" src=\"http:\/\/www2.nasaacin.org\/wp-content\/uploads\/2011\/12\/afuertell101.jpg\" border=\"0\" width=\"456\" height=\"304\" srcset=\"https:\/\/tejidohistorico.afrodescendientes.com\/wp-content\/uploads\/2011\/12\/afuertell101.jpg 456w, https:\/\/tejidohistorico.afrodescendientes.com\/wp-content\/uploads\/2011\/12\/afuertell101-300x200.jpg 300w\" sizes=\"(max-width: 456px) 100vw, 456px\" \/><\/p>\n<p><img loading=\"lazy\" class=\" size-full wp-image-2980\" src=\"http:\/\/www2.nasaacin.org\/wp-content\/uploads\/2011\/12\/afuertelll102.jpg\" border=\"0\" width=\"456\" height=\"304\" srcset=\"https:\/\/tejidohistorico.afrodescendientes.com\/wp-content\/uploads\/2011\/12\/afuertelll102.jpg 456w, https:\/\/tejidohistorico.afrodescendientes.com\/wp-content\/uploads\/2011\/12\/afuertelll102-300x200.jpg 300w\" sizes=\"(max-width: 456px) 100vw, 456px\" \/><\/p>\n<\/p>\n<h2><\/h2>\n<h2><strong>CARRETERA V\u00cdA A TORIBIO &#8211; CAUCA<\/strong><\/h2>\n<p><img loading=\"lazy\" class=\" size-full wp-image-2981\" src=\"http:\/\/www2.nasaacin.org\/wp-content\/uploads\/2011\/12\/afuerteslluvias2.jpg\" border=\"0\" width=\"456\" height=\"304\" srcset=\"https:\/\/tejidohistorico.afrodescendientes.com\/wp-content\/uploads\/2011\/12\/afuerteslluvias2.jpg 456w, https:\/\/tejidohistorico.afrodescendientes.com\/wp-content\/uploads\/2011\/12\/afuerteslluvias2-300x200.jpg 300w\" sizes=\"(max-width: 456px) 100vw, 456px\" \/><\/p>\n<p><img loading=\"lazy\" class=\" size-full wp-image-2982\" src=\"http:\/\/www2.nasaacin.org\/wp-content\/uploads\/2011\/12\/afuertesll1.jpg\" border=\"0\" width=\"456\" height=\"304\" srcset=\"https:\/\/tejidohistorico.afrodescendientes.com\/wp-content\/uploads\/2011\/12\/afuertesll1.jpg 456w, https:\/\/tejidohistorico.afrodescendientes.com\/wp-content\/uploads\/2011\/12\/afuertesll1-300x200.jpg 300w\" sizes=\"(max-width: 456px) 100vw, 456px\" \/><\/p>\n<p><img loading=\"lazy\" class=\" size-full wp-image-2983\" src=\"http:\/\/www2.nasaacin.org\/wp-content\/uploads\/2011\/12\/afuertesuvv5.jpg\" border=\"0\" width=\"456\" height=\"304\" srcset=\"https:\/\/tejidohistorico.afrodescendientes.com\/wp-content\/uploads\/2011\/12\/afuertesuvv5.jpg 456w, https:\/\/tejidohistorico.afrodescendientes.com\/wp-content\/uploads\/2011\/12\/afuertesuvv5-300x200.jpg 300w\" sizes=\"(max-width: 456px) 100vw, 456px\" \/><\/p>\n<p><img loading=\"lazy\" class=\" size-full wp-image-2984\" src=\"http:\/\/www2.nasaacin.org\/wp-content\/uploads\/2011\/12\/afuertllvias7.jpg\" border=\"0\" width=\"456\" height=\"304\" srcset=\"https:\/\/tejidohistorico.afrodescendientes.com\/wp-content\/uploads\/2011\/12\/afuertllvias7.jpg 456w, https:\/\/tejidohistorico.afrodescendientes.com\/wp-content\/uploads\/2011\/12\/afuertllvias7-300x200.jpg 300w\" sizes=\"(max-width: 456px) 100vw, 456px\" \/><\/p>\n","protected":false},"excerpt":{"rendered":"<p>&#8220;De igual forma se hace un llamado a las familias que se encuentran en estado cr\u00edtico a causa del invierno para que hagan los reportes a las Juntas de Acci\u00f3n Comunal veredal [&hellip;]<\/p>\n","protected":false},"author":2,"featured_media":2977,"comment_status":"open","ping_status":"open","sticky":false,"template":"","format":"standard","meta":[],"categories":[75],"tags":[],"_links":{"self":[{"href":"https:\/\/tejidohistorico.afrodescendientes.com\/index.php\/wp-json\/wp\/v2\/posts\/2985"}],"collection":[{"href":"https:\/\/tejidohistorico.afrodescendientes.com\/index.php\/wp-json\/wp\/v2\/posts"}],"about":[{"href":"https:\/\/tejidohistorico.afrodescendientes.com\/index.php\/wp-json\/wp\/v2\/types\/post"}],"author":[{"embeddable":true,"href":"https:\/\/tejidohistorico.afrodescendientes.com\/index.php\/wp-json\/wp\/v2\/users\/2"}],"replies":[{"embeddable":true,"href":"https:\/\/tejidohistorico.afrodescendientes.com\/index.php\/wp-json\/wp\/v2\/comments?post=2985"}],"version-history":[{"count":0,"href":"https:\/\/tejidohistorico.afrodescendientes.com\/index.php\/wp-json\/wp\/v2\/posts\/2985\/revisions"}],"wp:featuredmedia":[{"embeddable":true,"href":"https:\/\/tejidohistorico.afrodescendientes.com\/index.php\/wp-json\/wp\/v2\/media\/2977"}],"wp:attachment":[{"href":"https:\/\/tejidohistorico.afrodescendientes.com\/index.php\/wp-json\/wp\/v2\/media?parent=2985"}],"wp:term":[{"taxonomy":"category","embeddable":true,"href":"https:\/\/tejidohistorico.afrodescendientes.com\/index.php\/wp-json\/wp\/v2\/categories?post=2985"},{"taxonomy":"post_tag","embeddable":true,"href":"https:\/\/tejidohistorico.afrodescendientes.com\/index.php\/wp-json\/wp\/v2\/tags?post=2985"}],"curies":[{"name":"wp","href":"https:\/\/api.w.org\/{rel}","templated":true}]}}