{"id":3045,"date":"2011-12-21T20:36:31","date_gmt":"2011-12-21T20:36:31","guid":{"rendered":"http:\/\/www2.nasaacin.org\/index.php\/2011\/12\/21\/peru-ser-elegido-con-la-izquierda-para-gobernar-con-la-derecha\/"},"modified":"2011-12-21T20:36:31","modified_gmt":"2011-12-21T20:36:31","slug":"peru-ser-elegido-con-la-izquierda-para-gobernar-con-la-derecha","status":"publish","type":"post","link":"https:\/\/tejidohistorico.afrodescendientes.com\/index.php\/2011\/12\/21\/peru-ser-elegido-con-la-izquierda-para-gobernar-con-la-derecha\/","title":{"rendered":"Per\u00fa: Ser elegido con la izquierda para gobernar con la derecha"},"content":{"rendered":"<p> \t\u00a0<\/p>\n<p> \tOllanta Humala en 136 d\u00edas ha producido una &ldquo;masacre pol\u00edtica&rdquo;, dejando en la calle a aquellos que lo construyeron como candidato, le escribieron los discursos y le pagaron la campa\u00f1a electoral.<\/p>\n<p>  <!--more-->  <\/p>\n<p> \t\u00a0<\/p>\n<p> \tLa construcci\u00f3n de un candidato presidencial es un proceso complejo de construcci\u00f3n de imagen, de discurso, de configuraci\u00f3n de alianzas y en \u00faltima instancia de visibilidad real. Construir un candidato cuesta dinero y esfuerzo de mucha gente. El entorno del futuro candidato hace este esfuerzo en un acto de fe pol\u00edtica convencido de que \u00e9ste podr\u00e1 cambiar el rumbo de la historia. Es lo que el Banco Mundial llamar\u00eda un acto de inclusi\u00f3n social. Los\/las j\u00f3venes repartidos por el pa\u00eds hacen campa\u00f1as y rompen el descr\u00e9dito de la pol\u00edtica para que las nuevas generaciones voten por la izquierda y no por la derecha y para que las generaciones mayores retomen su compromiso con la sociedad, perdido ante las frustraciones de d\u00e9cadas de luchas truncas. Haciendo camino al andar, cada grupo de trabajo inventa un imaginario progresista y trata de empatar eso con lo que se ve en el horizonte.<\/p>\n<p> \t\u00a0<\/p>\n<p> \tLa divisi\u00f3n derecha\/izquierda est\u00e1 delineada por una consciencia ambiental versus pol\u00edticas extractivistas; democracia participativa versus democracia electoral; derecho al cuerpo versus la sexualidad reproductiva compulsiva; las mejoras en los salarios y en la distribuci\u00f3n del ingreso versus concentrar el ingreso y aquietar a los mercados; pol\u00edticas econ\u00f3micas heterodoxas versus pol\u00edticas econ\u00f3micas ortodoxas; modelo de crecimiento exportador versus un modelo de crecimiento hacia adentro; m\u00e1s impuestos a los ricos versus exoneraciones tributarias; lucha contra el racismo y toda forma de discriminaci\u00f3n versus el status quo.<\/p>\n<p> \t\u00a0<\/p>\n<p> \tCa\u00eddo el bipolarismo internacional en 1990, hay la b\u00fasqueda por la construcci\u00f3n de un nuevo regionalismo pol\u00edtico multipolar versus la unipolaridad militar con la que Estados Unidos act\u00faa, dada su p\u00e9rdida de liderazgo global.<\/p>\n<p> \t\u00a0<\/p>\n<p> \tLa lucha de clases hoy d\u00eda es m\u00e1s compleja que la lucha entre ganancias y salarios \u00fanicamente porque lo que est\u00e1 en juego es el planeta. La lucha salarios-ganancia la gan\u00f3 el sector financiero, que consolid\u00f3 en el mundo occidental una participaci\u00f3n cada vez menor de salarios en el PIB a cambio de una concentraci\u00f3n creciente del ingreso. Esta ha sido la raz\u00f3n de ser de las protestas de los Indignados espa\u00f1oles y de Occupy Wall Street as\u00ed como de los precursores de los cambios en todo el Mediterr\u00e1neo.<\/p>\n<p> \t\u00a0<\/p>\n<p> \tEs ya una pr\u00e1ctica instalada que los presidentes\/alcaldes\/gobernadores, con o sin partido de izquierda, una vez electos, patean su tablero e intentan colocarse al centro pol\u00edtico, acomod\u00e1ndose con el poder contra el cual estaban corriendo. Esta transici\u00f3n pol\u00edtica deja a algunos viejos actores fuera de juego e introduce a unos nuevos actores en el escenario. La raz\u00f3n esgrimida por los electos es que hay que ser elegido con la izquierda para gobernar con la derecha. Los gobiernos progresistas de Am\u00e9rica del Sur y la social democracia europea est\u00e1n llenos de esto.<\/p>\n<p> \t\u00a0<\/p>\n<p> \tEl m\u00e1s reciente miembro del creciente club de los tr\u00e1nsfugas es el presidente peruano sobre el que algunos cifraron muchas esperanzas. Un gobierno de izquierdas en el Per\u00fa podr\u00eda haber significado la consolidaci\u00f3n del proyecto sudamericano. El viraje peruano, al que ya estamos acostumbrados desde la elecci\u00f3n de Alberto Fujimori Fujimori (AFF) en 1990, fue m\u00e1s brusco que entonces. En 1990, AFF tard\u00f3 dos a\u00f1os en sacar a sus compa\u00f1eros de ruta electorales del gabinete y rompi\u00f3 las alianzas finalmente cerrando el congreso el 5 de abril del 1992 con el autogolpe. Es decir, tard\u00f3 608 d\u00edas en sacar del gabinete a todos los &ldquo;progresistas&rdquo; y un mes m\u00e1s para eliminar a sus asesores de campa\u00f1a antes de asumir el gobierno.<\/p>\n<p> \t\u00a0<\/p>\n<p> \tOllanta Humala (OH) en 136 d\u00edas ha producido una &ldquo;masacre pol\u00edtica&rdquo;, dejando en la calle a aquellos que lo construyeron como candidato; le escribieron los discursos y le pagaron la campa\u00f1a electoral. Las alianzas pol\u00edticas siguen en la bancada del Congreso dentro de una cancha rayada muy complicada. Si sus compa\u00f1eros de bancada se van porque los ha defraudado, gobernar\u00e1 con Fujimori y el Apra. Por las dudas, el presidente del Congreso habla de la necesidad de indultar al reo AFF y boicotea la labor de la comisi\u00f3n contra la corrupci\u00f3n del r\u00e9gimen de Alan Garc\u00eda P\u00e9rez. De manera ins\u00f3lita el gobierno progresista de OH no puede hacer lo que el gobierno de Toledo de centro derecha logr\u00f3, enjuiciar la gran corrupci\u00f3n. El Parlamento no ayuda a OH en su labor o el presidente del Congreso hace puentes para el cambio de alianzas final. La &ldquo;masacre pol\u00edtica&rdquo; del 10 de diciembre ocurri\u00f3 cuando 11 de 17 ministros fueron defenestrados tras un acto presidencial, donde primero desautoriz\u00f3 p\u00fablicamente al Premier en unas negociaciones con la poblaci\u00f3n en Cajamarca; en segundo lugar decret\u00f3 el estado de emergencia en la zona minera aur\u00edfera en debate. Y finalmente meti\u00f3 a la c\u00e1rcel a los responsables pol\u00edticos de la zona que estaban en Lima intentando encontrar una soluci\u00f3n pac\u00edfica al conflicto originado por las demandas de una empresa que quiere utilizar cuatro lagunas para sus actividades mineras, contrariando la opini\u00f3n de la poblaci\u00f3n de la zona que quiere mantener sus lagunas.<\/p>\n<p> \t\u00a0<\/p>\n<p> \tFue tanto una &ldquo;masacre pol\u00edtica&rdquo; como una demostraci\u00f3n de estilo pol\u00edtico. Ya puede el presidente cerrar el reci\u00e9n abierto Ministerio de la Inclusi\u00f3n Social y ahorrarle al Ministerio de Econom\u00eda y Finanzas (MEF) unos soles. Lo &ldquo;eficiente&rdquo; es que sean programas del Ministerio de la Presidencia. Alguien tendr\u00eda que explicarle al presidente la distancia entre la eficiencia econ\u00f3mica y la eficiencia pol\u00edtica y que la inclusi\u00f3n social es un tema de pol\u00edtica macroecon\u00f3mica y no ajeno a \u00e9sta.<\/p>\n<p> \t\u00a0<\/p>\n<p> \tEn la relaci\u00f3n con Estados Unidos hay que enfatizar que \u00e9ste fue el \u00faltimo pa\u00eds visitado por Humala en el hemisferio tras su elecci\u00f3n, luego de su gira por Suram\u00e9rica. Visit\u00f3 al Consejo Nacional de Defensa de dicho pa\u00eds en julio porque hay en el Per\u00fa, seg\u00fan M\u00f3nica Bruckman de la Universidad Federal de Rio y Ana Esther Cece\u00f1a del Observatorio Geoestrat\u00e9gico de la UNAM, igual o mayor numero de militares estadounidenses en el Per\u00fa que en Colombia y porque el Per\u00fa est\u00e1 adem\u00e1s lleno de bases a\u00e9reas estadounidenses.<\/p>\n<p> \t\u00a0<\/p>\n<p> \tEl primer visitante oficial estadounidense al Per\u00fa el 29 de noviembre del 2011 fue el General William Brownfield, subsecretario de Estado de los Estados Unidos para Asuntos Antinarc\u00f3ticos y Policiales. Antes Brownfield fue embajador de Estados Unidos en Colombia durante los a\u00f1os de \u00c1lvaro Uribe, el aliado m\u00e1s fuerte de Washington en Am\u00e9rica Latina.<\/p>\n<p> \t\u00a0<\/p>\n<p> \tEl 23 de noviembre, en el marco de la celebraci\u00f3n del 50 aniversario de la Agencia de los Estados Unidos para el Desarrollo Internacional (USAID), el Ministro de Relaciones Exteriores, Rafael Roncagliolo Orbegoso, condecor\u00f3 a su director en el Per\u00fa, Richard Goughnour, con la orden &ldquo;El Sol del Per\u00fa&rdquo; en el Grado de Gran Cruz.<\/p>\n<p> \t\u00a0<\/p>\n<p> \tEn setiembre, a un mes de asumido el nuevo gobierno, el programa de cooperaci\u00f3n de Estados Unidos con el Per\u00fa se ampli\u00f3 de 230 millones a 293 millones de d\u00f3lares para el periodo 2008-2012 que en los hechos quiere decir que le han dado a Humala 60 millones de d\u00f3lares m\u00e1s para el inicio de su gesti\u00f3n. Con esto se podr\u00eda sugerir que el Per\u00fa est\u00e1 alineado con Washington al igual que Colombia, M\u00e9xico y Chile y sigue en el llamado Arco del Pacifico.<\/p>\n<p> \t\u00a0<\/p>\n<p> \tEs decir que no hay variaci\u00f3n sustantiva en la pol\u00edtica exterior contrario a lo que se esperaba por sus dos discursos sobre la materia donde enfatiz\u00f3 la importancia del multilateralismo y de Suram\u00e9rica.<\/p>\n<p> \t\u00a0<\/p>\n<p> \t<strong>Consciencia ambiental versus pol\u00edticas extractivistas<\/strong><\/p>\n<p> \t\u00a0<\/p>\n<p> \tEl Per\u00fa es y ser\u00e1 un pa\u00eds minero. Esta condena al rentismo ambiental es una amenaza no solo para los pobladores de la sierra donde yacen las minas, sino para todo el planeta. Los Andes peruanos se han quedado sin nieve desde hace m\u00e1s de dos d\u00e9cadas mientras se irriga el desierto en la costa, cambiando as\u00ed el ecosistema. La miner\u00eda genera divisas y deja pasivos ambientales que se han convertido en un problema mayor en la zona de Cajamarca. En el mes de setiembre hab\u00eda 90 conflictos socioambientales latentes relacionados a la miner\u00eda y estos comenzaron a estallar en el mes de noviembre cuando la poblaci\u00f3n comenz\u00f3 a sentir que no pasaba nada con sus demandas anteriores al cambio de gobierno.<\/p>\n<p> \t\u00a0<\/p>\n<p> \tEl discurso electoral de Ollanta Humala estuvo centrado en la conciencia ambiental y nombr\u00f3 al ministerio del ramo a un mentor pol\u00edtico de OH, Ricardo Giesecke. Giesecke, un experto internacional en temas ambientales, fue del grupo peque\u00f1o del entorno de Humala desde 2005. En dicho ministerio estaban dos viceministros de izquierda relacionados a temas ambientales lo que era coherente con el discurso de campa\u00f1a. Estos fueron defenestrados junto con el ministro. Fueron reemplazos -como en 1992- por &ldquo;t\u00e9cnicos&rdquo;, como si Giesecke, Cabieses y de Echave, el tr\u00edo defenestrado del Ministerio del Ambiente, no lo hubieran sido. Lo que interesa ahora es que sean t\u00e9cnicos dispuestos a conversar con Washington, digamos.<\/p>\n<p> \t\u00a0<\/p>\n<p> \t<strong>Democracia participativa versus democracia electoral<\/strong><\/p>\n<p> \t\u00a0<\/p>\n<p> \tDetr\u00e1s del Partido Nacionalista hay un grupo pol\u00edtico llamado Gana Per\u00fa que fue el que finalmente le dio el triunfo a OH. Este se conforma por intelectuales y lideres regionales que armaron la campa\u00f1a presidencial, sobre todo en la segunda vuelta, cuando Humala pod\u00eda perder. El objetivo de Gana Per\u00fa era hacer del proceso pol\u00edtico que Humala iniciaba uno de democracia participativa, donde el di\u00e1logo social ser\u00eda el rasgo y los intereses populares estar\u00edan en el centro.<\/p>\n<p> \t\u00a0<\/p>\n<p> \tLa manera c\u00f3mo se manejaron los conflictos relacionados con la miner\u00eda de Andahuaylas y Cajamarca mostr\u00f3 lo siguiente. El ministro de energ\u00eda y minas lleg\u00f3 a Andahauylas a bordo de un avi\u00f3n de la empresa minera Yanacocha, propietaria de la mina Conga, en cuesti\u00f3n. El equipo de ministros y vice ministros que estaban all\u00ed para la negociaci\u00f3n fue dispar, regres\u00e1ndose a Lima dos ministros por temor. Es decir, un gobierno dispuesto a negociar desde las empresas y con temor al pueblo. Estos ministros desautorizaron en \u00faltima instancia a los negociadores que estaban trabajando con la poblaci\u00f3n que reaccion\u00f3 con furia (<a href=\"http:\/\/www.forosperu.net\/showthread.php?t=256905\" target=\"_blank\" rel=\"noopener noreferrer\">http:\/\/www.forosperu.net\/showthread.php?t=256905 <\/a>) Esta es la misma figura que la que ocurri\u00f3 en Cajamarca en noviembre con el tema de la mina Conga. El temor al pueblo y la alianza con los empresarios mineros en nombre de que &ldquo;el mercado tiembla&rdquo;.<\/p>\n<p> \t\u00a0<\/p>\n<p> \tFinalmente, al darle la espalda a la democracia participativa que la poblaci\u00f3n reclama en todo el pa\u00eds y m\u00e1s en las zonas rurales afectadas por la miner\u00eda, el presidente acaba de abrir un escenario: la poblaci\u00f3n puede quedarse quieta por miedo a la represi\u00f3n o puede salir a la calle demandando la salida del electo en una figura similar a la ocurrida con Abdal\u00e1 Bucaram, Jamil Mahuad y Lucio Guti\u00e9rrez en Ecuador; con Carlos Meza Gisbert, y Gonzalo S\u00e1nchez de Losada en Bolivia, que salieron por presiones sociales. Huelga mencionar la din\u00e1mica del mediterr\u00e1neo, donde la presi\u00f3n de la calle expuls\u00f3 al premier griego, al italiano, al espa\u00f1ol, al portugu\u00e9s y al tunecino, libio, egipcio, yemen\u00ed, mientras hay fuertes protestas en Siria e Israel todas en el a\u00f1o 2011. El otro lado de esto es un endurecimiento de la democracia al estilo de Alan Garc\u00eda que es la apuesta de Washington.<\/p>\n<p> \t\u00a0<\/p>\n<p> \t<strong>Demandas de mejoras en los salarios y en la distribuci\u00f3n del ingreso versus aquietar a los mercados<\/strong><\/p>\n<p> \t\u00a0<\/p>\n<p> \tMejorar el mercado interno mediante una mejora en la distribuci\u00f3n del ingreso es una demanda clamorosa de la poblaci\u00f3n peruana. Esta ha sido respondida mediante la introducci\u00f3n de un programa de jubilaci\u00f3n a los 65 a\u00f1os y de becas a los estudiantes de 18 a\u00f1os, anunciados el 28 de julio del 2011 por Ollanta Humala en su discurso inaugural. Lo que es menos probable es que se formalice m\u00e1s el empleo y se mejoren las remuneraciones, porque el Ejecutivo ha tomado un giro conservador en lo pol\u00edtico y neoliberal en lo econ\u00f3mico. El nombramiento inicial del ministro Castilla en la cartera del MEF fue una sorpresa para el equipo econ\u00f3mico del presidente que crey\u00f3 que hab\u00edan ganado las elecciones. Ni Dancourt, ni F\u00e9lix Jim\u00e9nez fueron nombrados a la cartera de econom\u00eda a pesar de ser los responsables del \u00e1rea econ\u00f3mica del plan de gobierno. Al rev\u00e9s, se promocion\u00f3 al vice ministro de econom\u00eda al cargo de ministro para mantener la estabilidad de las pol\u00edticas. Fitch Ratings subi\u00f3 al Per\u00fa a BBB en noviembre, en m\u00e9rito a la continuidad de las pol\u00edticas.<\/p>\n<p> \t\u00a0<\/p>\n<p> \tEl Dr Castilla obtuvo su doctorado en econom\u00eda de la universidad Johns Hopkins en Baltimore, Estados Unidos, y a diferencia de Rafael Correa no ha tenido un cambio de sentimiento, sino que es esencialmente un economista ortodoxo, cuyo objetivo es mantener la inflaci\u00f3n en el punto m\u00e1s bajo posible para permitir el desarrollo de los mercados. El es un creyente en los super\u00e1vits fiscales y de balanza de pagos, ambos que existen en el pa\u00eds desde hace una d\u00e9cada. No es un heterodoxo que est\u00e9 buscando el desarrollo del mercado interno y la inclusi\u00f3n social.<\/p>\n<p> \t\u00a0<\/p>\n<p> \tFinalmente, lo que puede llevar a una militarizaci\u00f3n del r\u00e9gimen no es que existan militares dentro del gobierno, sino la fragilidad del r\u00e9gimen pol\u00edtico elegido con un sentido y gobernado con el sentido contrario. Para que los perdedores puedan mantenerse en el poder al que llegaron el 10 de diciembre, el espacio de la protesta social debe ser reducido. La mitad de la poblaci\u00f3n eligi\u00f3 otra cosa y puede exigir aquello por lo que vot\u00f3 que se relaciona con sus derechos ciudadanos. Ya no quedan casi iletrados en el pa\u00eds y la conciencia de la postergaci\u00f3n ciudadana en los pobres est\u00e1 clara, m\u00e1s a\u00fan cuando la riqueza mineral sale de su tierra y a cambio le dan contaminaci\u00f3n ambiental.<\/p>\n<p> \t\u00a0<\/p>\n<p> \t&#8211; Oscar Ugarteche, economista peruano, trabaja en el Instituto de Investigaciones Econ\u00f3micas de la UNAM, M\u00e9xico. Es presidente de ALAI y coordinador del Observatorio Econ\u00f3mico de Am\u00e9rica Latina (OBELA) <a href=\"http:\/\/www.obela.org\/\" target=\"_blank\" rel=\"noopener noreferrer\">www.obela.org<\/a><\/p>\n<p> \t\u00a0<\/p>\n<p> \t<strong>Oscar Ugarteche<\/strong><\/p>\n<div> \tALAI AMLATINA, 19\/12\/2011<\/div>\n<p> \t\u00a0<\/p>\n","protected":false},"excerpt":{"rendered":"<p>\u00a0 Ollanta Humala en 136 d\u00edas ha producido una &ldquo;masacre pol\u00edtica&rdquo;, dejando en la calle a aquellos que lo construyeron como candidato, le escribieron los discursos y le pagaron la campa\u00f1a electoral.<\/p>\n","protected":false},"author":2,"featured_media":0,"comment_status":"open","ping_status":"open","sticky":false,"template":"","format":"standard","meta":[],"categories":[3],"tags":[],"_links":{"self":[{"href":"https:\/\/tejidohistorico.afrodescendientes.com\/index.php\/wp-json\/wp\/v2\/posts\/3045"}],"collection":[{"href":"https:\/\/tejidohistorico.afrodescendientes.com\/index.php\/wp-json\/wp\/v2\/posts"}],"about":[{"href":"https:\/\/tejidohistorico.afrodescendientes.com\/index.php\/wp-json\/wp\/v2\/types\/post"}],"author":[{"embeddable":true,"href":"https:\/\/tejidohistorico.afrodescendientes.com\/index.php\/wp-json\/wp\/v2\/users\/2"}],"replies":[{"embeddable":true,"href":"https:\/\/tejidohistorico.afrodescendientes.com\/index.php\/wp-json\/wp\/v2\/comments?post=3045"}],"version-history":[{"count":0,"href":"https:\/\/tejidohistorico.afrodescendientes.com\/index.php\/wp-json\/wp\/v2\/posts\/3045\/revisions"}],"wp:attachment":[{"href":"https:\/\/tejidohistorico.afrodescendientes.com\/index.php\/wp-json\/wp\/v2\/media?parent=3045"}],"wp:term":[{"taxonomy":"category","embeddable":true,"href":"https:\/\/tejidohistorico.afrodescendientes.com\/index.php\/wp-json\/wp\/v2\/categories?post=3045"},{"taxonomy":"post_tag","embeddable":true,"href":"https:\/\/tejidohistorico.afrodescendientes.com\/index.php\/wp-json\/wp\/v2\/tags?post=3045"}],"curies":[{"name":"wp","href":"https:\/\/api.w.org\/{rel}","templated":true}]}}