{"id":306,"date":"2010-06-12T22:12:55","date_gmt":"2010-06-12T22:12:55","guid":{"rendered":"http:\/\/www2.nasaacin.org\/index.php\/2010\/06\/12\/recoleccion-de-firmas-por-la-libertad-de-los-12-presos-politicos-de-atenco\/"},"modified":"2010-06-12T22:12:55","modified_gmt":"2010-06-12T22:12:55","slug":"recoleccion-de-firmas-por-la-libertad-de-los-12-presos-politicos-de-atenco","status":"publish","type":"post","link":"https:\/\/tejidohistorico.afrodescendientes.com\/index.php\/2010\/06\/12\/recoleccion-de-firmas-por-la-libertad-de-los-12-presos-politicos-de-atenco\/","title":{"rendered":"Recolecci\u00f3n de firmas por la libertad de los 12 presos pol\u00edticos de Atenco"},"content":{"rendered":"<p style=\"text-align: justify;\">El Frente de Pueblos en Defensa de la Tierra re\u00fane a una serie de  pueblos y comunidades campesinas a las afueras de la Ciudad de M\u00e9xico,  entre ellas a San Salvador Atenco. En 2002 se gener\u00f3 un proceso de  resistencia campesina al proyecto de un nuevo aeropuerto que los  despojar\u00eda de sus tierras. Despu\u00e9s de un fuerte proceso de movilizaci\u00f3n  social, dicho proyecto fue cancelado. <br \/> <span class=\"resaltado\">Descargue el <\/span><a href=\"..\/apc-aa-files\/646f63756d656e746f732e2e2e2e2e2e\/RECOLECCION_DE_FIRMAS_POR_LA_LIBERTAD_DE_LOS_12_PRESOS_POLITICOS_DE_ATENCO__1_.doc\">documento <\/a><\/p>\n","protected":false},"excerpt":{"rendered":"<p>El Frente de Pueblos en Defensa de la Tierra re\u00fane a una serie de pueblos y comunidades campesinas a las afueras de la Ciudad de M\u00e9xico, entre ellas a San Salvador Atenco. [&hellip;]<\/p>\n","protected":false},"author":1,"featured_media":0,"comment_status":"open","ping_status":"open","sticky":false,"template":"","format":"standard","meta":[],"categories":[61],"tags":[],"_links":{"self":[{"href":"https:\/\/tejidohistorico.afrodescendientes.com\/index.php\/wp-json\/wp\/v2\/posts\/306"}],"collection":[{"href":"https:\/\/tejidohistorico.afrodescendientes.com\/index.php\/wp-json\/wp\/v2\/posts"}],"about":[{"href":"https:\/\/tejidohistorico.afrodescendientes.com\/index.php\/wp-json\/wp\/v2\/types\/post"}],"author":[{"embeddable":true,"href":"https:\/\/tejidohistorico.afrodescendientes.com\/index.php\/wp-json\/wp\/v2\/users\/1"}],"replies":[{"embeddable":true,"href":"https:\/\/tejidohistorico.afrodescendientes.com\/index.php\/wp-json\/wp\/v2\/comments?post=306"}],"version-history":[{"count":0,"href":"https:\/\/tejidohistorico.afrodescendientes.com\/index.php\/wp-json\/wp\/v2\/posts\/306\/revisions"}],"wp:attachment":[{"href":"https:\/\/tejidohistorico.afrodescendientes.com\/index.php\/wp-json\/wp\/v2\/media?parent=306"}],"wp:term":[{"taxonomy":"category","embeddable":true,"href":"https:\/\/tejidohistorico.afrodescendientes.com\/index.php\/wp-json\/wp\/v2\/categories?post=306"},{"taxonomy":"post_tag","embeddable":true,"href":"https:\/\/tejidohistorico.afrodescendientes.com\/index.php\/wp-json\/wp\/v2\/tags?post=306"}],"curies":[{"name":"wp","href":"https:\/\/api.w.org\/{rel}","templated":true}]}}