{"id":307,"date":"2010-06-12T22:14:19","date_gmt":"2010-06-12T22:14:19","guid":{"rendered":"http:\/\/www2.nasaacin.org\/index.php\/2010\/06\/12\/audiencia-publica-interetnica-y-social-en-el-cauca\/"},"modified":"2010-06-12T22:14:19","modified_gmt":"2010-06-12T22:14:19","slug":"audiencia-publica-interetnica-y-social-en-el-cauca","status":"publish","type":"post","link":"https:\/\/tejidohistorico.afrodescendientes.com\/index.php\/2010\/06\/12\/audiencia-publica-interetnica-y-social-en-el-cauca\/","title":{"rendered":"Audiencia p\u00fablica inter\u00e9tnica y social en el Cauca"},"content":{"rendered":"<div style=\"text-align: justify;\">En el Cauca, Valle y departamentos aleda\u00f1os se adelanta un plan de  intimidaci\u00f3n y exterminio sistem\u00e1tico f\u00edsico, territorial y  sociocultural dirigido a callar las voces de l\u00edderes y lideresas de  organizaciones sindicales, afros, campesinos, ind\u00edgenas, derechos  humanos y sociales, el cual viene siendo ejecutado por miembros de  grupos armados legal e ilegales (paramilitares, ej\u00e9rcito, polic\u00eda y  guerrilla) por el s\u00f3lo hecho de defender el territorio, denunciar los  atropellos y exigir el cumplimiento de nuestros derechos fundamentales  contemplados en la ley nacional e internacional.<\/div>\n<div style=\"text-align: justify;\"><span class=\"resaltado\">Descargue el <\/span><a href=\"..\/..\/apc-aa-files\/646f63756d656e746f732e2e2e2e2e2e\/Afiche_Audiencia_publica_interetnicafulll.jpg\">documento <\/a><\/div>\n","protected":false},"excerpt":{"rendered":"<p>En el Cauca, Valle y departamentos aleda\u00f1os se adelanta un plan de intimidaci\u00f3n y exterminio sistem\u00e1tico f\u00edsico, territorial y sociocultural dirigido a callar las voces de l\u00edderes y lideresas de organizaciones sindicales, [&hellip;]<\/p>\n","protected":false},"author":1,"featured_media":0,"comment_status":"open","ping_status":"open","sticky":false,"template":"","format":"standard","meta":[],"categories":[61],"tags":[],"_links":{"self":[{"href":"https:\/\/tejidohistorico.afrodescendientes.com\/index.php\/wp-json\/wp\/v2\/posts\/307"}],"collection":[{"href":"https:\/\/tejidohistorico.afrodescendientes.com\/index.php\/wp-json\/wp\/v2\/posts"}],"about":[{"href":"https:\/\/tejidohistorico.afrodescendientes.com\/index.php\/wp-json\/wp\/v2\/types\/post"}],"author":[{"embeddable":true,"href":"https:\/\/tejidohistorico.afrodescendientes.com\/index.php\/wp-json\/wp\/v2\/users\/1"}],"replies":[{"embeddable":true,"href":"https:\/\/tejidohistorico.afrodescendientes.com\/index.php\/wp-json\/wp\/v2\/comments?post=307"}],"version-history":[{"count":0,"href":"https:\/\/tejidohistorico.afrodescendientes.com\/index.php\/wp-json\/wp\/v2\/posts\/307\/revisions"}],"wp:attachment":[{"href":"https:\/\/tejidohistorico.afrodescendientes.com\/index.php\/wp-json\/wp\/v2\/media?parent=307"}],"wp:term":[{"taxonomy":"category","embeddable":true,"href":"https:\/\/tejidohistorico.afrodescendientes.com\/index.php\/wp-json\/wp\/v2\/categories?post=307"},{"taxonomy":"post_tag","embeddable":true,"href":"https:\/\/tejidohistorico.afrodescendientes.com\/index.php\/wp-json\/wp\/v2\/tags?post=307"}],"curies":[{"name":"wp","href":"https:\/\/api.w.org\/{rel}","templated":true}]}}