{"id":31,"date":"2010-05-29T16:28:57","date_gmt":"2010-05-29T16:28:57","guid":{"rendered":"http:\/\/www2.nasaacin.org\/index.php\/2010\/05\/29\/amenazas\/"},"modified":"2010-05-29T16:28:57","modified_gmt":"2010-05-29T16:28:57","slug":"amenazas","status":"publish","type":"post","link":"https:\/\/tejidohistorico.afrodescendientes.com\/index.php\/2010\/05\/29\/amenazas\/","title":{"rendered":"Se cumplieron las amenzas contra Alexander Quintero"},"content":{"rendered":"<p><strong>Alexander Quintero<\/strong> fue uno de los pocos l\u00edderes que  quedo despu\u00e9s de la masacre del Naya, fu\u00e9 una persona muy dedica al  proceso, denunci\u00f3 a los paramilitares en en las audiencias p\u00fablicas, no  recibi\u00f3 la atenci\u00f3n necesaria y la solidaridad por las amenazas  recibidas, fu\u00e9 padre de una ni\u00f1a y un ni\u00f1o. Escuchemos a Enrique  Fernandez:<\/p>\n<table style=\"height: 6px;\" border=\"0\" width=\"6\">\n<tbody>\n<tr>\n<td><embed width=\"100\" height=\"20\" src=\"http:\/\/www.nasaacin.org\/audios\/mp3player.swf\" allowfullscreen=\"true\" allowscriptaccess=\"always\" flashvars=\"&amp;file=http:\/\/www.nasaacin.org\/apc-aa-files\/9bfcb9b34b8952b88fdad1b6509bc504\/enrrique_fernandez___muerte_alex_quintero_24_05_2010.mp3&amp;height=20&amp;width100\"><\/embed><\/td>\n<\/tr>\n<\/tbody>\n<\/table>\n","protected":false},"excerpt":{"rendered":"<p>Alexander Quintero fue uno de los pocos l\u00edderes que quedo despu\u00e9s de la masacre del Naya, fu\u00e9 una persona muy dedica al proceso, denunci\u00f3 a los paramilitares en en las audiencias p\u00fablicas, [&hellip;]<\/p>\n","protected":false},"author":1,"featured_media":0,"comment_status":"open","ping_status":"open","sticky":false,"template":"","format":"standard","meta":[],"categories":[47],"tags":[],"_links":{"self":[{"href":"https:\/\/tejidohistorico.afrodescendientes.com\/index.php\/wp-json\/wp\/v2\/posts\/31"}],"collection":[{"href":"https:\/\/tejidohistorico.afrodescendientes.com\/index.php\/wp-json\/wp\/v2\/posts"}],"about":[{"href":"https:\/\/tejidohistorico.afrodescendientes.com\/index.php\/wp-json\/wp\/v2\/types\/post"}],"author":[{"embeddable":true,"href":"https:\/\/tejidohistorico.afrodescendientes.com\/index.php\/wp-json\/wp\/v2\/users\/1"}],"replies":[{"embeddable":true,"href":"https:\/\/tejidohistorico.afrodescendientes.com\/index.php\/wp-json\/wp\/v2\/comments?post=31"}],"version-history":[{"count":0,"href":"https:\/\/tejidohistorico.afrodescendientes.com\/index.php\/wp-json\/wp\/v2\/posts\/31\/revisions"}],"wp:attachment":[{"href":"https:\/\/tejidohistorico.afrodescendientes.com\/index.php\/wp-json\/wp\/v2\/media?parent=31"}],"wp:term":[{"taxonomy":"category","embeddable":true,"href":"https:\/\/tejidohistorico.afrodescendientes.com\/index.php\/wp-json\/wp\/v2\/categories?post=31"},{"taxonomy":"post_tag","embeddable":true,"href":"https:\/\/tejidohistorico.afrodescendientes.com\/index.php\/wp-json\/wp\/v2\/tags?post=31"}],"curies":[{"name":"wp","href":"https:\/\/api.w.org\/{rel}","templated":true}]}}