{"id":3148,"date":"2012-01-19T14:39:53","date_gmt":"2012-01-19T14:39:53","guid":{"rendered":"http:\/\/www2.nasaacin.org\/index.php\/2012\/01\/19\/dos-comuneros-indigenas-asesinados-en-caldas\/"},"modified":"2012-01-19T14:39:53","modified_gmt":"2012-01-19T14:39:53","slug":"dos-comuneros-indigenas-asesinados-en-caldas","status":"publish","type":"post","link":"https:\/\/tejidohistorico.afrodescendientes.com\/index.php\/2012\/01\/19\/dos-comuneros-indigenas-asesinados-en-caldas\/","title":{"rendered":"Dos Comuneros Ind\u00edgenas Asesinados en Caldas"},"content":{"rendered":"<p \/>La ONIC denuncia y condena este acto de agresi\u00f3n y vulneraci\u00f3n a la vida y los Derechos Humanos de nuestros pueblos.  <!--more-->  <br \/>La Autoridad Nacional de Gobierno Ind\u00edgena se solidariza con las comunidades del Cabildo Ind\u00edgena Nuestra Se\u00f1ora Candelaria de la Monta\u00f1a, en el municipio de Riosucio, Caldas, quienes hoy son v\u00edctimas de la violencia al ser ejecutados dos de sus comuneros, Herminson y Alexander de Jes\u00fas Morales Zamora, el pasado 15 de enero seg\u00fan informe de las autoridades tradicionales del resguardo. En el mismo sentido condenamos este acto de violencia y exigimos la garant\u00eda de nuestros derechos y nuestra integridad como seres humanos, como comunidades y como pueblos representantes de diversas culturas.<\/p>\n<p>La ONIC denuncia ante los diferentes organismos de Justicia y de Defensa de los Derechos Humanos, ante Organizaciones no gubernamentales, la sociedad civil y organismos internacionales los hechos ocurridos en nuestros territorios, en este caso del Pueblo Embera, uno de los m\u00e1s afectados por el conflicto armado y la situaci\u00f3n que vive nuestro pa\u00eds: Seg\u00fan las autoridades ind\u00edgenas de este cabildo el s\u00e1bado 14 de enero, fueron desaparecidos de la comunidad los comuneros Herminson y Alexander de Jes\u00fas Morales Zamora de 29 y 24 a\u00f1os respectivamente, quienes pertenec\u00edan a las comunidades Ubarb\u00e1 y el Reba\u00f1o del mencionado reguardo. Posteriormente el d\u00eda 16 sus familiares recibieron una boleta, donde les informaban del paradero de Herminson y Alexander. La comunidad se dirigi\u00f3 a la zona indicada, Cerro el Tigre, de la comunidad la Palma, donde hallaron los cuerpos sin vida en una fosa com\u00fan, con varios impactos de arma de fuego.<\/p>\n<p>La ONIC y el Cabildo Nuestra Se\u00f1ora Candelaria de la Monta\u00f1a, denuncian ante la opini\u00f3n publica estos hechos violentos contra nuestra poblaci\u00f3n ind\u00edgena y; la presencia de grupos armados al margen de la ley en las comunidades de este resguardo, los cuales asesinan y atemorizan a la poblaci\u00f3n ind\u00edgena.<\/p>\n<p>Hacemos un llamado a las instituciones del Estado y al gobierno nacional para que garanticen y protejan los Derechos Humanos, la vida e integridad de la poblaci\u00f3n ind\u00edgena.<\/p>\n<p><strong>CONSEJO MAYOR DE GOBIERNO IND\u00cdGENA &#8211; ONIC<\/strong><br \/>Cabildo Ind\u00edgena Nuestra Se\u00f1ora Candelaria de la Monta\u00f1a<br \/>Bogot\u00e1, 17 de enero de 2012<\/p>\n<p><a href=\"http:\/\/www.onic.org.co\/actualidad.shtml?x=37162\" target=\"_blank\" rel=\"noopener noreferrer\">http:\/\/www.onic.org.co\/actualidad.shtml?x=37162<\/a><\/p>\n","protected":false},"excerpt":{"rendered":"<p>La ONIC denuncia y condena este acto de agresi\u00f3n y vulneraci\u00f3n a la vida y los Derechos Humanos de nuestros pueblos.<\/p>\n","protected":false},"author":2,"featured_media":0,"comment_status":"open","ping_status":"open","sticky":false,"template":"","format":"standard","meta":[],"categories":[75],"tags":[],"_links":{"self":[{"href":"https:\/\/tejidohistorico.afrodescendientes.com\/index.php\/wp-json\/wp\/v2\/posts\/3148"}],"collection":[{"href":"https:\/\/tejidohistorico.afrodescendientes.com\/index.php\/wp-json\/wp\/v2\/posts"}],"about":[{"href":"https:\/\/tejidohistorico.afrodescendientes.com\/index.php\/wp-json\/wp\/v2\/types\/post"}],"author":[{"embeddable":true,"href":"https:\/\/tejidohistorico.afrodescendientes.com\/index.php\/wp-json\/wp\/v2\/users\/2"}],"replies":[{"embeddable":true,"href":"https:\/\/tejidohistorico.afrodescendientes.com\/index.php\/wp-json\/wp\/v2\/comments?post=3148"}],"version-history":[{"count":0,"href":"https:\/\/tejidohistorico.afrodescendientes.com\/index.php\/wp-json\/wp\/v2\/posts\/3148\/revisions"}],"wp:attachment":[{"href":"https:\/\/tejidohistorico.afrodescendientes.com\/index.php\/wp-json\/wp\/v2\/media?parent=3148"}],"wp:term":[{"taxonomy":"category","embeddable":true,"href":"https:\/\/tejidohistorico.afrodescendientes.com\/index.php\/wp-json\/wp\/v2\/categories?post=3148"},{"taxonomy":"post_tag","embeddable":true,"href":"https:\/\/tejidohistorico.afrodescendientes.com\/index.php\/wp-json\/wp\/v2\/tags?post=3148"}],"curies":[{"name":"wp","href":"https:\/\/api.w.org\/{rel}","templated":true}]}}