{"id":3189,"date":"2012-01-26T20:53:00","date_gmt":"2012-01-26T20:53:00","guid":{"rendered":"http:\/\/www2.nasaacin.org\/index.php\/2012\/01\/26\/resolucion-frente-al-control-territorial-de-jambalo\/"},"modified":"2012-01-26T20:53:00","modified_gmt":"2012-01-26T20:53:00","slug":"resolucion-frente-al-control-territorial-de-jambalo","status":"publish","type":"post","link":"https:\/\/tejidohistorico.afrodescendientes.com\/index.php\/2012\/01\/26\/resolucion-frente-al-control-territorial-de-jambalo\/","title":{"rendered":"Resoluci\u00f3n frente al Control Territorial de Jambal\u00f3"},"content":{"rendered":"<p>Asamblea permanente de movilizaci\u00f3n de los pueblos ind\u00edgenas, por la defensa de la vida, en el ejercicio de control territorial en el marco del gobierno propio. Resoluci\u00f3n realizada en la Asamblea 118 del Proyecto Global &#8211; Plan de Vida de Jambal\u00f3.<\/p>\n","protected":false},"excerpt":{"rendered":"<p>Asamblea permanente de movilizaci\u00f3n de los pueblos ind\u00edgenas, por la defensa de la vida, en el ejercicio de control territorial en el marco del gobierno propio. Resoluci\u00f3n realizada en la Asamblea 118 [&hellip;]<\/p>\n","protected":false},"author":2,"featured_media":0,"comment_status":"open","ping_status":"open","sticky":false,"template":"","format":"standard","meta":[],"categories":[61],"tags":[],"_links":{"self":[{"href":"https:\/\/tejidohistorico.afrodescendientes.com\/index.php\/wp-json\/wp\/v2\/posts\/3189"}],"collection":[{"href":"https:\/\/tejidohistorico.afrodescendientes.com\/index.php\/wp-json\/wp\/v2\/posts"}],"about":[{"href":"https:\/\/tejidohistorico.afrodescendientes.com\/index.php\/wp-json\/wp\/v2\/types\/post"}],"author":[{"embeddable":true,"href":"https:\/\/tejidohistorico.afrodescendientes.com\/index.php\/wp-json\/wp\/v2\/users\/2"}],"replies":[{"embeddable":true,"href":"https:\/\/tejidohistorico.afrodescendientes.com\/index.php\/wp-json\/wp\/v2\/comments?post=3189"}],"version-history":[{"count":0,"href":"https:\/\/tejidohistorico.afrodescendientes.com\/index.php\/wp-json\/wp\/v2\/posts\/3189\/revisions"}],"wp:attachment":[{"href":"https:\/\/tejidohistorico.afrodescendientes.com\/index.php\/wp-json\/wp\/v2\/media?parent=3189"}],"wp:term":[{"taxonomy":"category","embeddable":true,"href":"https:\/\/tejidohistorico.afrodescendientes.com\/index.php\/wp-json\/wp\/v2\/categories?post=3189"},{"taxonomy":"post_tag","embeddable":true,"href":"https:\/\/tejidohistorico.afrodescendientes.com\/index.php\/wp-json\/wp\/v2\/tags?post=3189"}],"curies":[{"name":"wp","href":"https:\/\/api.w.org\/{rel}","templated":true}]}}