{"id":322,"date":"2010-06-21T22:59:07","date_gmt":"2010-06-21T22:59:07","guid":{"rendered":"http:\/\/www2.nasaacin.org\/index.php\/2010\/06\/21\/se-agudiza-crisis-en-el-sector-salud-por-cierre-de-servicios-a-la-eps-caprecom\/"},"modified":"2010-06-21T22:59:07","modified_gmt":"2010-06-21T22:59:07","slug":"se-agudiza-crisis-en-el-sector-salud-por-cierre-de-servicios-a-la-eps-caprecom","status":"publish","type":"post","link":"https:\/\/tejidohistorico.afrodescendientes.com\/index.php\/2010\/06\/21\/se-agudiza-crisis-en-el-sector-salud-por-cierre-de-servicios-a-la-eps-caprecom\/","title":{"rendered":"Se agudiza crisis en el sector salud por cierre de servicios a la EPS CAPRECOM"},"content":{"rendered":"<p style=\"text-align: justify;\">Caprecom es una empresa industrial y comercial del Estado, que asumi\u00f3 la  afiliaci\u00f3n en Medell\u00edn de la poblaci\u00f3n del r\u00e9gimen subsidiado a la  salida de Comfenalco y Salud Vida desde el a\u00f1o 2009. Seg\u00fan la secretaria  de salud de Medell\u00edn al 30 de abril de 2009 Caprecom contaba con  418.120 personas activas con carn\u00e9, 533 personas activas sin carn\u00e9,  23.330 personas suspendidas que tienen carn\u00e9 y 3.922 personas  suspendidas sin carn\u00e9, para un total de 445.905 personas. Caprecom  cuenta entre sus afiliados con poblaci\u00f3n desplazada y adem\u00e1s asume el  aseguramiento de salud de la poblaci\u00f3n reclusa de Bellavista y Buen  Pastor.<br \/> <span class=\"resaltado\">Descargue el <\/span><a href=\"..\/apc-aa-files\/646f63756d656e746f732e2e2e2e2e2e\/caprecom.pdf\">documento <\/a><\/p>\n","protected":false},"excerpt":{"rendered":"<p>Caprecom es una empresa industrial y comercial del Estado, que asumi\u00f3 la afiliaci\u00f3n en Medell\u00edn de la poblaci\u00f3n del r\u00e9gimen subsidiado a la salida de Comfenalco y Salud Vida desde el a\u00f1o [&hellip;]<\/p>\n","protected":false},"author":1,"featured_media":0,"comment_status":"open","ping_status":"open","sticky":false,"template":"","format":"standard","meta":[],"categories":[61],"tags":[],"_links":{"self":[{"href":"https:\/\/tejidohistorico.afrodescendientes.com\/index.php\/wp-json\/wp\/v2\/posts\/322"}],"collection":[{"href":"https:\/\/tejidohistorico.afrodescendientes.com\/index.php\/wp-json\/wp\/v2\/posts"}],"about":[{"href":"https:\/\/tejidohistorico.afrodescendientes.com\/index.php\/wp-json\/wp\/v2\/types\/post"}],"author":[{"embeddable":true,"href":"https:\/\/tejidohistorico.afrodescendientes.com\/index.php\/wp-json\/wp\/v2\/users\/1"}],"replies":[{"embeddable":true,"href":"https:\/\/tejidohistorico.afrodescendientes.com\/index.php\/wp-json\/wp\/v2\/comments?post=322"}],"version-history":[{"count":0,"href":"https:\/\/tejidohistorico.afrodescendientes.com\/index.php\/wp-json\/wp\/v2\/posts\/322\/revisions"}],"wp:attachment":[{"href":"https:\/\/tejidohistorico.afrodescendientes.com\/index.php\/wp-json\/wp\/v2\/media?parent=322"}],"wp:term":[{"taxonomy":"category","embeddable":true,"href":"https:\/\/tejidohistorico.afrodescendientes.com\/index.php\/wp-json\/wp\/v2\/categories?post=322"},{"taxonomy":"post_tag","embeddable":true,"href":"https:\/\/tejidohistorico.afrodescendientes.com\/index.php\/wp-json\/wp\/v2\/tags?post=322"}],"curies":[{"name":"wp","href":"https:\/\/api.w.org\/{rel}","templated":true}]}}