{"id":3228,"date":"2012-02-01T17:28:26","date_gmt":"2012-02-01T17:28:26","guid":{"rendered":"http:\/\/www2.nasaacin.org\/index.php\/2012\/02\/01\/sucre-quema-de-vivienda-en-la-finca-la-europa\/"},"modified":"2012-02-01T17:28:26","modified_gmt":"2012-02-01T17:28:26","slug":"sucre-quema-de-vivienda-en-la-finca-la-europa","status":"publish","type":"post","link":"https:\/\/tejidohistorico.afrodescendientes.com\/index.php\/2012\/02\/01\/sucre-quema-de-vivienda-en-la-finca-la-europa\/","title":{"rendered":"S\u00facre: Quema de vivienda en la finca la Europa"},"content":{"rendered":"<p>\u00a0<\/p>\n<p>El Movimiento de V\u00edctimas de Cr\u00edmenes de Estado, MOVICE, Cap\u00edtulo Sucre en el marco de acompa\u00f1amiento a los campesinos y campesinas de la finca la Europa en su justa lucha por la defensa del territorio y la b\u00fasqueda de la Verdad, la Justicia, la Reparaci\u00f3n Integral y garant\u00edas de no repetici\u00f3n, denuncia ante la comunidad nacional e internacional los siguientes hechos.<\/p>\n<p>  <!--more-->  <\/p>\n<p>\u00a0<\/p>\n<p>\u00a0<\/p>\n<h2><strong>COMUNICADO PUBLICO: QUEMA DE VIVIENDA EN LA FINCA LA EUROPA DE OVEJAS<\/strong><\/h2>\n<p>\u00a0<\/p>\n<p>El Movimiento de V\u00edctimas de Cr\u00edmenes de Estado, MOVICE, Cap\u00edtulo Sucre en el marco de acompa\u00f1amiento a los campesinos y campesinas de la finca la Europa en su justa lucha por la defensa del territorio y la b\u00fasqueda de la Verdad, la Justicia, la Reparaci\u00f3n Integral y garant\u00edas de no repetici\u00f3n, denuncia ante la comunidad nacional e internacional los siguientes hechos.<\/p>\n<p>\u00a0<\/p>\n<p><strong>HECHOS<\/strong><\/p>\n<p>\u00a0<\/p>\n<p>El d\u00eda 30 de enero de 2011, aproximadamente a las 6:30 de la tarde fue quemada una vivienda ubicada en el sector de las Pe\u00f1itas de la finca la Europa en el municipio de Ovejas. Esta vivienda hab\u00eda sido construida por la comunidad para dar continuidad al proceso de retorno voluntario que hab\u00edan emprendido los y las campesinos y campesinas de la finca la Europa desde el 2008.<\/p>\n<p>\u00a0<\/p>\n<p><strong>ANTECEDENTES<\/strong><\/p>\n<p>\u00a0<\/p>\n<p>En el a\u00f1o de 1994 aparecen grupos armados al margen de la ley en la finca la Europa, generando una situaci\u00f3n dif\u00edcil para la integridad f\u00edsica y emocional de los socios del predio, ya que se dio el asesinato de 12 campesinos y el desplazamiento de 80 familias que habitaban el predio, quienes hoy tienen inter\u00e9s de retornar a sus predios. Dichos predios fueron entregados por el Gobierno del entonces Presidente de la Rep\u00fablica doctor CARLOS LLERAS RESTREPO en el a\u00f1o de 1969 mediante la escritura p\u00fablica N 991 en com\u00fan y proindiviso a un grupo de 113 familias del municipio de Ovejas, departamento de Sucre. En el momento de su desplazamiento el predio contaba con una infraestructura f\u00edsica muy buena que constaba de una escuela veredal llamada \u201cLa Europa\u201d, financiada por el programa de Desarrollo Rural DRI, dos pozos artesanos con la cual obten\u00edan agua para el consumo de las familias que habitaban el predio, una cancha deportiva y cultural que permit\u00eda la integraci\u00f3n de la comunidad, una tienda comunitaria y una planta picadora de yuca.<\/p>\n<p>\u00a0<\/p>\n<p>Desde hace un tiempo la comunidad de la Europa tiene las intenciones de retornar pero en este prop\u00f3sito se han presentado situaciones dif\u00edciles que atentan contra la integridad f\u00edsica de los campesinos.<\/p>\n<p>\u00a0<\/p>\n<p>El pasado 22 de noviembre de 2011, fueron destruidos los ranchos que los campesinos hab\u00eda construido en el proceso de retorno voluntario y defensa de su territorio.<\/p>\n<p>\u00a0<\/p>\n<p>En la \u00faltima reuni\u00f3n de seguimiento al caso de la finca la Europa realizada en Sincelejo con instituciones de Estado y del Gobierno, el se\u00f1or GABRIEL VELEZ JARAMILLO, representante de la empresa Arepas Don Juancho, se dirigi\u00f3 a los campesinos en actitud amenazante dici\u00e9ndoles que si ellos constru\u00edan casas en el predio \u00e9l se las destruir\u00eda.<\/p>\n<p>\u00a0<\/p>\n<p><strong>SOLICITUDES<\/strong><\/p>\n<p>\u00a0<\/p>\n<p>&#8211; Solicitamos de manera urgente al Gobierno se reactive la mesa de concertaci\u00f3n con la comunidad campesina de la finca la Europa.<\/p>\n<p>&#8211; Que se d\u00e9 cumplimiento a los acuerdos que se han dado entre el Estado y los campesinos y campesinas de la finca la Europa como resultado de la mesa de concertaci\u00f3n.<\/p>\n<p>&#8211; Que se investiguen y se sancionen los hechos ocurridos en la finca la Europa y denunciados ante las autoridades competentes por la comunidad.<\/p>\n<p>&#8211; A la Defensor\u00eda del Pueblo solicitamos su accionar pronto en la protecci\u00f3n de los derechos de la comunidad de la finca la Europa, para que no se vuelva a re victimizar a esta comunidad.<\/p>\n<p>&#8211; A la Procuradur\u00eda Regional, su intervenci\u00f3n en las irregularidades si las hay en el proceso de la finca la Europa, al igual que el seguimiento a este caso.<\/p>\n<p>&#8211; A las dos instituciones, que se cumplan con los autos emitidos por la honorable Corte Suprema de Justicia en lo relacionado con la poblaci\u00f3n desplazada y las v\u00edctimas del conflicto colombiano.<\/p>\n<p>&#8211; A la Comunidad Internacional, que sea vigilante frente a las recomendaciones emitidas por el Alto Comisionado de las Naciones Unidas frente a los derechos de las v\u00edctimas y de la poblaci\u00f3n desplazada en Colombia.<\/p>\n<p>\u00a0<\/p>\n<p><strong>MOVIMIENTO DE V\u00cdCTIMAS DE CR\u00cdMENES DE ESTADO<\/strong><\/p>\n<p>CAPITULO SUCRE<\/p>\n<p>&#8212;&#8212;&#8212;&#8212;&#8212;&#8212;&#8212;&#8212;&#8212;&#8212;&#8212;-<\/p>\n<p>\u00c1rea de Protecci\u00f3n &#8211; Equipo T\u00e9cnico<\/p>\n<p>Movimiento Nacional de V\u00edctimas de Cr\u00edmenes de Estado &#8211; MOVICE<\/p>\n<p>www.movimientodevictimas.org<\/p>\n<p>\u00a0<\/p>\n","protected":false},"excerpt":{"rendered":"<p>\u00a0 El Movimiento de V\u00edctimas de Cr\u00edmenes de Estado, MOVICE, Cap\u00edtulo Sucre en el marco de acompa\u00f1amiento a los campesinos y campesinas de la finca la Europa en su justa lucha por [&hellip;]<\/p>\n","protected":false},"author":2,"featured_media":0,"comment_status":"open","ping_status":"open","sticky":false,"template":"","format":"standard","meta":[],"categories":[75],"tags":[],"_links":{"self":[{"href":"https:\/\/tejidohistorico.afrodescendientes.com\/index.php\/wp-json\/wp\/v2\/posts\/3228"}],"collection":[{"href":"https:\/\/tejidohistorico.afrodescendientes.com\/index.php\/wp-json\/wp\/v2\/posts"}],"about":[{"href":"https:\/\/tejidohistorico.afrodescendientes.com\/index.php\/wp-json\/wp\/v2\/types\/post"}],"author":[{"embeddable":true,"href":"https:\/\/tejidohistorico.afrodescendientes.com\/index.php\/wp-json\/wp\/v2\/users\/2"}],"replies":[{"embeddable":true,"href":"https:\/\/tejidohistorico.afrodescendientes.com\/index.php\/wp-json\/wp\/v2\/comments?post=3228"}],"version-history":[{"count":0,"href":"https:\/\/tejidohistorico.afrodescendientes.com\/index.php\/wp-json\/wp\/v2\/posts\/3228\/revisions"}],"wp:attachment":[{"href":"https:\/\/tejidohistorico.afrodescendientes.com\/index.php\/wp-json\/wp\/v2\/media?parent=3228"}],"wp:term":[{"taxonomy":"category","embeddable":true,"href":"https:\/\/tejidohistorico.afrodescendientes.com\/index.php\/wp-json\/wp\/v2\/categories?post=3228"},{"taxonomy":"post_tag","embeddable":true,"href":"https:\/\/tejidohistorico.afrodescendientes.com\/index.php\/wp-json\/wp\/v2\/tags?post=3228"}],"curies":[{"name":"wp","href":"https:\/\/api.w.org\/{rel}","templated":true}]}}