{"id":3231,"date":"2012-02-02T13:55:48","date_gmt":"2012-02-02T13:55:48","guid":{"rendered":"http:\/\/www2.nasaacin.org\/index.php\/2012\/02\/02\/descaro-y-desfachatez-sin-limites\/"},"modified":"2012-02-02T13:55:48","modified_gmt":"2012-02-02T13:55:48","slug":"descaro-y-desfachatez-sin-limites","status":"publish","type":"post","link":"https:\/\/tejidohistorico.afrodescendientes.com\/index.php\/2012\/02\/02\/descaro-y-desfachatez-sin-limites\/","title":{"rendered":"Descaro y desfachatez sin l\u00edmites"},"content":{"rendered":"<p>La Comunidad de Paz de San Jos\u00e9 de Ap\u00e1rtad\u00f3 ha dejado muchas constancias sobre el accionar paramilitar en el territorio donde se ubican nuestros asentamientos. Son muchos tambi\u00e9n los derechos de petici\u00f3n dirigidos al Presidente de la Rep\u00fablica en el que se le pide actuar, de acuerdo a sus obligaciones constitucionales, para frenar la unidad de acci\u00f3n entre esos grupos criminales y los agentes del Estado.<\/p>\n<p>  <!--more-->  <\/p>\n<p>Cuando el \u201cparo armado\u201d de hace pocos d\u00edas, el Gobierno se rasg\u00f3 las vestiduras tratando de ocultar todo el apoyo que les ha brindado. Su presencia es permanente y la cantidad de hombres no les permite ocultarse. Es el apoyo y la impunidad con que el Estado los cubre, lo que constituye su verdadera fortaleza.<\/p>\n<p>Por nuestra parte, continuamos dejamos constancia ante el pa\u00eds y el mundo de sus cr\u00edmenes:<\/p>\n<p>Desde el martes 24 al viernes 27 de enero de 2012, los paramilitares hicieron presencia nuevamente en las veredas La Esperanza y El Porvenir. Desde all\u00ed organizaron patrullajes en los alrededores, colocando retenes en los caminos. A los campesinos que requisan, les dicen que los tienen que apoyar, pues van a asesinar a los que no est\u00e9n con ellos y que a esa h.p. Comunidad de Paz la van a exterminar. Tambi\u00e9n anuncian que se van a llevar el ganado de los campesinos, el cual ya no les pertenece.<\/p>\n<p>El s\u00e1bado 28 de enero de 2012, hacia las 11:00 horas, los paramilitares hicieron disparos en la vereda El Porvenir. Todo el c\u00famulo de amenazas que han proferido all\u00ed, ha forzado a seis familias de dicha vereda a desplazarse. Otras familias est\u00e1n preparando su desplazamiento: nuevos cr\u00edmenes de guerra del Estado.<\/p>\n<p> El mismo s\u00e1bado 28 de enero de 2012, tropas del Ej\u00e9rcito ingresaron a la vereda Mulatos, de la Comunidad de Paz, donde profirieron, como de costumbre, nuevas amenazas contra la Comunidad de Paz y anuncios de su exterminio. A menos de una hora de distancia, Ej\u00e9rcito y paramilitares se complementan en acciones de terror similares, pero los militares dicen que \u201cno ven\u201d a los paramilitares.<\/p>\n<p> Continuamos, pues, bajo el terror y la zozobra, pero nada nos hace retroceder en nuestro empe\u00f1o por un mundo alternativo y solidario. Renunciar a ello ser\u00eda hipotecar nuestros ideales a los criminales. Nuevamente agradecemos la solidaridad de tanta gente que comparte esta b\u00fasqueda y rechaza estas infamias.<\/p>\n<p><strong> Comunidad de Paz de San Jos\u00e9 de Apartad\u00f3<br \/><\/strong><br \/>Febrero 2 de 2012<\/p>\n<p>\u00a0<\/p>\n","protected":false},"excerpt":{"rendered":"<p>La Comunidad de Paz de San Jos\u00e9 de Ap\u00e1rtad\u00f3 ha dejado muchas constancias sobre el accionar paramilitar en el territorio donde se ubican nuestros asentamientos. Son muchos tambi\u00e9n los derechos de petici\u00f3n [&hellip;]<\/p>\n","protected":false},"author":1,"featured_media":0,"comment_status":"open","ping_status":"open","sticky":false,"template":"","format":"standard","meta":[],"categories":[75],"tags":[],"_links":{"self":[{"href":"https:\/\/tejidohistorico.afrodescendientes.com\/index.php\/wp-json\/wp\/v2\/posts\/3231"}],"collection":[{"href":"https:\/\/tejidohistorico.afrodescendientes.com\/index.php\/wp-json\/wp\/v2\/posts"}],"about":[{"href":"https:\/\/tejidohistorico.afrodescendientes.com\/index.php\/wp-json\/wp\/v2\/types\/post"}],"author":[{"embeddable":true,"href":"https:\/\/tejidohistorico.afrodescendientes.com\/index.php\/wp-json\/wp\/v2\/users\/1"}],"replies":[{"embeddable":true,"href":"https:\/\/tejidohistorico.afrodescendientes.com\/index.php\/wp-json\/wp\/v2\/comments?post=3231"}],"version-history":[{"count":0,"href":"https:\/\/tejidohistorico.afrodescendientes.com\/index.php\/wp-json\/wp\/v2\/posts\/3231\/revisions"}],"wp:attachment":[{"href":"https:\/\/tejidohistorico.afrodescendientes.com\/index.php\/wp-json\/wp\/v2\/media?parent=3231"}],"wp:term":[{"taxonomy":"category","embeddable":true,"href":"https:\/\/tejidohistorico.afrodescendientes.com\/index.php\/wp-json\/wp\/v2\/categories?post=3231"},{"taxonomy":"post_tag","embeddable":true,"href":"https:\/\/tejidohistorico.afrodescendientes.com\/index.php\/wp-json\/wp\/v2\/tags?post=3231"}],"curies":[{"name":"wp","href":"https:\/\/api.w.org\/{rel}","templated":true}]}}