{"id":3234,"date":"2012-02-02T22:09:27","date_gmt":"2012-02-02T22:09:27","guid":{"rendered":"http:\/\/www2.nasaacin.org\/index.php\/2012\/02\/02\/exigimos-respeto-a-la-independencia-judicial\/"},"modified":"2012-02-02T22:09:27","modified_gmt":"2012-02-02T22:09:27","slug":"exigimos-respeto-a-la-independencia-judicial","status":"publish","type":"post","link":"https:\/\/tejidohistorico.afrodescendientes.com\/index.php\/2012\/02\/02\/exigimos-respeto-a-la-independencia-judicial\/","title":{"rendered":"Exigimos respeto a la independencia judicial"},"content":{"rendered":"<p>3 de febrero 2012: Plant\u00f3n, perd\u00f3n para las v\u00edctimas, no para los victimarios: Tribunal superior de Bogot\u00e1, Av La Esperanza No 53 &#8211; 28. Hora: 11: 30 a.m. &#8211; 1:00 p.m..<\/p>\n<p>  <!--more-->  <\/p>\n<p>\u00a0<\/p>\n<\/p>\n<p>\u00a0<\/p>\n","protected":false},"excerpt":{"rendered":"<p>3 de febrero 2012: Plant\u00f3n, perd\u00f3n para las v\u00edctimas, no para los victimarios: Tribunal superior de Bogot\u00e1, Av La Esperanza No 53 &#8211; 28. Hora: 11: 30 a.m. &#8211; 1:00 p.m..<\/p>\n","protected":false},"author":2,"featured_media":0,"comment_status":"open","ping_status":"open","sticky":false,"template":"","format":"standard","meta":[],"categories":[75],"tags":[],"_links":{"self":[{"href":"https:\/\/tejidohistorico.afrodescendientes.com\/index.php\/wp-json\/wp\/v2\/posts\/3234"}],"collection":[{"href":"https:\/\/tejidohistorico.afrodescendientes.com\/index.php\/wp-json\/wp\/v2\/posts"}],"about":[{"href":"https:\/\/tejidohistorico.afrodescendientes.com\/index.php\/wp-json\/wp\/v2\/types\/post"}],"author":[{"embeddable":true,"href":"https:\/\/tejidohistorico.afrodescendientes.com\/index.php\/wp-json\/wp\/v2\/users\/2"}],"replies":[{"embeddable":true,"href":"https:\/\/tejidohistorico.afrodescendientes.com\/index.php\/wp-json\/wp\/v2\/comments?post=3234"}],"version-history":[{"count":0,"href":"https:\/\/tejidohistorico.afrodescendientes.com\/index.php\/wp-json\/wp\/v2\/posts\/3234\/revisions"}],"wp:attachment":[{"href":"https:\/\/tejidohistorico.afrodescendientes.com\/index.php\/wp-json\/wp\/v2\/media?parent=3234"}],"wp:term":[{"taxonomy":"category","embeddable":true,"href":"https:\/\/tejidohistorico.afrodescendientes.com\/index.php\/wp-json\/wp\/v2\/categories?post=3234"},{"taxonomy":"post_tag","embeddable":true,"href":"https:\/\/tejidohistorico.afrodescendientes.com\/index.php\/wp-json\/wp\/v2\/tags?post=3234"}],"curies":[{"name":"wp","href":"https:\/\/api.w.org\/{rel}","templated":true}]}}