{"id":3250,"date":"2012-02-05T17:33:31","date_gmt":"2012-02-05T17:33:31","guid":{"rendered":"http:\/\/www2.nasaacin.org\/index.php\/2012\/02\/05\/qencuentro-internacional-de-derechos-humanos-en-solidaridad-con-hondurasq\/"},"modified":"2012-02-05T17:33:31","modified_gmt":"2012-02-05T17:33:31","slug":"qencuentro-internacional-de-derechos-humanos-en-solidaridad-con-hondurasq","status":"publish","type":"post","link":"https:\/\/tejidohistorico.afrodescendientes.com\/index.php\/2012\/02\/05\/qencuentro-internacional-de-derechos-humanos-en-solidaridad-con-hondurasq\/","title":{"rendered":"&#8220;Encuentro Internacional de Derechos Humanos en Solidaridad con Honduras&#8221;"},"content":{"rendered":"<p>Con la motivaci\u00f3n m\u00e1s profunda afincada en la esperanza y fuerza de la lucha en Honduras repetimos este llamado. La informaci\u00f3n est\u00e1 disponible en el blog con todas las condiciones sobre la log\u00edstica, mapa, transporte, contactos y dem\u00e1s.<\/p>\n<p>  <!--more-->  <\/p>\n<p>\u00a0<\/p>\n<p>\u00a0<\/p>\n<p>\u00a0<\/p>\n<h3 style=\"color: #222222; font-family: arial, sans-serif; line-height: normal; background-color: rgba(255, 255, 255, 0.917969);\"><a href=\"http:\/\/mioaguan.blogspot.com\/2012\/02\/atencion-todas-y-todos-los-activistas.html\" target=\"_blank\" style=\"color: #1155cc;\" rel=\"noopener noreferrer\">ATENCI\u00d3N A TODAS Y TODOS LOS ACTIVISTAS DEL MUNDO, PRENSA, ARTISTAS Y EL GENT\u00cdAL DE GENTE\u2026<\/a><\/h3>\n<p><strong style=\"color: #222222; font-family: arial, sans-serif; font-size: 13px; line-height: normal; background-color: rgba(255, 255, 255, 0.917969);\"><span style=\"font-size: 12pt;\" lang=\"ES-HN\"> <\/span><\/strong><\/p>\n<p style=\"color: #222222; font-family: arial, sans-serif; font-size: 13px; line-height: normal; background-color: rgba(255, 255, 255, 0.917969); text-align: center;\" align=\"center\"><strong><span style=\"font-size: 12pt;\" lang=\"ES-HN\">YA ES FEBRERO\u2026 FLORECEN LOS MACUELIZOS Y POROPOROS Y SE ACERCA EL ENCUENTRO INTERNACIONAL DE\u00a0 DERECHOS HUMANOS EN SOLIDARIDAD CON HONDURAS<\/span><\/strong><\/p>\n<p style=\"color: #222222; font-family: arial, sans-serif; font-size: 13px; line-height: normal; background-color: rgba(255, 255, 255, 0.917969); text-align: center;\" align=\"center\"><strong><span style=\"font-size: 12pt;\" lang=\"ES-HN\">DEL 17 AL 20 DE FEBRERO EN EL BAJO AGU\u00c1N\u2026<\/span><\/strong><\/p>\n<p style=\"color: #222222; font-family: arial, sans-serif; font-size: 13px; line-height: normal; background-color: rgba(255, 255, 255, 0.917969); text-align: center;\" align=\"center\"><strong><span style=\"font-size: 14pt;\" lang=\"ES-HN\"> <\/span><\/strong><\/p>\n<p class=\"MsoNormal\" style=\"color: #222222; font-family: arial, sans-serif; font-size: 13px; line-height: normal; background-color: rgba(255, 255, 255, 0.917969); text-align: center; margin: 0px;\" align=\"center\"><strong><span style=\"font-size: 14pt; line-height: 21px;\">\u2026 A INSCRIBIRSE<\/span><\/strong><\/p>\n<p class=\"MsoNormal\" style=\"color: #222222; font-family: arial, sans-serif; font-size: 13px; line-height: normal; background-color: rgba(255, 255, 255, 0.917969); text-align: center; margin: 0px;\" align=\"center\"><strong><span style=\"font-size: 14pt; line-height: 21px;\"><br \/><\/span><\/strong><\/p>\n<p class=\"MsoNormal\" style=\"color: #222222; font-family: arial, sans-serif; font-size: 13px; line-height: normal; background-color: rgba(255, 255, 255, 0.917969); text-align: center; margin: 0px;\" align=\"center\"><a href=\"http:\/\/www.mioaguan.blogspot.com\/\" target=\"_blank\" style=\"color: #1155cc;\" rel=\"noopener noreferrer\"><strong><span style=\"font-size: 12pt; line-height: 18px;\">www.mioaguan.blogspot.com<\/span><\/strong><\/a><strong><span style=\"font-size: 12pt; line-height: 18px;\"> <\/span><\/strong><\/p>\n<p class=\"MsoNormal\" style=\"color: #222222; font-family: arial, sans-serif; font-size: 13px; line-height: normal; background-color: rgba(255, 255, 255, 0.917969); margin: 0px;\"><strong><span style=\"font-size: 12pt; line-height: 18px;\"> <\/span><\/strong><\/p>\n<p>\u00a0<\/p>\n<p>\u00a0<\/p>\n<p><strong>COMPA\u00d1ERAS Y COMPA\u00d1EROS:<\/strong><\/p>\n<p>\u00a0<\/p>\n<p>Con la motivaci\u00f3n m\u00e1s profunda afincada en la esperanza y fuerza de la lucha en Honduras repetimos este llamado. La informaci\u00f3n est\u00e1 disponible en el blog con todas las condiciones sobre la log\u00edstica, mapa, transporte, contactos y dem\u00e1s. Cualquier informaci\u00f3n extra que necesiten pueden escribirnos al correo que ah\u00ed se encuentra, les pedimos que en principio lean el blog.<\/p>\n<p>En este Encuentro internacional nos proponemos:<\/p>\n<p>\u00a7 Hacer evidente la continuidad del Golpe de Estado en Honduras y su expresi\u00f3n en todo el aparato institucional responsable de la impunidad y la agudizaci\u00f3n de la violencia estatal.<\/p>\n<p>\u00a0<\/p>\n<p>\u00a7 Fortalecer los v\u00ednculos solidarios y de hermandad entre luchas y pueblos del mundo, a partir de la acci\u00f3n com\u00fan frente a la grave situaci\u00f3n de violaci\u00f3n de derechos humanos en Honduras.<\/p>\n<p>\u00a0<\/p>\n<p>\u00a7 Visibilizar y denunciar la situaci\u00f3n de violaci\u00f3n de derechos humanos en Honduras y especialmente en el Bajo Agu\u00e1n<\/p>\n<p>\u00a0<\/p>\n<p>\u00a7 Entender la vinculaci\u00f3n entre la militarizaci\u00f3n, la transnacionalizaci\u00f3n, la lucha por la tierra y la violaci\u00f3n de derechos humanos en la regi\u00f3n y el pa\u00eds<\/p>\n<p>\u00a0<\/p>\n<p>Previo y posterior al Encuentro, y en el marco de esta convocatoria, se realizar\u00e1n Brigadas Nacionales e Internacionales de Solidaridad, en las comunidades y asentamientos que viven las condiciones m\u00e1s graves. Estas BRIGADAS DE SOLIDARIDAD se establecen a partir de la convicci\u00f3n de que la creatividad, el afecto activo y la colectividad vital, tienen la potencia de desmontar la cultura de la violencia que sostiene la l\u00f3gica militar. Cumplir\u00e1n tareas en el marco de la prevenci\u00f3n y protecci\u00f3n de los derechos humanos para los asentamientos de las diversas organizaciones campesinas sometidas a procesos de represi\u00f3n y exterminio. Las brigadas de solidaridad permanecer\u00e1n por espacios de tiempo definidos entre las personas delegadas y el Observatorio.<\/p>\n<p>\u00a0<\/p>\n<p>Les recordamos que la llegada a Tocoa, ciudad principal del Bajo Aguan, es el d\u00eda 17, los d\u00edas plenos de trabajo son el 18 y 19 y el 20 la salida. Para quienes contin\u00faan en las Brigadas de Solidaridad \u00e9stas ser\u00e1n coordinadas con el Observatorio.<\/p>\n<p>\u00a0<\/p>\n<p><strong>NOS URGE:<\/strong><\/p>\n<p>\u00a0<\/p>\n<p>Que se inscriban y manden su ficha de inscripci\u00f3n al blog \u00a0\u00a1\u00a1urgentemente\u00a1\u00a1\u00a1<\/p>\n<p>Que nos avisen cuando llegan, por qu\u00e9 medio, hora y lugar. Sugerimos que su llegada sea a San Pedro Sula el d\u00eda 16.<\/p>\n<p>Que se informen si necesitan alg\u00fan tipo de vacuna para entrar al pa\u00eds (fiebre amarilla), para evitar problemas migratorios<\/p>\n<p>La gente de prensa tiene que traer una fotograf\u00eda tama\u00f1o carnet para su acreditaci\u00f3n<\/p>\n<p>Quienes necesiten reservar hoteles, escojan seg\u00fan su capacidad financiera y manden su elecci\u00f3n as\u00ed la comisi\u00f3n de hospedaje les reserva<\/p>\n<p>Les recordamos que la comisi\u00f3n organizadora formada sobre todo por movimientos sociales, comunidades y asentamientos campesinos se est\u00e1 fajando con el encuentro con muy pocos recursos, si pueden aportar financieramente ser\u00eda una gran ayuda. Sin embargo, pueden estar seguras y seguros que tendr\u00e1n donde dormir y comer, en condiciones bastante modestas y por supuesto colectivas, pueden traer sus propios recursos para estos casos, viene bien si traen su plato, taza, cuchara para no generar m\u00e1s basura, hamaca o similar, recuerden que es una zona caliente.<\/p>\n<p>\u00a0<\/p>\n<p>La zona de desarrollo del encuentro es un lugar de hist\u00f3ricas luchas por la tierra y de enorme represi\u00f3n en este momento, atender las medidas de seguridad y cuidado es muy, pero muy importante. El pa\u00eds tiene fama de ser el m\u00e1s inseguro de la galaxia, pero lo que no dicen y ustedes vivir\u00e1n de primera mano es la gran cordialidad, solidaridad y fuerza que tienen las campesinas, campesinos del Agu\u00e1n y miles de personas que resistimos a las opresiones en esta tierra, quienes seremos sus anfitrionas y anfitriones.<\/p>\n<p>\u00a0<\/p>\n<p><strong>Con solidaridad y en rebeld\u00eda<\/strong><\/p>\n<p>\u00a0<\/p>\n<p>Observatorio Permanente de Derechos Humanos en el Agu\u00e1n<\/p>\n<p>Consejo C\u00edvico de Organizaciones Populares e Ind\u00edgenas de Honduras COPINH<\/p>\n<p>Organizaci\u00f3n Fraternal Negra de Honduras OFRANEH<\/p>\n<p>Insurrectas Aut\u00f3nomas<\/p>\n<p>Espacio Refundacional<\/p>\n<p>Coordinadora de Organizaciones Populares del Aguan COPA<\/p>\n<p>Frente Nacional de Resistencia Popular \u2013 FNRP &#8211; Col\u00f3n<\/p>\n<p>Movimiento Campesino del Aguan &#8211; MCA<\/p>\n<p>Movimiento Unificado Campesino del Aguan \u2013 Margen Izquierda MUCA \u2013MI<\/p>\n<p>Movimiento Unificado Campesino del Aguan \u2013 Margen Derecha MUCA-MD<\/p>\n<p>Movimiento Campesino de Rigores<\/p>\n<p>Movimiento Campesino Orica<\/p>\n<p>Movimiento Mara\u00f1ones<\/p>\n<p>Cooperativa Buenos Aires<\/p>\n<p>Movimiento Campesino de Vallecito<\/p>\n<p>Movimiento Aut\u00e9ntico Reivindicador de Campesinos del Aguan MARCA<\/p>\n<p>Fundacion Popol Nah Tum<\/p>\n<p>Equipo de Educaci\u00f3n Popular Pa\u00f1uelos en Rebeld\u00eda &#8211; Am\u00e9rica Latina.<\/p>\n<p>Colectivo Italia Centro Am\u00e9rica<\/p>\n<p>Rights Action<\/p>\n<p>Convergencia de Movimientos de los Pueblos de las Americas COMPA<\/p>\n<p>Comit\u00e9 de Familiares de Detenidos Desaparecidos en Honduras COFADEH<\/p>\n<p>Fundaci\u00f3n San Alonso Rodr\u00edguez<\/p>\n<p>Jubileo Sur\/Am\u00e9ricas<\/p>\n<p>Equipo de Reflexi\u00f3n, Investigaci\u00f3n y Comunicaci\u00f3n \u2013 Compa\u00f1\u00eda de Jesus ERIC-SJ<\/p>\n<p>Movimiento por la Paz, la Soberan\u00eda y la Solidaridad entre los Pueblos-Mopassol Argentina<\/p>\n<p>Revuelta Verde\/Marea Creciente-M\u00e9xico<\/p>\n<p>Coalicion de Las Tendencias Clasistas-Venezuela<\/p>\n<p>PAPDA-Hait\u00ed<\/p>\n<p>Unidad Ecologica Salvadore\u00f1a UNES<\/p>\n<p>Movimiento Social Nicarag\u00fcense &#8220;Otro Mundo es Posible&#8221;<\/p>\n<p>Corporaci\u00f3n Mujeres y Econom\u00eda<\/p>\n<p>Marcha Mundial de Mujeres-Colombia<\/p>\n<p>Juventudes por la Refundaci\u00f3n de Honduras<\/p>\n<p>Red de Acci\u00f3n Ciudadana frente al Libre Comercio e Inversi\u00f3n Sinti Techan-El Savador<\/p>\n<p>Jubileu Sul-PACS-Brasil<\/p>\n<p>Otros Mundos AC\/Chiapas, M\u00e9xico<\/p>\n<p>OtherWorlds<\/p>\n<p>Campa\u00f1a Fuera Bases Militares Extranjeras de Am\u00e9rica Latina y el Caribe, Somos Un Territorio de Paz<\/p>\n<p>Grito de los Excluidos\/as Continental<\/p>\n<div>\n<p class=\"MsoNormal\" style=\"color: #222222; font-family: arial, sans-serif; font-size: 13px; line-height: normal; background-color: rgba(255, 255, 255, 0.917969); margin: 0px;\"><strong><span style=\"font-size: 14pt; line-height: 21px;\">Para m\u00e1s informaci\u00f3n:<\/span><\/strong><\/p>\n<p class=\"MsoNormal\" style=\"color: #222222; font-family: arial, sans-serif; font-size: 13px; line-height: normal; background-color: rgba(255, 255, 255, 0.917969); margin: 0px;\"><span style=\"font-size: 12pt; line-height: 18px;\">Pueden comunicarse, al correo electr\u00f3nico: <\/span><a href=\"mailto:mioaguan2012@gmail.com\" target=\"_blank\" style=\"color: #1155cc;\" rel=\"noopener noreferrer\"><span style=\"font-size: 12pt; line-height: 18px;\">mioaguan2012@gmail.com<\/span><\/a><span style=\"font-size: 12pt; line-height: 18px;\"> <\/span><\/p>\n<p class=\"MsoNormal\" style=\"color: #222222; font-family: arial, sans-serif; font-size: 13px; line-height: normal; background-color: rgba(255, 255, 255, 0.917969); margin: 0px;\"><span style=\"font-size: 12pt; line-height: 18px;\">y seguir el blog: <\/span><a href=\"http:\/\/mioaguan.blogspot.com\/\" target=\"_blank\" style=\"color: #1155cc;\" rel=\"noopener noreferrer\">http:\/\/mioaguan.blogspot.com\/<\/a><span style=\"font-size: 12pt; line-height: 18px;\"> <\/span><\/p>\n<p class=\"MsoNormal\" style=\"color: #222222; font-family: arial, sans-serif; font-size: 13px; line-height: normal; background-color: rgba(255, 255, 255, 0.917969); margin: 0px;\"><span style=\"font-size: 12pt; line-height: 18px;\">Para las Brigadas de Solidaridad contactarse directamente a:<\/span><\/p>\n<p class=\"MsoNormal\" style=\"color: #222222; font-family: arial, sans-serif; font-size: 13px; line-height: normal; background-color: rgba(255, 255, 255, 0.917969); margin: 0px;\"><span style=\"font-size: 12pt; line-height: 18px;\">Brigadas Aguan\u00a0<a href=\"http:\/\/mioaguan.blogspot.com\/brigada.solidaridad.aguan@gmail.com\" target=\"_blank\" style=\"color: #1155cc;\" rel=\"noopener noreferrer\">brigada.solidaridad.aguan@gmail.com<\/a><\/span><\/p>\n<\/p><\/div>\n<p>\u00a0<\/p>\n","protected":false},"excerpt":{"rendered":"<p>Con la motivaci\u00f3n m\u00e1s profunda afincada en la esperanza y fuerza de la lucha en Honduras repetimos este llamado. La informaci\u00f3n est\u00e1 disponible en el blog con todas las condiciones sobre la [&hellip;]<\/p>\n","protected":false},"author":2,"featured_media":0,"comment_status":"open","ping_status":"open","sticky":false,"template":"","format":"standard","meta":[],"categories":[3],"tags":[],"_links":{"self":[{"href":"https:\/\/tejidohistorico.afrodescendientes.com\/index.php\/wp-json\/wp\/v2\/posts\/3250"}],"collection":[{"href":"https:\/\/tejidohistorico.afrodescendientes.com\/index.php\/wp-json\/wp\/v2\/posts"}],"about":[{"href":"https:\/\/tejidohistorico.afrodescendientes.com\/index.php\/wp-json\/wp\/v2\/types\/post"}],"author":[{"embeddable":true,"href":"https:\/\/tejidohistorico.afrodescendientes.com\/index.php\/wp-json\/wp\/v2\/users\/2"}],"replies":[{"embeddable":true,"href":"https:\/\/tejidohistorico.afrodescendientes.com\/index.php\/wp-json\/wp\/v2\/comments?post=3250"}],"version-history":[{"count":0,"href":"https:\/\/tejidohistorico.afrodescendientes.com\/index.php\/wp-json\/wp\/v2\/posts\/3250\/revisions"}],"wp:attachment":[{"href":"https:\/\/tejidohistorico.afrodescendientes.com\/index.php\/wp-json\/wp\/v2\/media?parent=3250"}],"wp:term":[{"taxonomy":"category","embeddable":true,"href":"https:\/\/tejidohistorico.afrodescendientes.com\/index.php\/wp-json\/wp\/v2\/categories?post=3250"},{"taxonomy":"post_tag","embeddable":true,"href":"https:\/\/tejidohistorico.afrodescendientes.com\/index.php\/wp-json\/wp\/v2\/tags?post=3250"}],"curies":[{"name":"wp","href":"https:\/\/api.w.org\/{rel}","templated":true}]}}