{"id":3277,"date":"2012-02-08T06:19:46","date_gmt":"2012-02-08T06:19:46","guid":{"rendered":"http:\/\/www2.nasaacin.org\/index.php\/2012\/02\/08\/cauca-qasamblea-permante-para-sentirnos-unidos-y-fuertesq\/"},"modified":"2012-02-08T06:19:46","modified_gmt":"2012-02-08T06:19:46","slug":"cauca-qasamblea-permante-para-sentirnos-unidos-y-fuertesq","status":"publish","type":"post","link":"https:\/\/tejidohistorico.afrodescendientes.com\/index.php\/2012\/02\/08\/cauca-qasamblea-permante-para-sentirnos-unidos-y-fuertesq\/","title":{"rendered":"Cauca: &#8220;Asamblea Permante para sentirnos unidos y fuertes&#8221;"},"content":{"rendered":"<p>De acuerdo a la resoluci\u00f3n No\u00a0 005, del\u00a0 d\u00eda 2 de febrero del 2012, se ratificaron en asamblea los sitios de control en el Resguardo de Jambal\u00f3, los Kiwe Tegnas \u2013 Guardias Ind\u00edgenas se encuentran en las veredas: el Trapiche, Loma Gruesa, Ullucos Picacho, Loma Gorda y Solapa. En estos lugares la comunidad se va a rotar para cuidar el territorio.<\/p>\n<p>  <!--more-->  <\/p>\n<p>\u00a0<\/p>\n<\/p>\n<p>Mientras se cuida el territorio de Jambal\u00f3, los Kiwe Tegnas \u2013 Guardias Ind\u00edgenas, entre ellos ni\u00f1os, mujeres, j\u00f3venes y mayores, se acompa\u00f1an, se comparten vivencias al calor del fog\u00f3n y se ofrece algo de comer, \u201ctodos ayudan en algo\u201d.<\/p>\n<p><img loading=\"lazy\" class=\" size-full wp-image-3269\" src=\"http:\/\/www2.nasaacin.org\/wp-content\/uploads\/2012\/02\/asamper2.jpg\" border=\"0\" width=\"500\" height=\"375\" srcset=\"https:\/\/tejidohistorico.afrodescendientes.com\/wp-content\/uploads\/2012\/02\/asamper2.jpg 500w, https:\/\/tejidohistorico.afrodescendientes.com\/wp-content\/uploads\/2012\/02\/asamper2-300x225.jpg 300w\" sizes=\"(max-width: 500px) 100vw, 500px\" \/><\/p>\n<p>Para llegar a la vereda La Mina, zona media de Jambal\u00f3, la carretera estaba en mal estado pero mientras unos estaban en el control territorial otros estaban arreglando la v\u00eda, con palas y algunas maquinarias, todo esto para que puedan llegar al sitio de la Asamblea Permanente.<\/p>\n<p><img loading=\"lazy\" class=\" size-full wp-image-3270\" src=\"http:\/\/www2.nasaacin.org\/wp-content\/uploads\/2012\/02\/asamper3.jpg\" border=\"0\" width=\"500\" height=\"375\" srcset=\"https:\/\/tejidohistorico.afrodescendientes.com\/wp-content\/uploads\/2012\/02\/asamper3.jpg 500w, https:\/\/tejidohistorico.afrodescendientes.com\/wp-content\/uploads\/2012\/02\/asamper3-300x225.jpg 300w\" sizes=\"(max-width: 500px) 100vw, 500px\" \/><\/p>\n<p>La Asamblea Permanente*: es la reuni\u00f3n de la comunidad en momentos de emergencia por situaciones provocadas por el conflicto armado (*Resistencia Ind\u00edgena Comunitaria &#8211; 2002). La comunidad ha escuchado diferentes exposiciones sobre contexto y tambi\u00e9n ha hablado de su realidad esto se ha hecho por medio del trabajo en comisiones.<\/p>\n<p><img loading=\"lazy\" class=\" size-full wp-image-3271\" src=\"http:\/\/www2.nasaacin.org\/wp-content\/uploads\/2012\/02\/asamper4.jpg\" border=\"0\" width=\"500\" height=\"375\" srcset=\"https:\/\/tejidohistorico.afrodescendientes.com\/wp-content\/uploads\/2012\/02\/asamper4.jpg 500w, https:\/\/tejidohistorico.afrodescendientes.com\/wp-content\/uploads\/2012\/02\/asamper4-300x225.jpg 300w\" sizes=\"(max-width: 500px) 100vw, 500px\" \/><\/p>\n<p>A la Asamblea Permanente llegaron representantes de los diferentes Tejidos de la ACIN. Todos con el \u00e1nimo de escuchar a la gente y de colaborar de acuerdo a cada funci\u00f3n.<\/p>\n<p><img loading=\"lazy\" class=\" size-full wp-image-3272\" src=\"http:\/\/www2.nasaacin.org\/wp-content\/uploads\/2012\/02\/asamper5.jpg\" border=\"0\" width=\"500\" height=\"375\" srcset=\"https:\/\/tejidohistorico.afrodescendientes.com\/wp-content\/uploads\/2012\/02\/asamper5.jpg 500w, https:\/\/tejidohistorico.afrodescendientes.com\/wp-content\/uploads\/2012\/02\/asamper5-300x225.jpg 300w\" sizes=\"(max-width: 500px) 100vw, 500px\" \/><\/p>\n<p>En estos espacios no puede faltar \u201cla olla comunitaria\u201d, la gente lleva pl\u00e1tano, yuca, papa, arracacha\u2026entre otros productos de la regi\u00f3n, para que todos puedan comer y as\u00ed puedan entre todos pensar en sus problem\u00e1ticas.<\/p>\n<p><img loading=\"lazy\" class=\" size-full wp-image-3273\" src=\"http:\/\/www2.nasaacin.org\/wp-content\/uploads\/2012\/02\/asamper6.jpg\" border=\"0\" width=\"500\" height=\"375\" srcset=\"https:\/\/tejidohistorico.afrodescendientes.com\/wp-content\/uploads\/2012\/02\/asamper6.jpg 500w, https:\/\/tejidohistorico.afrodescendientes.com\/wp-content\/uploads\/2012\/02\/asamper6-300x225.jpg 300w\" sizes=\"(max-width: 500px) 100vw, 500px\" \/><\/p>\n<p>Se escucharon palabras como: \u201clos comuneros ind\u00edgenas tenemos deberes y derechos en el territorio\u201d, \u201ctenemos que defender y sentir nuestro Plan de Vida\u201d y \u201cj\u00f3venes por falta de tierra y oportunidades se est\u00e1n yendo a los grupos armados (guerrilla, ej\u00e9rcito y polic\u00eda)\u201d, todo esto se manifest\u00f3 con preocupaci\u00f3n.<\/p>\n<p><img loading=\"lazy\" class=\" size-full wp-image-3274\" src=\"http:\/\/www2.nasaacin.org\/wp-content\/uploads\/2012\/02\/asamper7.jpg\" border=\"0\" width=\"500\" height=\"375\" srcset=\"https:\/\/tejidohistorico.afrodescendientes.com\/wp-content\/uploads\/2012\/02\/asamper7.jpg 500w, https:\/\/tejidohistorico.afrodescendientes.com\/wp-content\/uploads\/2012\/02\/asamper7-300x225.jpg 300w\" sizes=\"(max-width: 500px) 100vw, 500px\" \/><\/p>\n<p>En la Asamblea se reflexion\u00f3 sobre el conflicto de la guerra, rutas jur\u00eddicas, di\u00e1logos con los grupos armados, los mandatos que se sacaron hace a\u00f1os y las debilidades que hay en el proceso ind\u00edgena.<\/p>\n<p><img loading=\"lazy\" class=\" size-full wp-image-3275\" src=\"http:\/\/www2.nasaacin.org\/wp-content\/uploads\/2012\/02\/asamper8.jpg\" border=\"0\" width=\"500\" height=\"375\" srcset=\"https:\/\/tejidohistorico.afrodescendientes.com\/wp-content\/uploads\/2012\/02\/asamper8.jpg 500w, https:\/\/tejidohistorico.afrodescendientes.com\/wp-content\/uploads\/2012\/02\/asamper8-300x225.jpg 300w\" sizes=\"(max-width: 500px) 100vw, 500px\" \/><\/p>\n<p>Mientras algunos estaban reunidos en la vereda la Mina, en el casco urbano de Jambal\u00f3 la comunidad educativa se congreg\u00f3 en la escuela del \u00e1rea urbana para hablar sobre la explosi\u00f3n de un artefacto en manos de tres ni\u00f1os en la Instituci\u00f3n Educativa Bachillerato T\u00e9cnico Agr\u00edcola de Jambal\u00f3, Cauca.<\/p>\n<p><img loading=\"lazy\" class=\" size-full wp-image-3276\" src=\"http:\/\/www2.nasaacin.org\/wp-content\/uploads\/2012\/02\/asamper9.jpg\" border=\"0\" width=\"500\" height=\"375\" srcset=\"https:\/\/tejidohistorico.afrodescendientes.com\/wp-content\/uploads\/2012\/02\/asamper9.jpg 500w, https:\/\/tejidohistorico.afrodescendientes.com\/wp-content\/uploads\/2012\/02\/asamper9-300x225.jpg 300w\" sizes=\"(max-width: 500px) 100vw, 500px\" \/><\/p>\n<p>Desde el d\u00eda 8 de febrero del 2012, la Asamblea Permanente se extiende a la zona baja, zona media y zona alta del resguardo de Jambal\u00f3. Los sitios de control territorial se mantendr\u00e1n y la comunidad definir\u00e1 los pasos a seguir frente al conflicto armado que se vive en el territorio.<\/p>\n<p>\u00a0<\/p>\n<p><strong>Tejido de Comunicaci\u00f3n &#8211; ACIN<\/strong><\/p>\n<p>tejidocomunicacion@gmail.com<\/p>\n","protected":false},"excerpt":{"rendered":"<p>De acuerdo a la resoluci\u00f3n No\u00a0 005, del\u00a0 d\u00eda 2 de febrero del 2012, se ratificaron en asamblea los sitios de control en el Resguardo de Jambal\u00f3, los Kiwe Tegnas \u2013 Guardias [&hellip;]<\/p>\n","protected":false},"author":2,"featured_media":3268,"comment_status":"open","ping_status":"open","sticky":false,"template":"","format":"standard","meta":[],"categories":[73],"tags":[],"_links":{"self":[{"href":"https:\/\/tejidohistorico.afrodescendientes.com\/index.php\/wp-json\/wp\/v2\/posts\/3277"}],"collection":[{"href":"https:\/\/tejidohistorico.afrodescendientes.com\/index.php\/wp-json\/wp\/v2\/posts"}],"about":[{"href":"https:\/\/tejidohistorico.afrodescendientes.com\/index.php\/wp-json\/wp\/v2\/types\/post"}],"author":[{"embeddable":true,"href":"https:\/\/tejidohistorico.afrodescendientes.com\/index.php\/wp-json\/wp\/v2\/users\/2"}],"replies":[{"embeddable":true,"href":"https:\/\/tejidohistorico.afrodescendientes.com\/index.php\/wp-json\/wp\/v2\/comments?post=3277"}],"version-history":[{"count":0,"href":"https:\/\/tejidohistorico.afrodescendientes.com\/index.php\/wp-json\/wp\/v2\/posts\/3277\/revisions"}],"wp:featuredmedia":[{"embeddable":true,"href":"https:\/\/tejidohistorico.afrodescendientes.com\/index.php\/wp-json\/wp\/v2\/media\/3268"}],"wp:attachment":[{"href":"https:\/\/tejidohistorico.afrodescendientes.com\/index.php\/wp-json\/wp\/v2\/media?parent=3277"}],"wp:term":[{"taxonomy":"category","embeddable":true,"href":"https:\/\/tejidohistorico.afrodescendientes.com\/index.php\/wp-json\/wp\/v2\/categories?post=3277"},{"taxonomy":"post_tag","embeddable":true,"href":"https:\/\/tejidohistorico.afrodescendientes.com\/index.php\/wp-json\/wp\/v2\/tags?post=3277"}],"curies":[{"name":"wp","href":"https:\/\/api.w.org\/{rel}","templated":true}]}}