{"id":3295,"date":"2012-02-10T23:21:53","date_gmt":"2012-02-10T23:21:53","guid":{"rendered":"http:\/\/www2.nasaacin.org\/index.php\/2012\/02\/10\/de-gatilleros-y-grafiteros185\/"},"modified":"2012-02-10T23:21:53","modified_gmt":"2012-02-10T23:21:53","slug":"de-gatilleros-y-grafiteros185","status":"publish","type":"post","link":"https:\/\/tejidohistorico.afrodescendientes.com\/index.php\/2012\/02\/10\/de-gatilleros-y-grafiteros185\/","title":{"rendered":"De gatilleros y grafiteros"},"content":{"rendered":"<p><p>El patrullero de la Polic\u00eda nacional, Wilmer Antonio Alarc\u00f3n (de 25\u00a0a\u00f1os) fue enviado ayer a una celda de la c\u00e1rcel La Picota, en raz\u00f3n a\u00a0la medida de aseguramiento proferida por un juez, por haber\u00a0asesinado a Diego Felipe Becerra (de 16 a\u00f1os), llamado por los\u00a0medios masivos, como el joven grafitero.<\/p><\/p>\n","protected":false},"excerpt":{"rendered":"<p>El patrullero de la Polic\u00eda nacional, Wilmer Antonio Alarc\u00f3n (de 25\u00a0a\u00f1os) fue enviado ayer a una celda de la c\u00e1rcel La Picota, en raz\u00f3n a\u00a0la medida de aseguramiento proferida por un juez, [&hellip;]<\/p>\n","protected":false},"author":2,"featured_media":0,"comment_status":"open","ping_status":"open","sticky":false,"template":"","format":"standard","meta":[],"categories":[61],"tags":[],"_links":{"self":[{"href":"https:\/\/tejidohistorico.afrodescendientes.com\/index.php\/wp-json\/wp\/v2\/posts\/3295"}],"collection":[{"href":"https:\/\/tejidohistorico.afrodescendientes.com\/index.php\/wp-json\/wp\/v2\/posts"}],"about":[{"href":"https:\/\/tejidohistorico.afrodescendientes.com\/index.php\/wp-json\/wp\/v2\/types\/post"}],"author":[{"embeddable":true,"href":"https:\/\/tejidohistorico.afrodescendientes.com\/index.php\/wp-json\/wp\/v2\/users\/2"}],"replies":[{"embeddable":true,"href":"https:\/\/tejidohistorico.afrodescendientes.com\/index.php\/wp-json\/wp\/v2\/comments?post=3295"}],"version-history":[{"count":0,"href":"https:\/\/tejidohistorico.afrodescendientes.com\/index.php\/wp-json\/wp\/v2\/posts\/3295\/revisions"}],"wp:attachment":[{"href":"https:\/\/tejidohistorico.afrodescendientes.com\/index.php\/wp-json\/wp\/v2\/media?parent=3295"}],"wp:term":[{"taxonomy":"category","embeddable":true,"href":"https:\/\/tejidohistorico.afrodescendientes.com\/index.php\/wp-json\/wp\/v2\/categories?post=3295"},{"taxonomy":"post_tag","embeddable":true,"href":"https:\/\/tejidohistorico.afrodescendientes.com\/index.php\/wp-json\/wp\/v2\/tags?post=3295"}],"curies":[{"name":"wp","href":"https:\/\/api.w.org\/{rel}","templated":true}]}}