{"id":332,"date":"2010-08-02T23:20:45","date_gmt":"2010-08-02T23:20:45","guid":{"rendered":"http:\/\/www2.nasaacin.org\/index.php\/2010\/08\/02\/conflictos-por-la-derogacion-de-la-ley-30-se-endurecen-y-dejan-muertos-y-heridos\/"},"modified":"2010-08-02T23:20:45","modified_gmt":"2010-08-02T23:20:45","slug":"conflictos-por-la-derogacion-de-la-ley-30-se-endurecen-y-dejan-muertos-y-heridos","status":"publish","type":"post","link":"https:\/\/tejidohistorico.afrodescendientes.com\/index.php\/2010\/08\/02\/conflictos-por-la-derogacion-de-la-ley-30-se-endurecen-y-dejan-muertos-y-heridos\/","title":{"rendered":"Conflictos por la derogaci\u00f3n de la Ley 30 se endurecen y dejan muertos y heridos"},"content":{"rendered":"<p style=\"text-align: justify;\"><span style=\"color: #336699;\"><strong> <\/strong><\/span><span style=\"font-size: xx-small;\"> <\/span>En las primeras horas de la ma\u00f1ana de ayer (8), los  miembros de organizaciones sindicales, ind\u00edgenas, campesinas y pueblos  en general entraron en conflicto con las fuerzas de seguridad de Panam\u00e1,  durante las movilizaciones por la derogaci\u00f3n de la Ley 30. Las fuerzas  de seguridad respondieron a las protestas con violencia y bombas de  gases lacrim\u00f3genos, dejando muchos heridos y a la poblaci\u00f3n con la salud  vulnerada. La fuerte represi\u00f3n tambi\u00e9n provoc\u00f3 varias detenciones.<br \/> <span class=\"resaltado\">Descargue el <\/span><a href=\"..\/apc-aa-files\/646f63756d656e746f732e2e2e2e2e2e\/Conflictos_por_la_derogaci_n_de_la_Ley_30_se_endurecen_y_dejan_muertos_y_heridos.doc\">documento <\/a><\/p>\n<p><a href=\"..\/apc-aa-files\/646f63756d656e746f732e2e2e2e2e2e\/MINGA_COMUNERA_200_A_OS.pdf\"><\/a><\/p>\n","protected":false},"excerpt":{"rendered":"<p>En las primeras horas de la ma\u00f1ana de ayer (8), los miembros de organizaciones sindicales, ind\u00edgenas, campesinas y pueblos en general entraron en conflicto con las fuerzas de seguridad de Panam\u00e1, durante [&hellip;]<\/p>\n","protected":false},"author":1,"featured_media":0,"comment_status":"open","ping_status":"open","sticky":false,"template":"","format":"standard","meta":[],"categories":[61],"tags":[],"_links":{"self":[{"href":"https:\/\/tejidohistorico.afrodescendientes.com\/index.php\/wp-json\/wp\/v2\/posts\/332"}],"collection":[{"href":"https:\/\/tejidohistorico.afrodescendientes.com\/index.php\/wp-json\/wp\/v2\/posts"}],"about":[{"href":"https:\/\/tejidohistorico.afrodescendientes.com\/index.php\/wp-json\/wp\/v2\/types\/post"}],"author":[{"embeddable":true,"href":"https:\/\/tejidohistorico.afrodescendientes.com\/index.php\/wp-json\/wp\/v2\/users\/1"}],"replies":[{"embeddable":true,"href":"https:\/\/tejidohistorico.afrodescendientes.com\/index.php\/wp-json\/wp\/v2\/comments?post=332"}],"version-history":[{"count":0,"href":"https:\/\/tejidohistorico.afrodescendientes.com\/index.php\/wp-json\/wp\/v2\/posts\/332\/revisions"}],"wp:attachment":[{"href":"https:\/\/tejidohistorico.afrodescendientes.com\/index.php\/wp-json\/wp\/v2\/media?parent=332"}],"wp:term":[{"taxonomy":"category","embeddable":true,"href":"https:\/\/tejidohistorico.afrodescendientes.com\/index.php\/wp-json\/wp\/v2\/categories?post=332"},{"taxonomy":"post_tag","embeddable":true,"href":"https:\/\/tejidohistorico.afrodescendientes.com\/index.php\/wp-json\/wp\/v2\/tags?post=332"}],"curies":[{"name":"wp","href":"https:\/\/api.w.org\/{rel}","templated":true}]}}