{"id":3329,"date":"2012-02-20T16:39:16","date_gmt":"2012-02-20T16:39:16","guid":{"rendered":"http:\/\/www2.nasaacin.org\/index.php\/2012\/02\/20\/el-negocio-de-la-salud\/"},"modified":"2012-02-20T16:39:16","modified_gmt":"2012-02-20T16:39:16","slug":"el-negocio-de-la-salud","status":"publish","type":"post","link":"https:\/\/tejidohistorico.afrodescendientes.com\/index.php\/2012\/02\/20\/el-negocio-de-la-salud\/","title":{"rendered":"El negocio de la salud"},"content":{"rendered":"<p id=\"texto1\" class=\"texto_articulo\">La salud en Colombia  tiene en su coraz\u00f3n y en su cerebro varios tumores cancerosos, cuya  patolog\u00eda se halla en la lucha de intereses que genera todo negocio  mercantil. La Constituci\u00f3n Pol\u00edtica prescribe (art. 49) toda una serie  de declaraciones, que de cumplirse har\u00edan de nuestra salud el servicio  m\u00e1s eficiente y solidario del planeta.<\/p>\n<p>  <!--more-->  <\/p>\n<p id=\"texto1\" class=\"texto_articulo\">En primer lugar, la atenci\u00f3n a la  salud es un servicio p\u00fablico a cargo del Estado; en segundo lugar, se  le garantiza a todas las personas el acceso a los servicios de  promoci\u00f3n, protecci\u00f3n y recuperaci\u00f3n de la salud; y, en tercer lugar, al  Estado corresponde organizar, dirigir y reglamentar la prestaci\u00f3n del  servicio de salud a todos los habitantes, conforme a los principios de  eficiencia, universalidad y solidaridad. Pero la Constituci\u00f3n tambi\u00e9n  agrega en este apartado dos cosas m\u00e1s: por una parte, el deber de  establecer las pol\u00edticas para la prestaci\u00f3n de los servicios de salud  por entidades privadas; y por la otra, la obligaci\u00f3n de ejercer  vigilancia y control. <\/p>\n<p>Con la expedici\u00f3n de la ley 100 de 1993 se desfiguraron por completo  los principios constitucionales, pues hizo del servicio p\u00fablico de  salud el m\u00e1s prosaico y mundano de los negocios, entreg\u00e1ndose como  cualquier mercanc\u00eda a los particulares. De ah\u00ed se derivan todos sus  vicios y dolencias, que son innumerables. Con la creaci\u00f3n de las EPS se  estableci\u00f3 la intermediaci\u00f3n financiera entre el Estado que provee los  recursos y el paciente. Existe un Plan Obligatorio de Salud \u2013POS\u2013, en el  que se incluyen los medicamentos que deben estar al alcance de los  pacientes, pero este ha desatado una guerra entre los laboratorios, en  la que el campo de batalla somos los usuarios o clientes del negocio.  Supuestamente las partes legitimadas en la discusi\u00f3n del POS son: los  laboratorios, los pacientes y el Estado. Pero yendo a la realidad, todo  queda en manos de los monopolios, porque las asociaciones de usuarios no  tienen ninguna independencia, pues son las propias multinacionales de  las drogas las que sostienen a esas asociaciones, mediante donaciones.  Y, los organismos del Estado que deben hacer la lista del POS est\u00e1n  infiltrados por los laboratorios. Por eso, hay mensajes como este:  \u201cEstimado Philippe, lo convenido\u201d. Lo convenido es aquello que se  negoci\u00f3 con quien redacta el decreto, o le habla al o\u00eddo a quien lo  redacta. <\/p>\n<p>Y, de la infinita lista de llagas que carcomen la salud, el especio  s\u00f3lo permite mencionar dos m\u00e1s. Afiliar al sistema a una empleada del  servicio dom\u00e9stico o a un trabajador independiente se ha convertido un  calvario: debe recurrirse a tres o m\u00e1s organismos, ubicados, en el caso  de Bogot\u00e1, en distintos lugares de la ciudad, porque el negocio es tan  rentable que alcanza para que haya una distribuci\u00f3n amigable entre sus  due\u00f1os: salud, riesgos profesionales, pensi\u00f3n y cesant\u00edas. Cuando  exist\u00eda el Seguro Social, todo se hac\u00eda en este organismo, sin tanta  traba y dificultad. La otra dolencia es la \u00e9tica m\u00e9dica. El sistema  quebrant\u00f3 el juramento de Hip\u00f3crates, porque el profesional de la  medicina ya no est\u00e1 al servicio de sus pacientes sino de las EPS y \u2013otra  vez\u2013 de los laboratorios. Esto trae consecuencias nefastas para el  paciente: el m\u00e9dico carece del tiempo suficiente para atenderlo, y como  no recibe un salario digno, tiene que completar sus ingresos enviando al  paciente a que compre medicamentos distribuidos exclusivamente por  determinado laboratorio. En suma, el Estado ha privatizado la salud, y  ha sido ineficaz en la ejecuci\u00f3n de sus deberes constitucionales de  vigilancia y control. No de otra manera se explica el robo del dinero de  la salud por los intermediarios financieros, los administradores del  negocio, y, los grupos paramilitares, en los departamentos y municipios.<\/p>\n<p class=\"texto_articulo\">http:\/\/www.semana.com\/opinion\/negocio-salud\/172445-3.aspx<\/p>\n","protected":false},"excerpt":{"rendered":"<p>La salud en Colombia tiene en su coraz\u00f3n y en su cerebro varios tumores cancerosos, cuya patolog\u00eda se halla en la lucha de intereses que genera todo negocio mercantil. La Constituci\u00f3n Pol\u00edtica [&hellip;]<\/p>\n","protected":false},"author":1,"featured_media":0,"comment_status":"open","ping_status":"open","sticky":false,"template":"","format":"standard","meta":[],"categories":[75],"tags":[],"_links":{"self":[{"href":"https:\/\/tejidohistorico.afrodescendientes.com\/index.php\/wp-json\/wp\/v2\/posts\/3329"}],"collection":[{"href":"https:\/\/tejidohistorico.afrodescendientes.com\/index.php\/wp-json\/wp\/v2\/posts"}],"about":[{"href":"https:\/\/tejidohistorico.afrodescendientes.com\/index.php\/wp-json\/wp\/v2\/types\/post"}],"author":[{"embeddable":true,"href":"https:\/\/tejidohistorico.afrodescendientes.com\/index.php\/wp-json\/wp\/v2\/users\/1"}],"replies":[{"embeddable":true,"href":"https:\/\/tejidohistorico.afrodescendientes.com\/index.php\/wp-json\/wp\/v2\/comments?post=3329"}],"version-history":[{"count":0,"href":"https:\/\/tejidohistorico.afrodescendientes.com\/index.php\/wp-json\/wp\/v2\/posts\/3329\/revisions"}],"wp:attachment":[{"href":"https:\/\/tejidohistorico.afrodescendientes.com\/index.php\/wp-json\/wp\/v2\/media?parent=3329"}],"wp:term":[{"taxonomy":"category","embeddable":true,"href":"https:\/\/tejidohistorico.afrodescendientes.com\/index.php\/wp-json\/wp\/v2\/categories?post=3329"},{"taxonomy":"post_tag","embeddable":true,"href":"https:\/\/tejidohistorico.afrodescendientes.com\/index.php\/wp-json\/wp\/v2\/tags?post=3329"}],"curies":[{"name":"wp","href":"https:\/\/api.w.org\/{rel}","templated":true}]}}