{"id":335,"date":"2010-07-12T23:24:57","date_gmt":"2010-07-12T23:24:57","guid":{"rendered":"http:\/\/www2.nasaacin.org\/index.php\/2010\/07\/12\/mineria-de-montana-al-banquillo\/"},"modified":"2010-07-12T23:24:57","modified_gmt":"2010-07-12T23:24:57","slug":"mineria-de-montana-al-banquillo","status":"publish","type":"post","link":"https:\/\/tejidohistorico.afrodescendientes.com\/index.php\/2010\/07\/12\/mineria-de-montana-al-banquillo\/","title":{"rendered":"Miner\u00eda de monta\u00f1a, al banquillo"},"content":{"rendered":"<p style=\"text-align: justify;\">Es un hecho que no podemos ignorar ahora que  Colombia est\u00e1 entrando en una era de intensificaci\u00f3n de la miner\u00eda en  los ecosistemas de monta\u00f1a, que, no sin raz\u00f3n, ha sido objeto de una  creciente controversia p\u00fablica, como lo evidencian los casos de los  proyectos para la extracci\u00f3n de oro en el p\u00e1ramo de Santurb\u00e1n, en  Santander, y en La Colosa, en el Tolima.<\/p>\n<p><span class=\"resaltado\">Descargue el <\/span><a href=\"..\/apc-aa-files\/646f63756d656e746f732e2e2e2e2e2e\/Mineria_de_monta_a__al_banquillo.doc\">documento <\/a><\/p>\n","protected":false},"excerpt":{"rendered":"<p>Es un hecho que no podemos ignorar ahora que Colombia est\u00e1 entrando en una era de intensificaci\u00f3n de la miner\u00eda en los ecosistemas de monta\u00f1a, que, no sin raz\u00f3n, ha sido objeto [&hellip;]<\/p>\n","protected":false},"author":1,"featured_media":0,"comment_status":"open","ping_status":"open","sticky":false,"template":"","format":"standard","meta":[],"categories":[61],"tags":[],"_links":{"self":[{"href":"https:\/\/tejidohistorico.afrodescendientes.com\/index.php\/wp-json\/wp\/v2\/posts\/335"}],"collection":[{"href":"https:\/\/tejidohistorico.afrodescendientes.com\/index.php\/wp-json\/wp\/v2\/posts"}],"about":[{"href":"https:\/\/tejidohistorico.afrodescendientes.com\/index.php\/wp-json\/wp\/v2\/types\/post"}],"author":[{"embeddable":true,"href":"https:\/\/tejidohistorico.afrodescendientes.com\/index.php\/wp-json\/wp\/v2\/users\/1"}],"replies":[{"embeddable":true,"href":"https:\/\/tejidohistorico.afrodescendientes.com\/index.php\/wp-json\/wp\/v2\/comments?post=335"}],"version-history":[{"count":0,"href":"https:\/\/tejidohistorico.afrodescendientes.com\/index.php\/wp-json\/wp\/v2\/posts\/335\/revisions"}],"wp:attachment":[{"href":"https:\/\/tejidohistorico.afrodescendientes.com\/index.php\/wp-json\/wp\/v2\/media?parent=335"}],"wp:term":[{"taxonomy":"category","embeddable":true,"href":"https:\/\/tejidohistorico.afrodescendientes.com\/index.php\/wp-json\/wp\/v2\/categories?post=335"},{"taxonomy":"post_tag","embeddable":true,"href":"https:\/\/tejidohistorico.afrodescendientes.com\/index.php\/wp-json\/wp\/v2\/tags?post=335"}],"curies":[{"name":"wp","href":"https:\/\/api.w.org\/{rel}","templated":true}]}}