{"id":3386,"date":"2012-02-27T22:11:21","date_gmt":"2012-02-27T22:11:21","guid":{"rendered":"http:\/\/www2.nasaacin.org\/index.php\/2012\/02\/27\/cordoba-la-violencia-se-extiende-en-tierralta\/"},"modified":"2012-02-27T22:11:21","modified_gmt":"2012-02-27T22:11:21","slug":"cordoba-la-violencia-se-extiende-en-tierralta","status":"publish","type":"post","link":"https:\/\/tejidohistorico.afrodescendientes.com\/index.php\/2012\/02\/27\/cordoba-la-violencia-se-extiende-en-tierralta\/","title":{"rendered":"C\u00f3rdoba: La violencia se extiende en Tierralta"},"content":{"rendered":"<p><p>El d\u00eda 22 de febrero del presente a\u00f1o, en la comunidad de Kiparado, nuestro hermano y l\u00edder HONO DOMICO DOMICO de 18 a\u00f1os de edad mientras se encontraba de cacer\u00eda, fue v\u00edctima de una mina antipersonal y mientras lo trasladaban hacia el municipio de Tierralta falleci\u00f3.<\/p><\/p>\n","protected":false},"excerpt":{"rendered":"<p>El d\u00eda 22 de febrero del presente a\u00f1o, en la comunidad de Kiparado, nuestro hermano y l\u00edder HONO DOMICO DOMICO de 18 a\u00f1os de edad mientras se encontraba de cacer\u00eda, fue v\u00edctima [&hellip;]<\/p>\n","protected":false},"author":2,"featured_media":0,"comment_status":"open","ping_status":"open","sticky":false,"template":"","format":"standard","meta":[],"categories":[61],"tags":[],"_links":{"self":[{"href":"https:\/\/tejidohistorico.afrodescendientes.com\/index.php\/wp-json\/wp\/v2\/posts\/3386"}],"collection":[{"href":"https:\/\/tejidohistorico.afrodescendientes.com\/index.php\/wp-json\/wp\/v2\/posts"}],"about":[{"href":"https:\/\/tejidohistorico.afrodescendientes.com\/index.php\/wp-json\/wp\/v2\/types\/post"}],"author":[{"embeddable":true,"href":"https:\/\/tejidohistorico.afrodescendientes.com\/index.php\/wp-json\/wp\/v2\/users\/2"}],"replies":[{"embeddable":true,"href":"https:\/\/tejidohistorico.afrodescendientes.com\/index.php\/wp-json\/wp\/v2\/comments?post=3386"}],"version-history":[{"count":0,"href":"https:\/\/tejidohistorico.afrodescendientes.com\/index.php\/wp-json\/wp\/v2\/posts\/3386\/revisions"}],"wp:attachment":[{"href":"https:\/\/tejidohistorico.afrodescendientes.com\/index.php\/wp-json\/wp\/v2\/media?parent=3386"}],"wp:term":[{"taxonomy":"category","embeddable":true,"href":"https:\/\/tejidohistorico.afrodescendientes.com\/index.php\/wp-json\/wp\/v2\/categories?post=3386"},{"taxonomy":"post_tag","embeddable":true,"href":"https:\/\/tejidohistorico.afrodescendientes.com\/index.php\/wp-json\/wp\/v2\/tags?post=3386"}],"curies":[{"name":"wp","href":"https:\/\/api.w.org\/{rel}","templated":true}]}}